{"id":547,"date":"2024-08-26T03:59:57","date_gmt":"2024-08-26T03:59:57","guid":{"rendered":"https:\/\/packagingbucket.com\/?p=547"},"modified":"2024-09-03T04:01:48","modified_gmt":"2024-09-03T04:01:48","slug":"500ml-round-food-grade-pp-plastic-buckets","status":"publish","type":"post","link":"https:\/\/packagingbucket.com\/pt\/500ml-round-food-grade-pp-plastic-buckets\/","title":{"rendered":"Baldes redondos de pl\u00e1stico PP de qualidade alimentar 500ML com cores personaliz\u00e1veis e impress\u00e3o do log\u00f3tipo"},"content":{"rendered":"<div data-elementor-type=\"wp-post\" data-elementor-id=\"547\" class=\"elementor elementor-547\" data-elementor-settings=\"{&quot;ha_cmc_init_switcher&quot;:&quot;no&quot;}\" data-elementor-post-type=\"post\">\n\t\t\t\t<div class=\"elementor-element elementor-element-1b9c29b e-flex e-con-boxed e-con e-parent\" data-id=\"1b9c29b\" data-element_type=\"container\" data-settings=\"{&quot;_ha_eqh_enable&quot;:false}\">\n\t\t\t\t\t<div class=\"e-con-inner\">\n\t\t\t\t<div class=\"elementor-element elementor-element-6bc93a4 elementor-widget elementor-widget-theme-post-title elementor-page-title elementor-widget-heading\" data-id=\"6bc93a4\" data-element_type=\"widget\" data-widget_type=\"theme-post-title.default\">\n\t\t\t\t<div class=\"elementor-widget-container\">\n\t\t\t\t\t<h1 class=\"elementor-heading-title elementor-size-default\">Baldes redondos de pl\u00e1stico PP de qualidade alimentar 500ML com cores personaliz\u00e1veis e impress\u00e3o do log\u00f3tipo<\/h1>\t\t\t\t<\/div>\n\t\t\t\t<\/div>\n\t\t\t\t\t<\/div>\n\t\t\t\t<\/div>\n\t\t<div class=\"elementor-element elementor-element-9dad755 e-flex e-con-boxed e-con e-parent\" data-id=\"9dad755\" data-element_type=\"container\" data-settings=\"{&quot;_ha_eqh_enable&quot;:false}\">\n\t\t\t\t\t<div class=\"e-con-inner\">\n\t\t<div class=\"elementor-element elementor-element-8dd9f38 e-con-full e-flex e-con e-child\" data-id=\"8dd9f38\" data-element_type=\"container\" data-settings=\"{&quot;_ha_eqh_enable&quot;:false}\">\n\t\t\t\t<div class=\"elementor-element elementor-element-ee65b6e elementor-skin-slideshow elementor-arrows-yes elementor-widget elementor-widget-media-carousel\" data-id=\"ee65b6e\" data-element_type=\"widget\" data-settings=\"{&quot;skin&quot;:&quot;slideshow&quot;,&quot;autoplay_speed&quot;:3000,&quot;effect&quot;:&quot;slide&quot;,&quot;show_arrows&quot;:&quot;yes&quot;,&quot;speed&quot;:500,&quot;autoplay&quot;:&quot;yes&quot;,&quot;loop&quot;:&quot;yes&quot;,&quot;pause_on_hover&quot;:&quot;yes&quot;,&quot;pause_on_interaction&quot;:&quot;yes&quot;,&quot;space_between&quot;:{&quot;unit&quot;:&quot;px&quot;,&quot;size&quot;:10,&quot;sizes&quot;:[]},&quot;space_between_tablet&quot;:{&quot;unit&quot;:&quot;px&quot;,&quot;size&quot;:10,&quot;sizes&quot;:[]},&quot;space_between_mobile&quot;:{&quot;unit&quot;:&quot;px&quot;,&quot;size&quot;:10,&quot;sizes&quot;:[]}}\" data-widget_type=\"media-carousel.default\">\n\t\t\t\t<div class=\"elementor-widget-container\">\n\t\t\t\t\t\t\t\t\t<div class=\"elementor-swiper\">\n\t\t\t\t\t<div class=\"elementor-main-swiper swiper\" role=\"region\" aria-roledescription=\"carousel\" aria-label=\"Slides\" data-no-translation-aria-label=\"\">\n\t\t\t\t<div class=\"swiper-wrapper\">\n\t\t\t\t\t\t\t\t\t\t\t<div class=\"swiper-slide\" role=\"group\" aria-roledescription=\"slide\">\n\t\t\t\t\t\t\t\t\t<div class=\"elementor-carousel-image\" role=\"img\" aria-label=\"500ML Round Packaging Buckets-2\" style=\"background-image: url(&#039;https:\/\/packagingbucket.com\/wp-content\/uploads\/2024\/08\/500ML-Round-Packaging-Buckets-2.jpg&#039;)\">\n\n\t\t\t\n\t\t\t\t\t<\/div>\n\t\t\t\t\t\t\t\t<\/div>\n\t\t\t\t\t\t\t\t\t\t\t<div class=\"swiper-slide\" role=\"group\" aria-roledescription=\"slide\">\n\t\t\t\t\t\t\t\t\t<div class=\"elementor-carousel-image\" role=\"img\" aria-label=\"500ML Round Packaging Buckets-3\" style=\"background-image: url(&#039;https:\/\/packagingbucket.com\/wp-content\/uploads\/2024\/08\/500ML-Round-Packaging-Buckets-3.jpg&#039;)\">\n\n\t\t\t\n\t\t\t\t\t<\/div>\n\t\t\t\t\t\t\t\t<\/div>\n\t\t\t\t\t\t\t\t\t\t\t<div class=\"swiper-slide\" role=\"group\" aria-roledescription=\"slide\">\n\t\t\t\t\t\t\t\t\t<div class=\"elementor-carousel-image\" role=\"img\" aria-label=\"500ML Round Packaging Buckets-4\" style=\"background-image: url(&#039;https:\/\/packagingbucket.com\/wp-content\/uploads\/2024\/08\/500ML-Round-Packaging-Buckets-4.jpg&#039;)\">\n\n\t\t\t\n\t\t\t\t\t<\/div>\n\t\t\t\t\t\t\t\t<\/div>\n\t\t\t\t\t\t\t\t\t<\/div>\n\t\t\t\t\t\t\t\t\t\t\t\t\t\t\t<div class=\"elementor-swiper-button elementor-swiper-button-prev\" role=\"button\" tabindex=\"0\" aria-label=\"\u524d\u3078\" data-no-translation-aria-label=\"\">\n\t\t\t\t\t\t\t<svg aria-hidden=\"true\" class=\"e-font-icon-svg e-eicon-chevron-left\" viewbox=\"0 0 1000 1000\" xmlns=\"http:\/\/www.w3.org\/2000\/svg\"><path d=\"M646 125C629 125 613 133 604 142L308 442C296 454 292 471 292 487 292 504 296 521 308 533L604 854C617 867 629 875 646 875 663 875 679 871 692 858 704 846 713 829 713 812 713 796 708 779 692 767L438 487 692 225C700 217 708 204 708 187 708 171 704 154 692 142 675 129 663 125 646 125Z\"><\/path><\/svg>\t\t\t\t\t\t<\/div>\n\t\t\t\t\t\t<div class=\"elementor-swiper-button elementor-swiper-button-next\" role=\"button\" tabindex=\"0\" aria-label=\"\u6b21\u306e\u30da\u30fc\u30b8\" data-no-translation-aria-label=\"\">\n\t\t\t\t\t\t\t<svg aria-hidden=\"true\" class=\"e-font-icon-svg e-eicon-chevron-right\" viewbox=\"0 0 1000 1000\" xmlns=\"http:\/\/www.w3.org\/2000\/svg\"><path d=\"M696 533C708 521 713 504 713 487 713 471 708 454 696 446L400 146C388 133 375 125 354 125 338 125 325 129 313 142 300 154 292 171 292 187 292 204 296 221 308 233L563 492 304 771C292 783 288 800 288 817 288 833 296 850 308 863 321 871 338 875 354 875 371 875 388 867 400 854L696 533Z\"><\/path><\/svg>\t\t\t\t\t\t<\/div>\n\t\t\t\t\t\t\t\t\t\t\t\t\t\t\t\t\t<\/div>\n\t\t\t\t<\/div>\n\t\t\t\t\t\t\t\t<div class=\"elementor-swiper\">\n\t\t\t\t\t<div class=\"elementor-main-swiper swiper elementor-thumbnails-swiper swiper\" role=\"region region\" aria-roledescription=\"carousel carousel\" aria-label=\"Slides Slides\" data-no-translation-aria-label=\"\">\n\t\t\t\t<div class=\"swiper-wrapper\">\n\t\t\t\t\t\t\t\t\t\t\t<div class=\"swiper-slide\" role=\"group\" aria-roledescription=\"slide\">\n\t\t\t\t\t\t\t\t\t<div class=\"elementor-carousel-image\" role=\"img\" aria-label=\"500ML Round Packaging Buckets-2\" style=\"background-image: url(&#039;https:\/\/packagingbucket.com\/wp-content\/uploads\/2024\/08\/500ML-Round-Packaging-Buckets-2.jpg&#039;)\">\n\n\t\t\t\n\t\t\t\t\t<\/div>\n\t\t\t\t\t\t\t\t<\/div>\n\t\t\t\t\t\t\t\t\t\t\t<div class=\"swiper-slide\" role=\"group\" aria-roledescription=\"slide\">\n\t\t\t\t\t\t\t\t\t<div class=\"elementor-carousel-image\" role=\"img\" aria-label=\"500ML Round Packaging Buckets-3\" style=\"background-image: url(&#039;https:\/\/packagingbucket.com\/wp-content\/uploads\/2024\/08\/500ML-Round-Packaging-Buckets-3.jpg&#039;)\">\n\n\t\t\t\n\t\t\t\t\t<\/div>\n\t\t\t\t\t\t\t\t<\/div>\n\t\t\t\t\t\t\t\t\t\t\t<div class=\"swiper-slide\" role=\"group\" aria-roledescription=\"slide\">\n\t\t\t\t\t\t\t\t\t<div class=\"elementor-carousel-image\" role=\"img\" aria-label=\"500ML Round Packaging Buckets-4\" style=\"background-image: url(&#039;https:\/\/packagingbucket.com\/wp-content\/uploads\/2024\/08\/500ML-Round-Packaging-Buckets-4.jpg&#039;)\">\n\n\t\t\t\n\t\t\t\t\t<\/div>\n\t\t\t\t\t\t\t\t<\/div>\n\t\t\t\t\t\t\t\t\t<\/div>\n\t\t\t\t\t\t\t\t\t\t\t\t\t\t\t\t\t\t\t\t\t<\/div>\n\t\t\t\t<\/div>\n\t\t\t\t\t\t\t\t<\/div>\n\t\t\t\t<\/div>\n\t\t\t\t<\/div>\n\t\t<div class=\"elementor-element elementor-element-d8cf1ea e-con-full e-flex e-con e-child\" data-id=\"d8cf1ea\" data-element_type=\"container\" data-settings=\"{&quot;_ha_eqh_enable&quot;:false}\">\n\t\t\t\t<div class=\"elementor-element elementor-element-c5bae44 elementor-button-align-stretch elementor-widget elementor-widget-form\" data-id=\"c5bae44\" data-element_type=\"widget\" data-settings=\"{&quot;step_next_label&quot;:&quot;Next&quot;,&quot;step_previous_label&quot;:&quot;Previous&quot;,&quot;button_width&quot;:&quot;100&quot;,&quot;step_type&quot;:&quot;number_text&quot;,&quot;step_icon_shape&quot;:&quot;circle&quot;}\" data-widget_type=\"form.default\">\n\t\t\t\t<div class=\"elementor-widget-container\">\n\t\t\t\t\t\t\t<form class=\"elementor-form\" method=\"post\" name=\"New Form\" aria-label=\"New Form\" action=\"\">\n\t\t\t<input type=\"hidden\" name=\"post_id\" value=\"547\"\/>\n\t\t\t<input type=\"hidden\" name=\"form_id\" value=\"c5bae44\"\/>\n\t\t\t<input type=\"hidden\" name=\"referer_title\" value=\"Hot Sale 500ML Round Food-Grade PP Plastic Buckets with Customizable Colors and Logo Printing\" \/>\n\n\t\t\t\t\t\t\t<input type=\"hidden\" name=\"queried_id\" value=\"547\"\/>\n\t\t\t\n\t\t\t<div class=\"elementor-form-fields-wrapper elementor-labels-above\">\n\t\t\t\t\t\t\t\t<div class=\"elementor-field-type-text elementor-field-group elementor-column elementor-field-group-name elementor-col-50\">\n\t\t\t\t\t\t\t\t\t\t\t\t<label for=\"form-field-name\" class=\"elementor-field-label\">\n\t\t\t\t\t\t\t\tNome\t\t\t\t\t\t\t<\/label>\n\t\t\t\t\t\t\t\t\t\t\t\t\t\t<input size=\"1\" type=\"text\" name=\"form_fields[name]\" id=\"form-field-name\" class=\"elementor-field elementor-size-sm  elementor-field-textual\" placeholder=\"Nome\">\n\t\t\t\t\t\t\t\t\t\t\t<\/div>\n\t\t\t\t\t\t\t\t<div class=\"elementor-field-type-text elementor-field-group elementor-column elementor-field-group-field_927622f elementor-col-50\">\n\t\t\t\t\t\t\t\t\t\t\t\t<label for=\"form-field-field_927622f\" class=\"elementor-field-label\">\n\t\t\t\t\t\t\t\tEmpresa\t\t\t\t\t\t\t<\/label>\n\t\t\t\t\t\t\t\t\t\t\t\t\t\t<input size=\"1\" type=\"text\" name=\"form_fields[field_927622f]\" id=\"form-field-field_927622f\" class=\"elementor-field elementor-size-sm  elementor-field-textual\" placeholder=\"Empresa\">\n\t\t\t\t\t\t\t\t\t\t\t<\/div>\n\t\t\t\t\t\t\t\t<div class=\"elementor-field-type-text elementor-field-group elementor-column elementor-field-group-field_b349b74 elementor-col-50\">\n\t\t\t\t\t\t\t\t\t\t\t\t<label for=\"form-field-field_b349b74\" class=\"elementor-field-label\">\n\t\t\t\t\t\t\t\tTelefone\t\t\t\t\t\t\t<\/label>\n\t\t\t\t\t\t\t\t\t\t\t\t\t\t<input size=\"1\" type=\"text\" name=\"form_fields[field_b349b74]\" id=\"form-field-field_b349b74\" class=\"elementor-field elementor-size-sm  elementor-field-textual\" placeholder=\"Telefone\">\n\t\t\t\t\t\t\t\t\t\t\t<\/div>\n\t\t\t\t\t\t\t\t<div class=\"elementor-field-type-email elementor-field-group elementor-column elementor-field-group-email elementor-col-50 elementor-field-required\">\n\t\t\t\t\t\t\t\t\t\t\t\t<label for=\"form-field-email\" class=\"elementor-field-label\">\n\t\t\t\t\t\t\t\tCorreio eletr\u00f3nico\t\t\t\t\t\t\t<\/label>\n\t\t\t\t\t\t\t\t\t\t\t\t\t\t<input size=\"1\" type=\"email\" name=\"form_fields[email]\" id=\"form-field-email\" class=\"elementor-field elementor-size-sm  elementor-field-textual\" placeholder=\"Correio eletr\u00f3nico\" required=\"required\">\n\t\t\t\t\t\t\t\t\t\t\t<\/div>\n\t\t\t\t\t\t\t\t<div class=\"elementor-field-type-text elementor-field-group elementor-column elementor-field-group-field_6127c68 elementor-col-50\">\n\t\t\t\t\t\t\t\t\t\t\t\t<label for=\"form-field-field_6127c68\" class=\"elementor-field-label\">\n\t\t\t\t\t\t\t\tQuantidade\t\t\t\t\t\t\t<\/label>\n\t\t\t\t\t\t\t\t\t\t\t\t\t\t<input size=\"1\" type=\"text\" name=\"form_fields[field_6127c68]\" id=\"form-field-field_6127c68\" class=\"elementor-field elementor-size-sm  elementor-field-textual\" placeholder=\"Para o pre\u00e7o unit\u00e1rio\">\n\t\t\t\t\t\t\t\t\t\t\t<\/div>\n\t\t\t\t\t\t\t\t<div class=\"elementor-field-type-text elementor-field-group elementor-column elementor-field-group-field_60832b6 elementor-col-50\">\n\t\t\t\t\t\t\t\t\t\t\t\t<label for=\"form-field-field_60832b6\" class=\"elementor-field-label\">\n\t\t\t\t\t\t\t\tEndere\u00e7o\t\t\t\t\t\t\t<\/label>\n\t\t\t\t\t\t\t\t\t\t\t\t\t\t<input size=\"1\" type=\"text\" name=\"form_fields[field_60832b6]\" id=\"form-field-field_60832b6\" class=\"elementor-field elementor-size-sm  elementor-field-textual\" placeholder=\"Para expedi\u00e7\u00e3o\">\n\t\t\t\t\t\t\t\t\t\t\t<\/div>\n\t\t\t\t\t\t\t\t<div class=\"elementor-field-type-textarea elementor-field-group elementor-column elementor-field-group-message elementor-col-100\">\n\t\t\t\t\t\t\t\t\t\t\t\t<label for=\"form-field-message\" class=\"elementor-field-label\">\n\t\t\t\t\t\t\t\tMensagem\t\t\t\t\t\t\t<\/label>\n\t\t\t\t\t\t<textarea class=\"elementor-field-textual elementor-field  elementor-size-sm\" name=\"form_fields[message]\" id=\"form-field-message\" rows=\"7\" placeholder=\"Mensagem\"><\/textarea>\t\t\t\t<\/div>\n\t\t\t\t\t\t\t\t<div class=\"elementor-field-type-recaptcha elementor-field-group elementor-column elementor-field-group-field_d02733a elementor-col-100\">\n\t\t\t\t\t<div class=\"elementor-field\" id=\"form-field-field_d02733a\"><div class=\"elementor-g-recaptcha\" data-sitekey=\"6Ldyb4wqAAAAAC7k_YINJmhbMfzGr0RRN6LnvDEy\" data-type=\"v2_checkbox\" data-theme=\"light\" data-size=\"normal\"><\/div><\/div>\t\t\t\t<\/div>\n\t\t\t\t\t\t\t\t<div class=\"elementor-field-group elementor-column elementor-field-type-submit elementor-col-100 e-form__buttons\">\n\t\t\t\t\t<button class=\"elementor-button elementor-size-sm\" type=\"submit\">\n\t\t\t\t\t\t<span class=\"elementor-button-content-wrapper\">\n\t\t\t\t\t\t\t\t\t\t\t\t\t\t\t\t\t\t\t\t\t\t<span class=\"elementor-button-text\">Enviar<\/span>\n\t\t\t\t\t\t\t\t\t\t\t\t\t<\/span>\n\t\t\t\t\t<\/button>\n\t\t\t\t<\/div>\n\t\t\t<\/div>\n\t\t<input type=\"hidden\" name=\"trp-form-language\" value=\"pt\"\/><\/form>\n\t\t\t\t\t\t<\/div>\n\t\t\t\t<\/div>\n\t\t<div class=\"elementor-element elementor-element-06a6cb6 e-con-full e-flex e-con e-child\" data-id=\"06a6cb6\" data-element_type=\"container\" data-settings=\"{&quot;_ha_eqh_enable&quot;:false}\">\n\t\t<div class=\"elementor-element elementor-element-e6843ea e-con-full e-flex e-con e-child\" data-id=\"e6843ea\" data-element_type=\"container\" data-settings=\"{&quot;_ha_eqh_enable&quot;:false}\">\n\t\t\t\t<div class=\"elementor-element elementor-element-d5a2ed0 elementor-widget elementor-widget-post-info\" data-id=\"d5a2ed0\" data-element_type=\"widget\" data-widget_type=\"post-info.default\">\n\t\t\t\t<div class=\"elementor-widget-container\">\n\t\t\t\t\t\t\t<ul class=\"elementor-inline-items elementor-icon-list-items elementor-post-info\">\n\t\t\t\t\t\t\t\t<li class=\"elementor-icon-list-item elementor-repeater-item-bb696c5 elementor-inline-item\" itemprop=\"about\">\n\t\t\t\t\t\t\t\t\t\t<span class=\"elementor-icon-list-icon\">\n\t\t\t\t\t\t\t\t<svg aria-hidden=\"true\" class=\"e-font-icon-svg e-fas-tags\" viewbox=\"0 0 640 512\" xmlns=\"http:\/\/www.w3.org\/2000\/svg\"><path d=\"M497.941 225.941L286.059 14.059A48 48 0 0 0 252.118 0H48C21.49 0 0 21.49 0 48v204.118a48 48 0 0 0 14.059 33.941l211.882 211.882c18.744 18.745 49.136 18.746 67.882 0l204.118-204.118c18.745-18.745 18.745-49.137 0-67.882zM112 160c-26.51 0-48-21.49-48-48s21.49-48 48-48 48 21.49 48 48-21.49 48-48 48zm513.941 133.823L421.823 497.941c-18.745 18.745-49.137 18.745-67.882 0l-.36-.36L527.64 323.522c16.999-16.999 26.36-39.6 26.36-63.64s-9.362-46.641-26.36-63.64L331.397 0h48.721a48 48 0 0 1 33.941 14.059l211.882 211.882c18.745 18.745 18.745 49.137 0 67.882z\"><\/path><\/svg>\t\t\t\t\t\t\t<\/span>\n\t\t\t\t\t\t\t\t\t<span class=\"elementor-icon-list-text elementor-post-info__item elementor-post-info__item--type-terms\">\n\t\t\t\t\t\t\t\t\t\t<span class=\"elementor-post-info__terms-list\">\n\t\t\t\t<a href=\"https:\/\/packagingbucket.com\/pt\/packaging-buckets\/round-plastic-buckets\/500ml-round-plastic-buckets\/\" class=\"elementor-post-info__terms-list-item\">Baldes de pl\u00e1stico redondos de 500 ml<\/a>, <a href=\"https:\/\/packagingbucket.com\/pt\/packaging-buckets\/cleaning-buckets\/\" class=\"elementor-post-info__terms-list-item\">Baldes de limpeza<\/a>, <a href=\"https:\/\/packagingbucket.com\/pt\/packaging-buckets\/food-and-beverage-buckets\/\" class=\"elementor-post-info__terms-list-item\">Baldes para alimentos e bebidas<\/a>, <a href=\"https:\/\/packagingbucket.com\/pt\/packaging-buckets\/health-care-buckets\/\" class=\"elementor-post-info__terms-list-item\">Baldes de cuidados de sa\u00fade<\/a>, <a href=\"https:\/\/packagingbucket.com\/pt\/packaging-buckets\/\" class=\"elementor-post-info__terms-list-item\">Baldes de embalagem<\/a>, <a href=\"https:\/\/packagingbucket.com\/pt\/packaging-buckets\/paint-and-coating-buckets\/\" class=\"elementor-post-info__terms-list-item\">Baldes para tintas e revestimentos<\/a>, <a href=\"https:\/\/packagingbucket.com\/pt\/packaging-buckets\/pet-food-buckets\/\" class=\"elementor-post-info__terms-list-item\">Baldes PET para alimentos<\/a>, <a href=\"https:\/\/packagingbucket.com\/pt\/packaging-buckets\/round-plastic-buckets\/\" class=\"elementor-post-info__terms-list-item\">Baldes de pl\u00e1stico redondos<\/a>\t\t\t\t<\/span>\n\t\t\t\t\t<\/span>\n\t\t\t\t\t\t\t\t<\/li>\n\t\t\t\t<\/ul>\n\t\t\t\t\t\t<\/div>\n\t\t\t\t<\/div>\n\t\t\t\t<\/div>\n\t\t<div class=\"elementor-element elementor-element-818edd9 e-con-full e-flex e-con e-child\" data-id=\"818edd9\" data-element_type=\"container\" data-settings=\"{&quot;_ha_eqh_enable&quot;:false}\">\n\t\t\t\t<div class=\"elementor-element elementor-element-9c89e0d elementor-widget elementor-widget-post-info\" data-id=\"9c89e0d\" data-element_type=\"widget\" data-widget_type=\"post-info.default\">\n\t\t\t\t<div class=\"elementor-widget-container\">\n\t\t\t\t\t\t\t<ul class=\"elementor-inline-items elementor-icon-list-items elementor-post-info\">\n\t\t\t\t\t\t\t\t<li class=\"elementor-icon-list-item elementor-repeater-item-bb696c5 elementor-inline-item\" itemprop=\"about\">\n\t\t\t\t\t\t\t\t\t\t<span class=\"elementor-icon-list-icon\">\n\t\t\t\t\t\t\t\t<svg aria-hidden=\"true\" class=\"e-font-icon-svg e-fas-tags\" viewbox=\"0 0 640 512\" xmlns=\"http:\/\/www.w3.org\/2000\/svg\"><path d=\"M497.941 225.941L286.059 14.059A48 48 0 0 0 252.118 0H48C21.49 0 0 21.49 0 48v204.118a48 48 0 0 0 14.059 33.941l211.882 211.882c18.744 18.745 49.136 18.746 67.882 0l204.118-204.118c18.745-18.745 18.745-49.137 0-67.882zM112 160c-26.51 0-48-21.49-48-48s21.49-48 48-48 48 21.49 48 48-21.49 48-48 48zm513.941 133.823L421.823 497.941c-18.745 18.745-49.137 18.745-67.882 0l-.36-.36L527.64 323.522c16.999-16.999 26.36-39.6 26.36-63.64s-9.362-46.641-26.36-63.64L331.397 0h48.721a48 48 0 0 1 33.941 14.059l211.882 211.882c18.745 18.745 18.745 49.137 0 67.882z\"><\/path><\/svg>\t\t\t\t\t\t\t<\/span>\n\t\t\t\t\t\t\t\t\t<span class=\"elementor-icon-list-text elementor-post-info__item elementor-post-info__item--type-terms\">\n\t\t\t\t\t\t\t\t\t\t<span class=\"elementor-post-info__terms-list\">\n\t\t\t\t<a href=\"https:\/\/packagingbucket.com\/pt\/tag\/500ml-round-plastic-packaging-buckets\/\" class=\"elementor-post-info__terms-list-item\">Baldes de pl\u00e1stico redondos de 500 ml para embalagem<\/a>, <a href=\"https:\/\/packagingbucket.com\/pt\/tag\/food-and-beverage-buckets\/\" class=\"elementor-post-info__terms-list-item\">Baldes para alimentos e bebidas<\/a>, <a href=\"https:\/\/packagingbucket.com\/pt\/tag\/household-cleaning-buckets\/\" class=\"elementor-post-info__terms-list-item\">Baldes para limpeza dom\u00e9stica<\/a>, <a href=\"https:\/\/packagingbucket.com\/pt\/tag\/paint-and-coating-buckets\/\" class=\"elementor-post-info__terms-list-item\">Baldes para tintas e revestimentos<\/a>, <a href=\"https:\/\/packagingbucket.com\/pt\/tag\/pet-food-buckets\/\" class=\"elementor-post-info__terms-list-item\">Baldes PET para alimentos<\/a>, <a href=\"https:\/\/packagingbucket.com\/pt\/tag\/round-plastic-buckets\/\" class=\"elementor-post-info__terms-list-item\">Baldes de pl\u00e1stico redondos<\/a>\t\t\t\t<\/span>\n\t\t\t\t\t<\/span>\n\t\t\t\t\t\t\t\t<\/li>\n\t\t\t\t<\/ul>\n\t\t\t\t\t\t<\/div>\n\t\t\t\t<\/div>\n\t\t\t\t<\/div>\n\t\t\t\t<\/div>\n\t\t\t\t<\/div>\n\t\t\t\t\t<\/div>\n\t\t\t\t<\/div>\n\t\t<div class=\"elementor-element elementor-element-780f46c e-flex e-con-boxed e-con e-parent\" data-id=\"780f46c\" data-element_type=\"container\" data-settings=\"{&quot;_ha_eqh_enable&quot;:false}\">\n\t\t\t\t\t<div class=\"e-con-inner\">\n\t\t\t\t<div class=\"elementor-element elementor-element-a94a725 elementor-widget elementor-widget-heading\" data-id=\"a94a725\" data-element_type=\"widget\" data-widget_type=\"heading.default\">\n\t\t\t\t<div class=\"elementor-widget-container\">\n\t\t\t\t\t<h2 class=\"elementor-heading-title elementor-size-default\">1. Porque \u00e9 que os baldes redondos de pl\u00e1stico PP de qualidade alimentar de 500 ml s\u00e3o ideais para os seus produtos\n<\/h2>\t\t\t\t<\/div>\n\t\t\t\t<\/div>\n\t\t\t\t<div class=\"elementor-element elementor-element-80e335a elementor-widget elementor-widget-text-editor\" data-id=\"80e335a\" data-element_type=\"widget\" data-widget_type=\"text-editor.default\">\n\t\t\t\t<div class=\"elementor-widget-container\">\n\t\t\t\t\t\t\t\t\t<p>No mercado competitivo de hoje, a embalagem \u00e9 mais do que um simples recipiente - \u00e9 um componente vital da identidade, seguran\u00e7a e atra\u00e7\u00e3o do seu produto. Os nossos <strong>Baldes redondos de pl\u00e1stico PP de qualidade alimentar de 500 ml com cores personaliz\u00e1veis e impress\u00e3o do log\u00f3tipo<\/strong> s\u00e3o concebidas para satisfazer os mais elevados padr\u00f5es de qualidade e versatilidade. Enquanto fabricante l\u00edder de embalagens de pl\u00e1stico, compreendemos as necessidades das empresas que procuram solu\u00e7\u00f5es de embalagem fi\u00e1veis, rent\u00e1veis e personaliz\u00e1veis. Este guia completo ir\u00e1 aprofundar os pontos de venda \u00fanicos dos nossos baldes de pl\u00e1stico de 500 ml, destacando a raz\u00e3o pela qual s\u00e3o a escolha ideal para empresas de v\u00e1rios sectores, desde o alimentar ao qu\u00edmico.<\/p><p><strong>1.1. Embalagem vers\u00e1til para uma variedade de produtos<\/strong><\/p><p>Os baldes redondos de pl\u00e1stico PP de qualidade alimentar de 500 ml s\u00e3o incrivelmente vers\u00e1teis, tornando-os adequados para embalar uma vasta gama de produtos. Quer esteja na ind\u00fastria alimentar, a vender produtos l\u00e1cteos, molhos ou condimentos, ou na ind\u00fastria qu\u00edmica, a necessitar de armazenamento seguro para l\u00edquidos e p\u00f3s, estes baldes constituem uma solu\u00e7\u00e3o fi\u00e1vel.<\/p><p><strong>1.2. Dimens\u00e3o \u00f3ptima para a conveni\u00eancia do consumidor<\/strong><\/p><p>A capacidade de 500 ml \u00e9 perfeita para os consumidores que preferem embalagens mais pequenas e f\u00e1ceis de manusear. Este tamanho \u00e9 ideal para o controlo de por\u00e7\u00f5es, tamanhos de prova ou produtos destinados a uma \u00fanica utiliza\u00e7\u00e3o, o que o torna muito apelativo para os utilizadores finais.<\/p><p><strong>1.3. Concebidos para a seguran\u00e7a alimentar e a preserva\u00e7\u00e3o da qualidade<\/strong><\/p><p>Os nossos baldes s\u00e3o fabricados em polipropileno (PP) de qualidade alimentar, o que garante que os seus produtos permanecem seguros contra contaminantes e mant\u00eam a sua frescura. A veda\u00e7\u00e3o herm\u00e9tica proporcionada pelas tampas seguras ajuda a preservar a qualidade do conte\u00fado, prolongando o prazo de validade e reduzindo o desperd\u00edcio.<\/p><p><strong>1.4. Leve e f\u00e1cil de manusear<\/strong><\/p><p>O design leve destes baldes torna-os f\u00e1ceis de manusear, tanto para os consumidores como durante o processo de fabrico e distribui\u00e7\u00e3o. Esta facilidade de manuseamento pode levar a uma maior efici\u00eancia na log\u00edstica, reduzindo os custos associados ao armazenamento e ao transporte.<\/p><p><strong>1.5. Adequado para v\u00e1rios canais de distribui\u00e7\u00e3o<\/strong><\/p><p>Quer esteja a vender os seus produtos atrav\u00e9s de canais de venda a retalho, online ou por grosso, estes baldes de pl\u00e1stico de 500 ml foram concebidos para se adaptarem perfeitamente a qualquer estrat\u00e9gia de distribui\u00e7\u00e3o. O seu tamanho compacto e o design duradouro tornam-nos ideais para vendas diretas ao consumidor, bem como para distribui\u00e7\u00e3o a granel.<\/p>\t\t\t\t\t\t\t\t<\/div>\n\t\t\t\t<\/div>\n\t\t\t\t\t<\/div>\n\t\t\t\t<\/div>\n\t\t<div class=\"elementor-element elementor-element-7b4fd66 e-flex e-con-boxed e-con e-parent\" data-id=\"7b4fd66\" data-element_type=\"container\" data-settings=\"{&quot;_ha_eqh_enable&quot;:false}\">\n\t\t\t\t\t<div class=\"e-con-inner\">\n\t\t\t\t<div class=\"elementor-element elementor-element-6f2702a elementor-widget elementor-widget-heading\" data-id=\"6f2702a\" data-element_type=\"widget\" data-widget_type=\"heading.default\">\n\t\t\t\t<div class=\"elementor-widget-container\">\n\t\t\t\t\t<h2 class=\"elementor-heading-title elementor-size-default\">2. Cores personaliz\u00e1veis e impress\u00e3o do log\u00f3tipo para aumentar a visibilidade da sua marca<\/h2>\t\t\t\t<\/div>\n\t\t\t\t<\/div>\n\t\t\t\t<div class=\"elementor-element elementor-element-eb7c906 elementor-widget elementor-widget-text-editor\" data-id=\"eb7c906\" data-element_type=\"widget\" data-widget_type=\"text-editor.default\">\n\t\t\t\t<div class=\"elementor-widget-container\">\n\t\t\t\t\t\t\t\t\t<p><strong>2.1. Melhorar o reconhecimento da marca com cores personalizadas<\/strong><\/p><p>A cor desempenha um papel importante na identidade da marca e na perce\u00e7\u00e3o do consumidor. As nossas op\u00e7\u00f5es de cores personaliz\u00e1veis permitem-lhe alinhar a sua embalagem com o esquema de cores da sua marca, criando um aspeto coeso e reconhec\u00edvel que se destaca nas prateleiras.<\/p><p><strong>2.2. Impress\u00e3o profissional de log\u00f3tipos para uma maior presen\u00e7a no mercado<\/strong><\/p><p>Os nossos servi\u00e7os avan\u00e7ados de impress\u00e3o de log\u00f3tipos permitem-lhe adicionar o log\u00f3tipo da sua empresa e elementos de marca diretamente nos baldes. Isto n\u00e3o s\u00f3 melhora o aspeto profissional do seu produto, como tamb\u00e9m aumenta a visibilidade da marca, tornando mais f\u00e1cil para os consumidores reconhecerem os seus produtos.<\/p><p><strong>2.3. Solu\u00e7\u00f5es de embalagem \u00e0 medida para satisfazer as suas necessidades espec\u00edficas<\/strong><\/p><p>Oferecemos uma gama de op\u00e7\u00f5es de personaliza\u00e7\u00e3o, desde a forma e o tamanho do balde at\u00e9 ao design da tampa e \u00e0s cores utilizadas. Esta flexibilidade permite-lhe criar uma solu\u00e7\u00e3o de embalagem que corresponda perfeitamente aos requisitos do seu produto e aos seus objectivos de marketing.<\/p><p><strong>2.4. Designs apelativos para atrair os consumidores<\/strong><\/p><p>Num mercado concorrido, as embalagens t\u00eam de chamar a aten\u00e7\u00e3o do consumidor. Ao tirar partido das nossas op\u00e7\u00f5es de design personaliz\u00e1veis, pode criar embalagens visualmente apelativas que chamam a aten\u00e7\u00e3o e incentivam as compras.<\/p><p><strong>2.5. Conquistar a confian\u00e7a do consumidor com embalagens impressas de alta qualidade<\/strong><\/p><p>Os consumidores associam frequentemente embalagens de alta qualidade a produtos de alta qualidade. Ao optar pelos nossos baldes personaliz\u00e1veis com impress\u00e3o profissional, pode criar confian\u00e7a junto dos seus clientes, assegurando-lhes que est\u00e3o a comprar um produto de qualidade superior.<\/p>\t\t\t\t\t\t\t\t<\/div>\n\t\t\t\t<\/div>\n\t\t\t\t\t<\/div>\n\t\t\t\t<\/div>\n\t\t<div class=\"elementor-element elementor-element-10a3c46 e-flex e-con-boxed e-con e-parent\" data-id=\"10a3c46\" data-element_type=\"container\" data-settings=\"{&quot;_ha_eqh_enable&quot;:false}\">\n\t\t\t\t\t<div class=\"e-con-inner\">\n\t\t\t\t<div class=\"elementor-element elementor-element-7e80bba elementor-widget elementor-widget-heading\" data-id=\"7e80bba\" data-element_type=\"widget\" data-widget_type=\"heading.default\">\n\t\t\t\t<div class=\"elementor-widget-container\">\n\t\t\t\t\t<h2 class=\"elementor-heading-title elementor-size-default\">3. Dur\u00e1vel, seguro e amigo do ambiente: a solu\u00e7\u00e3o de embalagem perfeita<\/h2>\t\t\t\t<\/div>\n\t\t\t\t<\/div>\n\t\t\t\t<div class=\"elementor-element elementor-element-da49909 elementor-widget elementor-widget-text-editor\" data-id=\"da49909\" data-element_type=\"widget\" data-widget_type=\"text-editor.default\">\n\t\t\t\t<div class=\"elementor-widget-container\">\n\t\t\t\t\t\t\t\t\t<p><strong>3.1. Fabricado em polipropileno alimentar de alta qualidade<\/strong><\/p><p>Os nossos baldes redondos de 500 ml s\u00e3o fabricados com polipropileno (PP) de qualidade alimentar, um material conhecido pela sua durabilidade, seguran\u00e7a e resist\u00eancia a produtos qu\u00edmicos. Isto garante que os seus produtos permanecem seguros para consumo, mesmo quando armazenados durante longos per\u00edodos.<\/p><p><strong>3.2. Robusto e fi\u00e1vel para v\u00e1rias condi\u00e7\u00f5es de armazenamento<\/strong><\/p><p>Estes baldes foram concebidos para resistir a v\u00e1rias condi\u00e7\u00f5es de armazenamento, incluindo temperaturas extremas e ambientes h\u00famidos. Isto torna-os adequados tanto para armazenamento refrigerado como seco, garantindo que os seus produtos permanecem protegidos.<\/p><p><strong>3.3. Materiais ecol\u00f3gicos e recicl\u00e1veis<\/strong><\/p><p>Estamos empenhados na sustentabilidade, raz\u00e3o pela qual os nossos baldes s\u00e3o fabricados a partir de materiais recicl\u00e1veis. Ao escolher as nossas solu\u00e7\u00f5es de embalagem, n\u00e3o est\u00e1 apenas a proteger os seus produtos, mas tamb\u00e9m a contribuir para os esfor\u00e7os de conserva\u00e7\u00e3o ambiental.<\/p><p><strong>3.4. Seguro para armazenamento de alimentos e produtos qu\u00edmicos<\/strong><\/p><p>A certifica\u00e7\u00e3o de qualidade alimentar do nosso material PP garante que estes baldes s\u00e3o seguros para armazenar alimentos e produtos qu\u00edmicos. Esta versatilidade torna-os uma excelente escolha para empresas de diversos sectores, desde a produ\u00e7\u00e3o alimentar at\u00e9 aos produtos qu\u00edmicos industriais.<\/p><p><strong>3.5. Duradouro e reutiliz\u00e1vel<\/strong><\/p><p>A durabilidade dos nossos baldes significa que podem ser reutilizados v\u00e1rias vezes, proporcionando valor a longo prazo para a sua empresa e clientes. Esta reutiliza\u00e7\u00e3o tamb\u00e9m est\u00e1 alinhada com pr\u00e1ticas sustent\u00e1veis, reduzindo a necessidade de embalagens de utiliza\u00e7\u00e3o \u00fanica.<\/p>\t\t\t\t\t\t\t\t<\/div>\n\t\t\t\t<\/div>\n\t\t\t\t<div class=\"elementor-element elementor-element-1ed92a2 elementor-widget elementor-widget-heading\" data-id=\"1ed92a2\" data-element_type=\"widget\" data-widget_type=\"heading.default\">\n\t\t\t\t<div class=\"elementor-widget-container\">\n\t\t\t\t\t<h2 class=\"elementor-heading-title elementor-size-default\">4. Op\u00e7\u00f5es de venda por grosso acess\u00edveis e flex\u00edveis para todas as empresas<\/h2>\t\t\t\t<\/div>\n\t\t\t\t<\/div>\n\t\t\t\t<div class=\"elementor-element elementor-element-7f6cef6 elementor-widget elementor-widget-text-editor\" data-id=\"7f6cef6\" data-element_type=\"widget\" data-widget_type=\"text-editor.default\">\n\t\t\t\t<div class=\"elementor-widget-container\">\n\t\t\t\t\t\t\t\t\t<p><strong>4.1. Pre\u00e7os competitivos para encomendas em massa<\/strong><\/p><p>Oferecemos pre\u00e7os altamente competitivos para encomendas a granel, tornando os nossos baldes de pl\u00e1stico de 500 ml uma escolha acess\u00edvel para empresas de todas as dimens\u00f5es. Quer se trate de uma pequena empresa em fase de arranque ou de um fabricante em grande escala, as nossas op\u00e7\u00f5es de venda por grosso podem ser adaptadas \u00e0s suas necessidades or\u00e7amentais.<\/p><p><strong>4.2. Quantidades de encomenda flex\u00edveis para satisfazer as suas necessidades comerciais<\/strong><\/p><p>Compreendendo que empresas diferentes t\u00eam necessidades diferentes, oferecemos quantidades de encomenda flex\u00edveis. Quer necessite de um pequeno lote ou de uma grande remessa, podemos satisfazer a sua encomenda sem comprometer a qualidade ou o servi\u00e7o.<\/p><p><strong>4.3. Solu\u00e7\u00f5es rent\u00e1veis de expedi\u00e7\u00e3o e distribui\u00e7\u00e3o<\/strong><\/p><p>Os nossos baldes leves foram concebidos para minimizar os custos de transporte, tanto a n\u00edvel nacional como internacional. Esta rela\u00e7\u00e3o custo-efic\u00e1cia estende-se aos seus canais de distribui\u00e7\u00e3o, ajudando-o a manter pre\u00e7os competitivos e a maximizar a rentabilidade.<\/p><p><strong>4.4. Produ\u00e7\u00e3o eficiente e prazos de execu\u00e7\u00e3o r\u00e1pidos<\/strong><\/p><p>Orgulhamo-nos dos nossos processos de produ\u00e7\u00e3o eficientes, que nos permitem oferecer tempos de resposta r\u00e1pidos em todas as encomendas. Esta efici\u00eancia garante que as suas embalagens s\u00e3o entregues a tempo, sempre, ajudando-o a cumprir os seus calend\u00e1rios de produ\u00e7\u00e3o.<\/p><p><strong>4.5. Parcerias a longo prazo para um sucesso continuado<\/strong><\/p><p>O nosso objetivo \u00e9 construir parcerias a longo prazo com os nossos clientes, fornecendo qualidade consistente, servi\u00e7o fi\u00e1vel e apoio cont\u00ednuo. Ao escolher-nos como seu fornecedor de embalagens, pode garantir o sucesso cont\u00ednuo do seu neg\u00f3cio atrav\u00e9s de solu\u00e7\u00f5es de alta qualidade e econ\u00f3micas.<\/p>\t\t\t\t\t\t\t\t<\/div>\n\t\t\t\t<\/div>\n\t\t\t\t<div class=\"elementor-element elementor-element-07c4699 elementor-widget elementor-widget-heading\" data-id=\"07c4699\" data-element_type=\"widget\" data-widget_type=\"heading.default\">\n\t\t\t\t<div class=\"elementor-widget-container\">\n\t\t\t\t\t<h2 class=\"elementor-heading-title elementor-size-default\">5. Maximizar a efici\u00eancia e o apelo ao consumidor com embalagens de alta qualidade<\/h2>\t\t\t\t<\/div>\n\t\t\t\t<\/div>\n\t\t\t\t<div class=\"elementor-element elementor-element-ec7824b elementor-widget elementor-widget-text-editor\" data-id=\"ec7824b\" data-element_type=\"widget\" data-widget_type=\"text-editor.default\">\n\t\t\t\t<div class=\"elementor-widget-container\">\n\t\t\t\t\t\t\t\t\t<p><strong>5.1. Concebido para facilitar a utiliza\u00e7\u00e3o e a conveni\u00eancia do consumidor<\/strong><\/p><p>Os nossos baldes de pl\u00e1stico redondos de 500 ml foram concebidos a pensar no utilizador final. As tampas f\u00e1ceis de abrir e o design ergon\u00f3mico tornam-nos pr\u00e1ticos para os consumidores utilizarem, melhorando a sua experi\u00eancia geral com o seu produto.<\/p><p><strong>5.2. Conce\u00e7\u00e3o empilh\u00e1vel para um armazenamento eficiente<\/strong><\/p><p>O design redondo destes baldes permite um empilhamento eficiente, optimizando o espa\u00e7o de armazenamento no seu armaz\u00e9m, prateleiras de retalho e durante o transporte. Esta carater\u00edstica \u00e9 particularmente ben\u00e9fica para as empresas que procuram otimizar a sua log\u00edstica.<\/p><p><strong>5.3. Veda\u00e7\u00e3o herm\u00e9tica para preservar a frescura do produto<\/strong><\/p><p>Cada balde \u00e9 fornecido com uma tampa segura e herm\u00e9tica que assegura a preserva\u00e7\u00e3o da frescura do conte\u00fado. Isto \u00e9 especialmente importante para os produtos alimentares, uma vez que ajuda a prolongar o prazo de validade e a manter a qualidade desde a produ\u00e7\u00e3o at\u00e9 ao consumo.<\/p><p><strong>5.4. Aumenta o apelo das prateleiras com um design atrativo<\/strong><\/p><p>Os nossos baldes personaliz\u00e1veis n\u00e3o s\u00e3o apenas funcionais, mas tamb\u00e9m esteticamente agrad\u00e1veis. A combina\u00e7\u00e3o de materiais de alta qualidade, cores vibrantes e impress\u00e3o profissional aumenta a atra\u00e7\u00e3o do produto nas prateleiras da venda a retalho, tornando-o mais suscet\u00edvel de chamar a aten\u00e7\u00e3o do consumidor.<\/p><p><strong>5.5. Aumenta a satisfa\u00e7\u00e3o e a lealdade do consumidor<\/strong><\/p><p>Ao fornecer embalagens de alta qualidade que s\u00e3o simultaneamente atractivas e funcionais, pode aumentar a satisfa\u00e7\u00e3o e a fidelidade do consumidor. Os clientes satisfeitos t\u00eam maior probabilidade de se tornarem compradores habituais, ajudando a construir uma base de clientes forte e fiel para a sua marca.<\/p><hr \/><h3>Conclus\u00e3o<\/h3><p>O nosso <strong>Baldes redondos de pl\u00e1stico PP de qualidade alimentar de 500 ml com cores personaliz\u00e1veis e impress\u00e3o do log\u00f3tipo<\/strong> s\u00e3o mais do que uma simples embalagem - s\u00e3o uma ferramenta estrat\u00e9gica que pode ajudar a aumentar o atrativo do seu produto, proteger a sua qualidade e promover a sua marca. Como fabricante empenhado na excel\u00eancia, oferecemos uma combina\u00e7\u00e3o de materiais de alta qualidade, op\u00e7\u00f5es de design inovadoras e pre\u00e7os competitivos que fazem dos nossos baldes a escolha ideal para empresas de v\u00e1rios sectores.<\/p><p>Quer pretenda lan\u00e7ar um novo produto, mudar a marca de um produto existente ou simplesmente atualizar a sua embalagem, os nossos baldes personaliz\u00e1veis oferecem a versatilidade e a fiabilidade de que necessita. Convidamo-lo a explorar as nossas op\u00e7\u00f5es de venda por grosso e a contactar-nos para saber como o podemos ajudar a atingir os seus objectivos de embalagem. Ao escolher os nossos produtos, est\u00e1 a investir na qualidade, na sustentabilidade e no sucesso a longo prazo do seu neg\u00f3cio.<\/p>\t\t\t\t\t\t\t\t<\/div>\n\t\t\t\t<\/div>\n\t\t\t\t\t<\/div>\n\t\t\t\t<\/div>\n\t\t\t\t<section class=\"elementor-section elementor-top-section elementor-element elementor-element-2334e384 elementor-section-boxed elementor-section-height-default elementor-section-height-default\" data-id=\"2334e384\" data-element_type=\"section\" data-settings=\"{&quot;_ha_eqh_enable&quot;:false}\">\n\t\t\t\t\t\t<div class=\"elementor-container elementor-column-gap-default\">\n\t\t\t\t\t<div class=\"elementor-column elementor-col-50 elementor-top-column elementor-element elementor-element-58fce9e2\" data-id=\"58fce9e2\" data-element_type=\"column\">\n\t\t\t<div class=\"elementor-widget-wrap elementor-element-populated\">\n\t\t\t\t\t\t<div class=\"elementor-element elementor-element-651cbfba elementor-widget elementor-widget-image\" data-id=\"651cbfba\" data-element_type=\"widget\" data-widget_type=\"image.default\">\n\t\t\t\t<div class=\"elementor-widget-container\">\n\t\t\t\t\t\t\t\t\t\t\t\t\t\t\t<img fetchpriority=\"high\" decoding=\"async\" width=\"1400\" height=\"1000\" src=\"https:\/\/packagingbucket.com\/wp-content\/uploads\/2024\/08\/product-page-product.jpg\" class=\"attachment-large size-large wp-image-400\" alt=\"p\u00e1gina do produto-produto\" srcset=\"https:\/\/packagingbucket.com\/wp-content\/uploads\/2024\/08\/product-page-product.jpg 1400w, https:\/\/packagingbucket.com\/wp-content\/uploads\/2024\/08\/product-page-product-768x549.jpg 768w, https:\/\/packagingbucket.com\/wp-content\/uploads\/2024\/08\/product-page-product-18x12.jpg 18w\" sizes=\"(max-width: 1400px) 100vw, 1400px\" \/>\t\t\t\t\t\t\t\t\t\t\t\t\t\t\t<\/div>\n\t\t\t\t<\/div>\n\t\t\t\t\t<\/div>\n\t\t<\/div>\n\t\t\t\t<div class=\"elementor-column elementor-col-50 elementor-top-column elementor-element elementor-element-652b227\" data-id=\"652b227\" data-element_type=\"column\" data-settings=\"{&quot;background_background&quot;:&quot;classic&quot;}\">\n\t\t\t<div class=\"elementor-widget-wrap elementor-element-populated\">\n\t\t\t\t\t\t<div class=\"elementor-element elementor-element-344ce870 elementor-widget elementor-widget-heading\" data-id=\"344ce870\" data-element_type=\"widget\" data-widget_type=\"heading.default\">\n\t\t\t\t<div class=\"elementor-widget-container\">\n\t\t\t\t\t<h2 class=\"elementor-heading-title elementor-size-default\">Mais Baldes de embalagem<\/h2>\t\t\t\t<\/div>\n\t\t\t\t<\/div>\n\t\t\t\t<section class=\"elementor-section elementor-inner-section elementor-element elementor-element-b859674 elementor-section-boxed elementor-section-height-default elementor-section-height-default\" data-id=\"b859674\" data-element_type=\"section\" data-settings=\"{&quot;_ha_eqh_enable&quot;:false}\">\n\t\t\t\t\t\t<div class=\"elementor-container elementor-column-gap-default\">\n\t\t\t\t\t<div class=\"elementor-column elementor-col-100 elementor-inner-column elementor-element elementor-element-5ba189a\" data-id=\"5ba189a\" data-element_type=\"column\">\n\t\t\t<div class=\"elementor-widget-wrap elementor-element-populated\">\n\t\t\t\t\t\t<div class=\"elementor-element elementor-element-213e77f elementor-widget elementor-widget-text-editor\" data-id=\"213e77f\" data-element_type=\"widget\" data-widget_type=\"text-editor.default\">\n\t\t\t\t<div class=\"elementor-widget-container\">\n\t\t\t\t\t\t\t\t\t<p>Explore a nossa vasta gama de baldes para embalagens de pl\u00e1stico de alta qualidade, concebidos para v\u00e1rias ind\u00fastrias, incluindo a alimentar, a qu\u00edmica e a da constru\u00e7\u00e3o. Com op\u00e7\u00f5es personaliz\u00e1veis e normas de seguran\u00e7a certificadas, os nossos baldes garantem que os seus produtos s\u00e3o embalados de forma segura. Visite a nossa p\u00e1gina de produtos para rever todas as op\u00e7\u00f5es dispon\u00edveis e encontrar a solu\u00e7\u00e3o perfeita para as suas necessidades<\/p>\t\t\t\t\t\t\t\t<\/div>\n\t\t\t\t<\/div>\n\t\t\t\t<div class=\"elementor-element elementor-element-9f4ab7c elementor-widget elementor-widget-button\" data-id=\"9f4ab7c\" data-element_type=\"widget\" data-widget_type=\"button.default\">\n\t\t\t\t<div class=\"elementor-widget-container\">\n\t\t\t\t\t\t\t\t\t<div class=\"elementor-button-wrapper\">\n\t\t\t\t\t<a class=\"elementor-button elementor-button-link elementor-size-sm\" href=\"https:\/\/packagingbucket.com\/pt\/category\/packaging-buckets\/\">\n\t\t\t\t\t\t<span class=\"elementor-button-content-wrapper\">\n\t\t\t\t\t\t\t\t\t<span class=\"elementor-button-text\">Encontrar mais baldes de embalagem<\/span>\n\t\t\t\t\t<\/span>\n\t\t\t\t\t<\/a>\n\t\t\t\t<\/div>\n\t\t\t\t\t\t\t\t<\/div>\n\t\t\t\t<\/div>\n\t\t\t\t\t<\/div>\n\t\t<\/div>\n\t\t\t\t\t<\/div>\n\t\t<\/section>\n\t\t\t\t\t<\/div>\n\t\t<\/div>\n\t\t\t\t\t<\/div>\n\t\t<\/section>\n\t\t\t\t<section class=\"elementor-section elementor-top-section elementor-element elementor-element-19f10cb elementor-section-boxed elementor-section-height-default elementor-section-height-default\" data-id=\"19f10cb\" data-element_type=\"section\" data-settings=\"{&quot;_ha_eqh_enable&quot;:false}\">\n\t\t\t\t\t\t<div class=\"elementor-container elementor-column-gap-default\">\n\t\t\t\t\t<div class=\"elementor-column elementor-col-50 elementor-top-column elementor-element elementor-element-6f3d799\" data-id=\"6f3d799\" data-element_type=\"column\" data-settings=\"{&quot;background_background&quot;:&quot;classic&quot;}\">\n\t\t\t<div class=\"elementor-widget-wrap elementor-element-populated\">\n\t\t\t\t\t\t<div class=\"elementor-element elementor-element-e250ebf elementor-widget elementor-widget-heading\" data-id=\"e250ebf\" data-element_type=\"widget\" data-widget_type=\"heading.default\">\n\t\t\t\t<div class=\"elementor-widget-container\">\n\t\t\t\t\t<h2 class=\"elementor-heading-title elementor-size-default\">Acerca dos baldes para embalagens<\/h2>\t\t\t\t<\/div>\n\t\t\t\t<\/div>\n\t\t\t\t<section class=\"elementor-section elementor-inner-section elementor-element elementor-element-b4c36a7 elementor-section-boxed elementor-section-height-default elementor-section-height-default\" data-id=\"b4c36a7\" data-element_type=\"section\" data-settings=\"{&quot;_ha_eqh_enable&quot;:false}\">\n\t\t\t\t\t\t<div class=\"elementor-container elementor-column-gap-default\">\n\t\t\t\t\t<div class=\"elementor-column elementor-col-100 elementor-inner-column elementor-element elementor-element-28bfd2f\" data-id=\"28bfd2f\" data-element_type=\"column\">\n\t\t\t<div class=\"elementor-widget-wrap elementor-element-populated\">\n\t\t\t\t\t\t<div class=\"elementor-element elementor-element-c54564b elementor-widget elementor-widget-text-editor\" data-id=\"c54564b\" data-element_type=\"widget\" data-widget_type=\"text-editor.default\">\n\t\t\t\t<div class=\"elementor-widget-container\">\n\t\t\t\t\t\t\t\t\t<p>Com mais de 20 anos de experi\u00eancia, somos um fabricante l\u00edder de baldes para embalagens de pl\u00e1stico, oferecendo solu\u00e7\u00f5es personalizadas e de alta qualidade para v\u00e1rios sectores. O nosso compromisso com a qualidade, a inova\u00e7\u00e3o e a satisfa\u00e7\u00e3o do cliente distingue-nos. Explore a nossa extensa gama de produtos e descubra porque \u00e9 que somos uma escolha de topo para empresas em todo o mundo<\/p>\t\t\t\t\t\t\t\t<\/div>\n\t\t\t\t<\/div>\n\t\t\t\t<div class=\"elementor-element elementor-element-aba6a68 elementor-widget elementor-widget-button\" data-id=\"aba6a68\" data-element_type=\"widget\" data-widget_type=\"button.default\">\n\t\t\t\t<div class=\"elementor-widget-container\">\n\t\t\t\t\t\t\t\t\t<div class=\"elementor-button-wrapper\">\n\t\t\t\t\t<a class=\"elementor-button elementor-button-link elementor-size-sm\" href=\"https:\/\/packagingbucket.com\/pt\/about\/\">\n\t\t\t\t\t\t<span class=\"elementor-button-content-wrapper\">\n\t\t\t\t\t\t\t\t\t<span class=\"elementor-button-text\">Ler mais<\/span>\n\t\t\t\t\t<\/span>\n\t\t\t\t\t<\/a>\n\t\t\t\t<\/div>\n\t\t\t\t\t\t\t\t<\/div>\n\t\t\t\t<\/div>\n\t\t\t\t\t<\/div>\n\t\t<\/div>\n\t\t\t\t\t<\/div>\n\t\t<\/section>\n\t\t\t\t\t<\/div>\n\t\t<\/div>\n\t\t\t\t<div class=\"elementor-column elementor-col-50 elementor-top-column elementor-element elementor-element-d60fad3\" data-id=\"d60fad3\" data-element_type=\"column\">\n\t\t\t<div class=\"elementor-widget-wrap elementor-element-populated\">\n\t\t\t\t\t\t<div class=\"elementor-element elementor-element-73230d7 elementor-widget elementor-widget-image\" data-id=\"73230d7\" data-element_type=\"widget\" data-widget_type=\"image.default\">\n\t\t\t\t<div class=\"elementor-widget-container\">\n\t\t\t\t\t\t\t\t\t\t\t\t\t\t\t<img decoding=\"async\" width=\"1400\" height=\"1000\" src=\"https:\/\/packagingbucket.com\/wp-content\/uploads\/2024\/08\/page-about.jpg\" class=\"attachment-large size-large wp-image-414\" alt=\"sobre n\u00f3s\" srcset=\"https:\/\/packagingbucket.com\/wp-content\/uploads\/2024\/08\/page-about.jpg 1400w, https:\/\/packagingbucket.com\/wp-content\/uploads\/2024\/08\/page-about-768x549.jpg 768w, https:\/\/packagingbucket.com\/wp-content\/uploads\/2024\/08\/page-about-18x12.jpg 18w\" sizes=\"(max-width: 1400px) 100vw, 1400px\" \/>\t\t\t\t\t\t\t\t\t\t\t\t\t\t\t<\/div>\n\t\t\t\t<\/div>\n\t\t\t\t\t<\/div>\n\t\t<\/div>\n\t\t\t\t\t<\/div>\n\t\t<\/section>\n\t\t\t\t<section class=\"elementor-section elementor-top-section elementor-element elementor-element-506d9f5 elementor-section-boxed elementor-section-height-default elementor-section-height-default\" data-id=\"506d9f5\" data-element_type=\"section\" data-settings=\"{&quot;_ha_eqh_enable&quot;:false}\">\n\t\t\t\t\t\t<div class=\"elementor-container elementor-column-gap-default\">\n\t\t\t\t\t<div class=\"elementor-column elementor-col-50 elementor-top-column elementor-element elementor-element-3a8c853\" data-id=\"3a8c853\" data-element_type=\"column\">\n\t\t\t<div class=\"elementor-widget-wrap elementor-element-populated\">\n\t\t\t\t\t\t<div class=\"elementor-element elementor-element-26641c9 elementor-widget elementor-widget-image\" data-id=\"26641c9\" data-element_type=\"widget\" data-widget_type=\"image.default\">\n\t\t\t\t<div class=\"elementor-widget-container\">\n\t\t\t\t\t\t\t\t\t\t\t\t\t\t\t<img decoding=\"async\" width=\"1400\" height=\"1000\" src=\"https:\/\/packagingbucket.com\/wp-content\/uploads\/2024\/08\/page-about-1.jpg\" class=\"attachment-large size-large wp-image-415\" alt=\"p\u00e1gina sobre\" srcset=\"https:\/\/packagingbucket.com\/wp-content\/uploads\/2024\/08\/page-about-1.jpg 1400w, https:\/\/packagingbucket.com\/wp-content\/uploads\/2024\/08\/page-about-1-768x549.jpg 768w, https:\/\/packagingbucket.com\/wp-content\/uploads\/2024\/08\/page-about-1-18x12.jpg 18w\" sizes=\"(max-width: 1400px) 100vw, 1400px\" \/>\t\t\t\t\t\t\t\t\t\t\t\t\t\t\t<\/div>\n\t\t\t\t<\/div>\n\t\t\t\t\t<\/div>\n\t\t<\/div>\n\t\t\t\t<div class=\"elementor-column elementor-col-50 elementor-top-column elementor-element elementor-element-abeb936\" data-id=\"abeb936\" data-element_type=\"column\" data-settings=\"{&quot;background_background&quot;:&quot;classic&quot;}\">\n\t\t\t<div class=\"elementor-widget-wrap elementor-element-populated\">\n\t\t\t\t\t\t<div class=\"elementor-element elementor-element-ea328ac elementor-widget elementor-widget-heading\" data-id=\"ea328ac\" data-element_type=\"widget\" data-widget_type=\"heading.default\">\n\t\t\t\t<div class=\"elementor-widget-container\">\n\t\t\t\t\t<h2 class=\"elementor-heading-title elementor-size-default\">Contacto Baldes de embalagem<\/h2>\t\t\t\t<\/div>\n\t\t\t\t<\/div>\n\t\t\t\t<section class=\"elementor-section elementor-inner-section elementor-element elementor-element-0aa3329 elementor-section-boxed elementor-section-height-default elementor-section-height-default\" data-id=\"0aa3329\" data-element_type=\"section\" data-settings=\"{&quot;_ha_eqh_enable&quot;:false}\">\n\t\t\t\t\t\t<div class=\"elementor-container elementor-column-gap-default\">\n\t\t\t\t\t<div class=\"elementor-column elementor-col-100 elementor-inner-column elementor-element elementor-element-a22d228\" data-id=\"a22d228\" data-element_type=\"column\">\n\t\t\t<div class=\"elementor-widget-wrap elementor-element-populated\">\n\t\t\t\t\t\t<div class=\"elementor-element elementor-element-81cc9e5 elementor-widget elementor-widget-text-editor\" data-id=\"81cc9e5\" data-element_type=\"widget\" data-widget_type=\"text-editor.default\">\n\t\t\t\t<div class=\"elementor-widget-container\">\n\t\t\t\t\t\t\t\t\t<p>Para quaisquer quest\u00f5es ou para efetuar uma encomenda, contacte-nos. A nossa equipa est\u00e1 pronta para o ajudar com as suas necessidades de embalagem. Quer necessite de mais informa\u00e7\u00f5es ou de uma solu\u00e7\u00e3o personalizada, contacte-nos hoje mesmo e garantiremos uma resposta r\u00e1pida e \u00fatil<\/p>\t\t\t\t\t\t\t\t<\/div>\n\t\t\t\t<\/div>\n\t\t\t\t<div class=\"elementor-element elementor-element-f250cfa elementor-widget elementor-widget-button\" data-id=\"f250cfa\" data-element_type=\"widget\" data-widget_type=\"button.default\">\n\t\t\t\t<div class=\"elementor-widget-container\">\n\t\t\t\t\t\t\t\t\t<div class=\"elementor-button-wrapper\">\n\t\t\t\t\t<a class=\"elementor-button elementor-button-link elementor-size-sm\" href=\"https:\/\/packagingbucket.com\/pt\/contact\/\">\n\t\t\t\t\t\t<span class=\"elementor-button-content-wrapper\">\n\t\t\t\t\t\t\t\t\t<span class=\"elementor-button-text\">Ler mais<\/span>\n\t\t\t\t\t<\/span>\n\t\t\t\t\t<\/a>\n\t\t\t\t<\/div>\n\t\t\t\t\t\t\t\t<\/div>\n\t\t\t\t<\/div>\n\t\t\t\t\t<\/div>\n\t\t<\/div>\n\t\t\t\t\t<\/div>\n\t\t<\/section>\n\t\t\t\t\t<\/div>\n\t\t<\/div>\n\t\t\t\t\t<\/div>\n\t\t<\/section>\n\t\t\t\t<section class=\"elementor-section elementor-top-section elementor-element elementor-element-7afd70cf elementor-section-boxed elementor-section-height-default elementor-section-height-default\" data-id=\"7afd70cf\" data-element_type=\"section\" data-settings=\"{&quot;_ha_eqh_enable&quot;:false}\">\n\t\t\t\t\t\t<div class=\"elementor-container elementor-column-gap-default\">\n\t\t\t\t\t<div class=\"elementor-column elementor-col-100 elementor-top-column elementor-element elementor-element-303f5618\" data-id=\"303f5618\" data-element_type=\"column\">\n\t\t\t<div class=\"elementor-widget-wrap elementor-element-populated\">\n\t\t\t\t\t\t<section class=\"elementor-section elementor-inner-section elementor-element elementor-element-53709f24 elementor-section-boxed elementor-section-height-default elementor-section-height-default\" data-id=\"53709f24\" data-element_type=\"section\" data-settings=\"{&quot;_ha_eqh_enable&quot;:false}\">\n\t\t\t\t\t\t<div class=\"elementor-container elementor-column-gap-default\">\n\t\t\t\t\t<div class=\"elementor-column elementor-col-33 elementor-inner-column elementor-element elementor-element-6944659b\" data-id=\"6944659b\" data-element_type=\"column\">\n\t\t\t<div class=\"elementor-widget-wrap\">\n\t\t\t\t\t\t\t<\/div>\n\t\t<\/div>\n\t\t\t\t<div class=\"elementor-column elementor-col-33 elementor-inner-column elementor-element elementor-element-7226f58b\" data-id=\"7226f58b\" data-element_type=\"column\">\n\t\t\t<div class=\"elementor-widget-wrap elementor-element-populated\">\n\t\t\t\t\t\t<div class=\"elementor-element elementor-element-45745e3f elementor-widget elementor-widget-heading\" data-id=\"45745e3f\" data-element_type=\"widget\" data-widget_type=\"heading.default\">\n\t\t\t\t<div class=\"elementor-widget-container\">\n\t\t\t\t\t<h2 class=\"elementor-heading-title elementor-size-default\">Perguntas frequentes<\/h2>\t\t\t\t<\/div>\n\t\t\t\t<\/div>\n\t\t\t\t<div class=\"elementor-element elementor-element-f676124 elementor-widget elementor-widget-text-editor\" data-id=\"f676124\" data-element_type=\"widget\" data-widget_type=\"text-editor.default\">\n\t\t\t\t<div class=\"elementor-widget-container\">\n\t\t\t\t\t\t\t\t\t<p>Perguntas frequentes sobre o fabrico de baldes para embalagens<\/p>\t\t\t\t\t\t\t\t<\/div>\n\t\t\t\t<\/div>\n\t\t\t\t\t<\/div>\n\t\t<\/div>\n\t\t\t\t<div class=\"elementor-column elementor-col-33 elementor-inner-column elementor-element elementor-element-6177245\" data-id=\"6177245\" data-element_type=\"column\">\n\t\t\t<div class=\"elementor-widget-wrap\">\n\t\t\t\t\t\t\t<\/div>\n\t\t<\/div>\n\t\t\t\t\t<\/div>\n\t\t<\/section>\n\t\t\t\t<section class=\"elementor-section elementor-inner-section elementor-element elementor-element-24fb0746 elementor-section-boxed elementor-section-height-default elementor-section-height-default\" data-id=\"24fb0746\" data-element_type=\"section\" data-settings=\"{&quot;_ha_eqh_enable&quot;:false}\">\n\t\t\t\t\t\t<div class=\"elementor-container elementor-column-gap-wide\">\n\t\t\t\t\t<div class=\"elementor-column elementor-col-50 elementor-inner-column elementor-element elementor-element-15d29bf4\" data-id=\"15d29bf4\" data-element_type=\"column\">\n\t\t\t<div class=\"elementor-widget-wrap elementor-element-populated\">\n\t\t\t\t\t\t<div class=\"elementor-element elementor-element-2aa200b3 elementor-widget elementor-widget-accordion\" data-id=\"2aa200b3\" data-element_type=\"widget\" data-widget_type=\"accordion.default\">\n\t\t\t\t<div class=\"elementor-widget-container\">\n\t\t\t\t\t\t\t<div class=\"elementor-accordion\">\n\t\t\t\t\t\t\t<div class=\"elementor-accordion-item\">\n\t\t\t\t\t<h2 id=\"elementor-tab-title-7151\" class=\"elementor-tab-title\" data-tab=\"1\" role=\"button\" aria-controls=\"elementor-tab-content-7151\" aria-expanded=\"false\">\n\t\t\t\t\t\t\t\t\t\t\t\t\t<span class=\"elementor-accordion-icon elementor-accordion-icon-left\" aria-hidden=\"true\">\n\t\t\t\t\t\t\t\t\t\t\t\t\t\t\t<span class=\"elementor-accordion-icon-closed\"><svg class=\"e-font-icon-svg e-fas-angle-right\" viewbox=\"0 0 256 512\" xmlns=\"http:\/\/www.w3.org\/2000\/svg\"><path d=\"M224.3 273l-136 136c-9.4 9.4-24.6 9.4-33.9 0l-22.6-22.6c-9.4-9.4-9.4-24.6 0-33.9l96.4-96.4-96.4-96.4c-9.4-9.4-9.4-24.6 0-33.9L54.3 103c9.4-9.4 24.6-9.4 33.9 0l136 136c9.5 9.4 9.5 24.6.1 34z\"><\/path><\/svg><\/span>\n\t\t\t\t\t\t\t\t<span class=\"elementor-accordion-icon-opened\"><svg class=\"e-font-icon-svg e-fas-angle-down\" viewbox=\"0 0 320 512\" xmlns=\"http:\/\/www.w3.org\/2000\/svg\"><path d=\"M143 352.3L7 216.3c-9.4-9.4-9.4-24.6 0-33.9l22.6-22.6c9.4-9.4 24.6-9.4 33.9 0l96.4 96.4 96.4-96.4c9.4-9.4 24.6-9.4 33.9 0l22.6 22.6c9.4 9.4 9.4 24.6 0 33.9l-136 136c-9.2 9.4-24.4 9.4-33.8 0z\"><\/path><\/svg><\/span>\n\t\t\t\t\t\t\t\t\t\t\t\t\t\t<\/span>\n\t\t\t\t\t\t\t\t\t\t\t\t<a class=\"elementor-accordion-title\" tabindex=\"0\">Que tipos de pl\u00e1stico s\u00e3o utilizados nos vossos baldes?<\/a>\n\t\t\t\t\t<\/h2>\n\t\t\t\t\t<div id=\"elementor-tab-content-7151\" class=\"elementor-tab-content elementor-clearfix\" data-tab=\"1\" role=\"region\" aria-labelledby=\"elementor-tab-title-7151\"><p>Os nossos baldes de pl\u00e1stico s\u00e3o normalmente fabricados com materiais de alta qualidade, como o polietileno (PE) e o polipropileno (PP). Estes materiais s\u00e3o selecionados pela sua durabilidade, resist\u00eancia a produtos qu\u00edmicos e capacidade de manter a integridade em v\u00e1rias condi\u00e7\u00f5es<\/p><\/div>\n\t\t\t\t<\/div>\n\t\t\t\t\t\t\t<div class=\"elementor-accordion-item\">\n\t\t\t\t\t<h2 id=\"elementor-tab-title-7152\" class=\"elementor-tab-title\" data-tab=\"2\" role=\"button\" aria-controls=\"elementor-tab-content-7152\" aria-expanded=\"false\">\n\t\t\t\t\t\t\t\t\t\t\t\t\t<span class=\"elementor-accordion-icon elementor-accordion-icon-left\" aria-hidden=\"true\">\n\t\t\t\t\t\t\t\t\t\t\t\t\t\t\t<span class=\"elementor-accordion-icon-closed\"><svg class=\"e-font-icon-svg e-fas-angle-right\" viewbox=\"0 0 256 512\" xmlns=\"http:\/\/www.w3.org\/2000\/svg\"><path d=\"M224.3 273l-136 136c-9.4 9.4-24.6 9.4-33.9 0l-22.6-22.6c-9.4-9.4-9.4-24.6 0-33.9l96.4-96.4-96.4-96.4c-9.4-9.4-9.4-24.6 0-33.9L54.3 103c9.4-9.4 24.6-9.4 33.9 0l136 136c9.5 9.4 9.5 24.6.1 34z\"><\/path><\/svg><\/span>\n\t\t\t\t\t\t\t\t<span class=\"elementor-accordion-icon-opened\"><svg class=\"e-font-icon-svg e-fas-angle-down\" viewbox=\"0 0 320 512\" xmlns=\"http:\/\/www.w3.org\/2000\/svg\"><path d=\"M143 352.3L7 216.3c-9.4-9.4-9.4-24.6 0-33.9l22.6-22.6c9.4-9.4 24.6-9.4 33.9 0l96.4 96.4 96.4-96.4c9.4-9.4 24.6-9.4 33.9 0l22.6 22.6c9.4 9.4 9.4 24.6 0 33.9l-136 136c-9.2 9.4-24.4 9.4-33.8 0z\"><\/path><\/svg><\/span>\n\t\t\t\t\t\t\t\t\t\t\t\t\t\t<\/span>\n\t\t\t\t\t\t\t\t\t\t\t\t<a class=\"elementor-accordion-title\" tabindex=\"0\">Posso personalizar o tamanho e o design dos baldes?<\/a>\n\t\t\t\t\t<\/h2>\n\t\t\t\t\t<div id=\"elementor-tab-content-7152\" class=\"elementor-tab-content elementor-clearfix\" data-tab=\"2\" role=\"region\" aria-labelledby=\"elementor-tab-title-7152\"><p>Sim, oferecemos uma gama de op\u00e7\u00f5es de personaliza\u00e7\u00e3o. Pode especificar dimens\u00f5es, cores e carater\u00edsticas de design, tais como pegas ou tampas. Contacte a nossa equipa de vendas com os seus requisitos e trabalharemos consigo para criar uma solu\u00e7\u00e3o que satisfa\u00e7a as suas necessidades<\/p><\/div>\n\t\t\t\t<\/div>\n\t\t\t\t\t\t\t<div class=\"elementor-accordion-item\">\n\t\t\t\t\t<h2 id=\"elementor-tab-title-7153\" class=\"elementor-tab-title\" data-tab=\"3\" role=\"button\" aria-controls=\"elementor-tab-content-7153\" aria-expanded=\"false\">\n\t\t\t\t\t\t\t\t\t\t\t\t\t<span class=\"elementor-accordion-icon elementor-accordion-icon-left\" aria-hidden=\"true\">\n\t\t\t\t\t\t\t\t\t\t\t\t\t\t\t<span class=\"elementor-accordion-icon-closed\"><svg class=\"e-font-icon-svg e-fas-angle-right\" viewbox=\"0 0 256 512\" xmlns=\"http:\/\/www.w3.org\/2000\/svg\"><path d=\"M224.3 273l-136 136c-9.4 9.4-24.6 9.4-33.9 0l-22.6-22.6c-9.4-9.4-9.4-24.6 0-33.9l96.4-96.4-96.4-96.4c-9.4-9.4-9.4-24.6 0-33.9L54.3 103c9.4-9.4 24.6-9.4 33.9 0l136 136c9.5 9.4 9.5 24.6.1 34z\"><\/path><\/svg><\/span>\n\t\t\t\t\t\t\t\t<span class=\"elementor-accordion-icon-opened\"><svg class=\"e-font-icon-svg e-fas-angle-down\" viewbox=\"0 0 320 512\" xmlns=\"http:\/\/www.w3.org\/2000\/svg\"><path d=\"M143 352.3L7 216.3c-9.4-9.4-9.4-24.6 0-33.9l22.6-22.6c9.4-9.4 24.6-9.4 33.9 0l96.4 96.4 96.4-96.4c9.4-9.4 24.6-9.4 33.9 0l22.6 22.6c9.4 9.4 9.4 24.6 0 33.9l-136 136c-9.2 9.4-24.4 9.4-33.8 0z\"><\/path><\/svg><\/span>\n\t\t\t\t\t\t\t\t\t\t\t\t\t\t<\/span>\n\t\t\t\t\t\t\t\t\t\t\t\t<a class=\"elementor-accordion-title\" tabindex=\"0\">Os seus baldes s\u00e3o seguros para alimentos?<\/a>\n\t\t\t\t\t<\/h2>\n\t\t\t\t\t<div id=\"elementor-tab-content-7153\" class=\"elementor-tab-content elementor-clearfix\" data-tab=\"3\" role=\"region\" aria-labelledby=\"elementor-tab-title-7153\"><p>Sim, fornecemos baldes de qualidade alimentar que cumprem as normas e regulamentos de seguran\u00e7a relevantes. Se precisar de baldes para armazenamento ou processamento de alimentos, certifique-se de que especifica este requisito para que possamos fornecer a certifica\u00e7\u00e3o e os materiais adequados<\/p><\/div>\n\t\t\t\t<\/div>\n\t\t\t\t\t\t\t\t<\/div>\n\t\t\t\t\t\t<\/div>\n\t\t\t\t<\/div>\n\t\t\t\t\t<\/div>\n\t\t<\/div>\n\t\t\t\t<div class=\"elementor-column elementor-col-50 elementor-inner-column elementor-element elementor-element-e2a54cc\" data-id=\"e2a54cc\" data-element_type=\"column\">\n\t\t\t<div class=\"elementor-widget-wrap elementor-element-populated\">\n\t\t\t\t\t\t<div class=\"elementor-element elementor-element-4968f91a elementor-widget elementor-widget-accordion\" data-id=\"4968f91a\" data-element_type=\"widget\" data-widget_type=\"accordion.default\">\n\t\t\t\t<div class=\"elementor-widget-container\">\n\t\t\t\t\t\t\t<div class=\"elementor-accordion\">\n\t\t\t\t\t\t\t<div class=\"elementor-accordion-item\">\n\t\t\t\t\t<h2 id=\"elementor-tab-title-1231\" class=\"elementor-tab-title\" data-tab=\"1\" role=\"button\" aria-controls=\"elementor-tab-content-1231\" aria-expanded=\"false\">\n\t\t\t\t\t\t\t\t\t\t\t\t\t<span class=\"elementor-accordion-icon elementor-accordion-icon-left\" aria-hidden=\"true\">\n\t\t\t\t\t\t\t\t\t\t\t\t\t\t\t<span class=\"elementor-accordion-icon-closed\"><svg class=\"e-font-icon-svg e-fas-angle-right\" viewbox=\"0 0 256 512\" xmlns=\"http:\/\/www.w3.org\/2000\/svg\"><path d=\"M224.3 273l-136 136c-9.4 9.4-24.6 9.4-33.9 0l-22.6-22.6c-9.4-9.4-9.4-24.6 0-33.9l96.4-96.4-96.4-96.4c-9.4-9.4-9.4-24.6 0-33.9L54.3 103c9.4-9.4 24.6-9.4 33.9 0l136 136c9.5 9.4 9.5 24.6.1 34z\"><\/path><\/svg><\/span>\n\t\t\t\t\t\t\t\t<span class=\"elementor-accordion-icon-opened\"><svg class=\"e-font-icon-svg e-fas-angle-down\" viewbox=\"0 0 320 512\" xmlns=\"http:\/\/www.w3.org\/2000\/svg\"><path d=\"M143 352.3L7 216.3c-9.4-9.4-9.4-24.6 0-33.9l22.6-22.6c9.4-9.4 24.6-9.4 33.9 0l96.4 96.4 96.4-96.4c9.4-9.4 24.6-9.4 33.9 0l22.6 22.6c9.4 9.4 9.4 24.6 0 33.9l-136 136c-9.2 9.4-24.4 9.4-33.8 0z\"><\/path><\/svg><\/span>\n\t\t\t\t\t\t\t\t\t\t\t\t\t\t<\/span>\n\t\t\t\t\t\t\t\t\t\t\t\t<a class=\"elementor-accordion-title\" tabindex=\"0\">Quais s\u00e3o as quantidades m\u00ednimas de encomenda para baldes personalizados?<\/a>\n\t\t\t\t\t<\/h2>\n\t\t\t\t\t<div id=\"elementor-tab-content-1231\" class=\"elementor-tab-content elementor-clearfix\" data-tab=\"1\" role=\"region\" aria-labelledby=\"elementor-tab-title-1231\"><p>As quantidades m\u00ednimas de encomenda variam consoante o tipo de personaliza\u00e7\u00e3o e o tamanho do balde. Geralmente, as encomendas maiores beneficiam de melhores pre\u00e7os. Contacte-nos para discutir as suas necessidades espec\u00edficas e receber um or\u00e7amento com base no tamanho da sua encomenda.<\/p><\/div>\n\t\t\t\t<\/div>\n\t\t\t\t\t\t\t<div class=\"elementor-accordion-item\">\n\t\t\t\t\t<h2 id=\"elementor-tab-title-1232\" class=\"elementor-tab-title\" data-tab=\"2\" role=\"button\" aria-controls=\"elementor-tab-content-1232\" aria-expanded=\"false\">\n\t\t\t\t\t\t\t\t\t\t\t\t\t<span class=\"elementor-accordion-icon elementor-accordion-icon-left\" aria-hidden=\"true\">\n\t\t\t\t\t\t\t\t\t\t\t\t\t\t\t<span class=\"elementor-accordion-icon-closed\"><svg class=\"e-font-icon-svg e-fas-angle-right\" viewbox=\"0 0 256 512\" xmlns=\"http:\/\/www.w3.org\/2000\/svg\"><path d=\"M224.3 273l-136 136c-9.4 9.4-24.6 9.4-33.9 0l-22.6-22.6c-9.4-9.4-9.4-24.6 0-33.9l96.4-96.4-96.4-96.4c-9.4-9.4-9.4-24.6 0-33.9L54.3 103c9.4-9.4 24.6-9.4 33.9 0l136 136c9.5 9.4 9.5 24.6.1 34z\"><\/path><\/svg><\/span>\n\t\t\t\t\t\t\t\t<span class=\"elementor-accordion-icon-opened\"><svg class=\"e-font-icon-svg e-fas-angle-down\" viewbox=\"0 0 320 512\" xmlns=\"http:\/\/www.w3.org\/2000\/svg\"><path d=\"M143 352.3L7 216.3c-9.4-9.4-9.4-24.6 0-33.9l22.6-22.6c9.4-9.4 24.6-9.4 33.9 0l96.4 96.4 96.4-96.4c9.4-9.4 24.6-9.4 33.9 0l22.6 22.6c9.4 9.4 9.4 24.6 0 33.9l-136 136c-9.2 9.4-24.4 9.4-33.8 0z\"><\/path><\/svg><\/span>\n\t\t\t\t\t\t\t\t\t\t\t\t\t\t<\/span>\n\t\t\t\t\t\t\t\t\t\t\t\t<a class=\"elementor-accordion-title\" tabindex=\"0\">Os vossos baldes s\u00e3o fornecidos com tampas e outros acess\u00f3rios?<\/a>\n\t\t\t\t\t<\/h2>\n\t\t\t\t\t<div id=\"elementor-tab-content-1232\" class=\"elementor-tab-content elementor-clearfix\" data-tab=\"2\" role=\"region\" aria-labelledby=\"elementor-tab-title-1232\"><p>Sim, oferecemos baldes com v\u00e1rias op\u00e7\u00f5es de acess\u00f3rios, incluindo tampas herm\u00e9ticas, tampas de encaixe e bicos. Por favor, especifique o tipo de acess\u00f3rios de que necessita quando efetuar a sua encomenda.<\/p><\/div>\n\t\t\t\t<\/div>\n\t\t\t\t\t\t\t<div class=\"elementor-accordion-item\">\n\t\t\t\t\t<h2 id=\"elementor-tab-title-1233\" class=\"elementor-tab-title\" data-tab=\"3\" role=\"button\" aria-controls=\"elementor-tab-content-1233\" aria-expanded=\"false\">\n\t\t\t\t\t\t\t\t\t\t\t\t\t<span class=\"elementor-accordion-icon elementor-accordion-icon-left\" aria-hidden=\"true\">\n\t\t\t\t\t\t\t\t\t\t\t\t\t\t\t<span class=\"elementor-accordion-icon-closed\"><svg class=\"e-font-icon-svg e-fas-angle-right\" viewbox=\"0 0 256 512\" xmlns=\"http:\/\/www.w3.org\/2000\/svg\"><path d=\"M224.3 273l-136 136c-9.4 9.4-24.6 9.4-33.9 0l-22.6-22.6c-9.4-9.4-9.4-24.6 0-33.9l96.4-96.4-96.4-96.4c-9.4-9.4-9.4-24.6 0-33.9L54.3 103c9.4-9.4 24.6-9.4 33.9 0l136 136c9.5 9.4 9.5 24.6.1 34z\"><\/path><\/svg><\/span>\n\t\t\t\t\t\t\t\t<span class=\"elementor-accordion-icon-opened\"><svg class=\"e-font-icon-svg e-fas-angle-down\" viewbox=\"0 0 320 512\" xmlns=\"http:\/\/www.w3.org\/2000\/svg\"><path d=\"M143 352.3L7 216.3c-9.4-9.4-9.4-24.6 0-33.9l22.6-22.6c9.4-9.4 24.6-9.4 33.9 0l96.4 96.4 96.4-96.4c9.4-9.4 24.6-9.4 33.9 0l22.6 22.6c9.4 9.4 9.4 24.6 0 33.9l-136 136c-9.2 9.4-24.4 9.4-33.8 0z\"><\/path><\/svg><\/span>\n\t\t\t\t\t\t\t\t\t\t\t\t\t\t<\/span>\n\t\t\t\t\t\t\t\t\t\t\t\t<a class=\"elementor-accordion-title\" tabindex=\"0\">Qual \u00e9 o prazo de entrega t\u00edpico das encomendas?<\/a>\n\t\t\t\t\t<\/h2>\n\t\t\t\t\t<div id=\"elementor-tab-content-1233\" class=\"elementor-tab-content elementor-clearfix\" data-tab=\"3\" role=\"region\" aria-labelledby=\"elementor-tab-title-1233\"><p>Os prazos de entrega dependem da complexidade da sua encomenda e dos calend\u00e1rios de produ\u00e7\u00e3o actuais. As encomendas padr\u00e3o s\u00e3o normalmente enviadas no prazo de 4 semanas, enquanto as encomendas personalizadas podem demorar mais tempo. Forneceremos uma data de entrega estimada quando efetuar a sua encomenda<\/p><\/div>\n\t\t\t\t<\/div>\n\t\t\t\t\t\t\t\t<\/div>\n\t\t\t\t\t\t<\/div>\n\t\t\t\t<\/div>\n\t\t\t\t\t<\/div>\n\t\t<\/div>\n\t\t\t\t\t<\/div>\n\t\t<\/section>\n\t\t\t\t\t<\/div>\n\t\t<\/div>\n\t\t\t\t\t<\/div>\n\t\t<\/section>\n\t\t\t\t<section class=\"elementor-section elementor-top-section elementor-element elementor-element-fa85247 elementor-section-boxed elementor-section-height-default elementor-section-height-default\" data-id=\"fa85247\" data-element_type=\"section\" data-settings=\"{&quot;_ha_eqh_enable&quot;:false}\">\n\t\t\t\t\t\t<div class=\"elementor-container elementor-column-gap-default\">\n\t\t\t\t\t<div class=\"elementor-column elementor-col-100 elementor-top-column elementor-element elementor-element-ab029c7\" data-id=\"ab029c7\" data-element_type=\"column\">\n\t\t\t<div class=\"elementor-widget-wrap elementor-element-populated\">\n\t\t\t\t\t\t<div class=\"elementor-element elementor-element-b0d10a0 elementor-widget elementor-widget-heading\" data-id=\"b0d10a0\" data-element_type=\"widget\" data-widget_type=\"heading.default\">\n\t\t\t\t<div class=\"elementor-widget-container\">\n\t\t\t\t\t<h2 class=\"elementor-heading-title elementor-size-default\">Produtos relacionados<\/h2>\t\t\t\t<\/div>\n\t\t\t\t<\/div>\n\t\t\t\t<div class=\"elementor-element elementor-element-89d50f2 elementor-widget elementor-widget-text-editor\" data-id=\"89d50f2\" data-element_type=\"widget\" data-widget_type=\"text-editor.default\">\n\t\t\t\t<div class=\"elementor-widget-container\">\n\t\t\t\t\t\t\t\t\t<p>Perguntas frequentes sobre o fabrico de caixas de madeira<\/p>\t\t\t\t\t\t\t\t<\/div>\n\t\t\t\t<\/div>\n\t\t\t\t\t<\/div>\n\t\t<\/div>\n\t\t\t\t\t<\/div>\n\t\t<\/section>\n\t\t<div class=\"elementor-element elementor-element-09c5fc7 e-flex e-con-boxed e-con e-parent\" data-id=\"09c5fc7\" data-element_type=\"container\" data-settings=\"{&quot;_ha_eqh_enable&quot;:false}\">\n\t\t\t\t\t<div class=\"e-con-inner\">\n\t\t\t\t<div class=\"elementor-element elementor-element-8baed4b elementor-grid-3 elementor-grid-tablet-2 elementor-grid-mobile-1 elementor-posts--thumbnail-top elementor-widget elementor-widget-posts\" data-id=\"8baed4b\" data-element_type=\"widget\" data-settings=\"{&quot;classic_columns&quot;:&quot;3&quot;,&quot;classic_columns_tablet&quot;:&quot;2&quot;,&quot;classic_columns_mobile&quot;:&quot;1&quot;,&quot;classic_row_gap&quot;:{&quot;unit&quot;:&quot;px&quot;,&quot;size&quot;:35,&quot;sizes&quot;:[]},&quot;classic_row_gap_tablet&quot;:{&quot;unit&quot;:&quot;px&quot;,&quot;size&quot;:&quot;&quot;,&quot;sizes&quot;:[]},&quot;classic_row_gap_mobile&quot;:{&quot;unit&quot;:&quot;px&quot;,&quot;size&quot;:&quot;&quot;,&quot;sizes&quot;:[]}}\" data-widget_type=\"posts.classic\">\n\t\t\t\t<div class=\"elementor-widget-container\">\n\t\t\t\t\t\t\t<div class=\"elementor-posts-container elementor-posts elementor-posts--skin-classic elementor-grid\" role=\"list\">\n\t\t\t\t<article class=\"elementor-post elementor-grid-item post-2329 post type-post status-publish format-standard has-post-thumbnail hentry category-food-and-beverage-buckets category-packaging-buckets category-square-plastic-buckets tag-butter-plastic-buckets tag-food-and-beverage-buckets tag-square-platic-buckets\" role=\"listitem\">\n\t\t\t\t<a class=\"elementor-post__thumbnail__link\" href=\"https:\/\/packagingbucket.com\/pt\/premium-food-grade-custom-color-butter-plastic-packaging-buckets-wholesale-containers\/\" tabindex=\"-1\" >\n\t\t\t<div class=\"elementor-post__thumbnail\"><img loading=\"lazy\" decoding=\"async\" width=\"800\" height=\"800\" src=\"https:\/\/packagingbucket.com\/wp-content\/uploads\/2024\/11\/Butter-Plastic-Packaging-Box-4.jpg\" class=\"attachment-full size-full wp-image-2339\" alt=\"\" srcset=\"https:\/\/packagingbucket.com\/wp-content\/uploads\/2024\/11\/Butter-Plastic-Packaging-Box-4.jpg 800w, https:\/\/packagingbucket.com\/wp-content\/uploads\/2024\/11\/Butter-Plastic-Packaging-Box-4-768x768.jpg 768w, https:\/\/packagingbucket.com\/wp-content\/uploads\/2024\/11\/Butter-Plastic-Packaging-Box-4-12x12.jpg 12w\" sizes=\"(max-width: 800px) 100vw, 800px\" \/><\/div>\n\t\t<\/a>\n\t\t\t\t<div class=\"elementor-post__text\">\n\t\t\t\t<h3 class=\"elementor-post__title\">\n\t\t\t<a href=\"https:\/\/packagingbucket.com\/pt\/premium-food-grade-custom-color-butter-plastic-packaging-buckets-wholesale-containers\/\" >\n\t\t\t\tBaldes de pl\u00e1stico para embalagem de manteiga de cor personalizada de grau aliment\u00edcio premium | Recipientes por atacado\t\t\t<\/a>\n\t\t<\/h3>\n\t\t\n\t\t<a class=\"elementor-post__read-more\" href=\"https:\/\/packagingbucket.com\/pt\/premium-food-grade-custom-color-butter-plastic-packaging-buckets-wholesale-containers\/\" aria-label=\"Read more about Premium Food Grade Custom Color Butter Plastic Packaging Buckets | Wholesale Containers\" tabindex=\"-1\" >\n\t\t\tLer mais \"\t\t<\/a>\n\n\t\t\t\t<\/div>\n\t\t\t\t<\/article>\n\t\t\t\t<article class=\"elementor-post elementor-grid-item post-2901 post type-post status-publish format-standard has-post-thumbnail hentry category-square-plastic-buckets category-1l-round-plastic-buckets category-2l-round-plastic-buckets category-2l-square-plastic-buckets category-5l-square-plastic-buckets category-cleaning-buckets category-food-and-beverage-buckets category-health-care-buckets category-packaging-buckets category-paint-and-coating-buckets category-pet-food-buckets category-round-plastic-buckets tag-2l-square-plastic-packaging-buckets tag-food-and-beverage-buckets tag-household-cleaning-buckets tag-pet-food-buckets tag-round-plastic-buckets tag-square-platic-buckets\" role=\"listitem\">\n\t\t\t\t<a class=\"elementor-post__thumbnail__link\" href=\"https:\/\/packagingbucket.com\/pt\/iml-customized-food-grade-packing-plastic-buckets-for-shea-butter-and-chocolate\/\" tabindex=\"-1\" >\n\t\t\t<div class=\"elementor-post__thumbnail\"><img loading=\"lazy\" decoding=\"async\" width=\"800\" height=\"800\" src=\"https:\/\/packagingbucket.com\/wp-content\/uploads\/2024\/12\/Plastic-buckets-for-food-9.jpg\" class=\"attachment-full size-full wp-image-2940\" alt=\"Baldes de pl\u00e1stico para alimentos\" srcset=\"https:\/\/packagingbucket.com\/wp-content\/uploads\/2024\/12\/Plastic-buckets-for-food-9.jpg 800w, https:\/\/packagingbucket.com\/wp-content\/uploads\/2024\/12\/Plastic-buckets-for-food-9-768x768.jpg 768w, https:\/\/packagingbucket.com\/wp-content\/uploads\/2024\/12\/Plastic-buckets-for-food-9-12x12.jpg 12w\" sizes=\"(max-width: 800px) 100vw, 800px\" \/><\/div>\n\t\t<\/a>\n\t\t\t\t<div class=\"elementor-post__text\">\n\t\t\t\t<h3 class=\"elementor-post__title\">\n\t\t\t<a href=\"https:\/\/packagingbucket.com\/pt\/iml-customized-food-grade-packing-plastic-buckets-for-shea-butter-and-chocolate\/\" >\n\t\t\t\tBaldes de pl\u00e1stico para embalagem de grau aliment\u00edcio personalizados IML para manteiga de karit\u00e9 e chocolate\t\t\t<\/a>\n\t\t<\/h3>\n\t\t\n\t\t<a class=\"elementor-post__read-more\" href=\"https:\/\/packagingbucket.com\/pt\/iml-customized-food-grade-packing-plastic-buckets-for-shea-butter-and-chocolate\/\" aria-label=\"Read more about IML Customized Food Grade Packing Plastic Buckets for Shea Butter and Chocolate\" tabindex=\"-1\" >\n\t\t\tLer mais \"\t\t<\/a>\n\n\t\t\t\t<\/div>\n\t\t\t\t<\/article>\n\t\t\t\t<article class=\"elementor-post elementor-grid-item post-2850 post type-post status-publish format-standard has-post-thumbnail hentry category-packaging-buckets category-20l-round-plastic-buckets category-cleaning-buckets category-round-plastic-buckets tag-20l-round-plastic-packaging-buckets tag-car-washing-plastic-buckets tag-household-cleaning-buckets\" role=\"listitem\">\n\t\t\t\t<a class=\"elementor-post__thumbnail__link\" href=\"https:\/\/packagingbucket.com\/pt\/durable-car-cleaning-net-cover-tools-for-5-gallon-pp-buckets-for-wholesale\/\" tabindex=\"-1\" >\n\t\t\t<div class=\"elementor-post__thumbnail\"><img loading=\"lazy\" decoding=\"async\" width=\"800\" height=\"800\" src=\"https:\/\/packagingbucket.com\/wp-content\/uploads\/2024\/12\/Car-Washing-plastic-buckets-2.jpg\" class=\"attachment-full size-full wp-image-2840\" alt=\"Baldes de pl\u00e1stico para lavagem de autom\u00f3veis\" srcset=\"https:\/\/packagingbucket.com\/wp-content\/uploads\/2024\/12\/Car-Washing-plastic-buckets-2.jpg 800w, https:\/\/packagingbucket.com\/wp-content\/uploads\/2024\/12\/Car-Washing-plastic-buckets-2-768x768.jpg 768w, https:\/\/packagingbucket.com\/wp-content\/uploads\/2024\/12\/Car-Washing-plastic-buckets-2-12x12.jpg 12w\" sizes=\"(max-width: 800px) 100vw, 800px\" \/><\/div>\n\t\t<\/a>\n\t\t\t\t<div class=\"elementor-post__text\">\n\t\t\t\t<h3 class=\"elementor-post__title\">\n\t\t\t<a href=\"https:\/\/packagingbucket.com\/pt\/durable-car-cleaning-net-cover-tools-for-5-gallon-pp-buckets-for-wholesale\/\" >\n\t\t\t\tFerramentas de cobertura de rede de limpeza de carro dur\u00e1veis para baldes PP de 5 gal\u00f5es para venda por atacado\t\t\t<\/a>\n\t\t<\/h3>\n\t\t\n\t\t<a class=\"elementor-post__read-more\" href=\"https:\/\/packagingbucket.com\/pt\/durable-car-cleaning-net-cover-tools-for-5-gallon-pp-buckets-for-wholesale\/\" aria-label=\"Read more about Durable Car Cleaning Net Cover Tools for 5-Gallon PP Buckets for wholesale\" tabindex=\"-1\" >\n\t\t\tLer mais \"\t\t<\/a>\n\n\t\t\t\t<\/div>\n\t\t\t\t<\/article>\n\t\t\t\t<\/div>\n\t\t\n\t\t\t\t\t\t<\/div>\n\t\t\t\t<\/div>\n\t\t\t\t\t<\/div>\n\t\t\t\t<\/div>\n\t\t\t\t<\/div>","protected":false},"excerpt":{"rendered":"<p>In\u00edcio Anterior Pr\u00f3ximo 1. Por que os baldes redondos de pl\u00e1stico PP de grau aliment\u00edcio de 500ML s\u00e3o ideais para seus produtos No mercado competitivo de hoje,<\/p>","protected":false},"author":2,"featured_media":548,"comment_status":"open","ping_status":"open","sticky":false,"template":"elementor_header_footer","format":"standard","meta":{"site-sidebar-layout":"default","site-content-layout":"","ast-site-content-layout":"default","site-content-style":"default","site-sidebar-style":"default","ast-global-header-display":"","ast-banner-title-visibility":"","ast-main-header-display":"","ast-hfb-above-header-display":"","ast-hfb-below-header-display":"","ast-hfb-mobile-header-display":"","site-post-title":"","ast-breadcrumbs-content":"","ast-featured-img":"","footer-sml-layout":"","ast-disable-related-posts":"","theme-transparent-header-meta":"","adv-header-id-meta":"","stick-header-meta":"","header-above-stick-meta":"","header-main-stick-meta":"","header-below-stick-meta":"","astra-migrate-meta-layouts":"default","ast-page-background-enabled":"default","ast-page-background-meta":{"desktop":{"background-color":"var(--ast-global-color-4)","background-image":"","background-repeat":"repeat","background-position":"center center","background-size":"auto","background-attachment":"scroll","background-type":"","background-media":"","overlay-type":"","overlay-color":"","overlay-opacity":"","overlay-gradient":""},"tablet":{"background-color":"","background-image":"","background-repeat":"repeat","background-position":"center center","background-size":"auto","background-attachment":"scroll","background-type":"","background-media":"","overlay-type":"","overlay-color":"","overlay-opacity":"","overlay-gradient":""},"mobile":{"background-color":"","background-image":"","background-repeat":"repeat","background-position":"center center","background-size":"auto","background-attachment":"scroll","background-type":"","background-media":"","overlay-type":"","overlay-color":"","overlay-opacity":"","overlay-gradient":""}},"ast-content-background-meta":{"desktop":{"background-color":"var(--ast-global-color-5)","background-image":"","background-repeat":"repeat","background-position":"center center","background-size":"auto","background-attachment":"scroll","background-type":"","background-media":"","overlay-type":"","overlay-color":"","overlay-opacity":"","overlay-gradient":""},"tablet":{"background-color":"var(--ast-global-color-5)","background-image":"","background-repeat":"repeat","background-position":"center center","background-size":"auto","background-attachment":"scroll","background-type":"","background-media":"","overlay-type":"","overlay-color":"","overlay-opacity":"","overlay-gradient":""},"mobile":{"background-color":"var(--ast-global-color-5)","background-image":"","background-repeat":"repeat","background-position":"center center","background-size":"auto","background-attachment":"scroll","background-type":"","background-media":"","overlay-type":"","overlay-color":"","overlay-opacity":"","overlay-gradient":""}},"footnotes":""},"categories":[33,4,8,31,3,30,5,7],"tags":[17,23,16,25,18,19],"class_list":["post-547","post","type-post","status-publish","format-standard","has-post-thumbnail","hentry","category-500ml-round-plastic-buckets","category-cleaning-buckets","category-food-and-beverage-buckets","category-health-care-buckets","category-packaging-buckets","category-paint-and-coating-buckets","category-pet-food-buckets","category-round-plastic-buckets","tag-500ml-round-plastic-packaging-buckets","tag-food-and-beverage-buckets","tag-household-cleaning-buckets","tag-paint-and-coating-buckets","tag-pet-food-buckets","tag-round-plastic-buckets"],"_links":{"self":[{"href":"https:\/\/packagingbucket.com\/pt\/wp-json\/wp\/v2\/posts\/547","targetHints":{"allow":["GET"]}}],"collection":[{"href":"https:\/\/packagingbucket.com\/pt\/wp-json\/wp\/v2\/posts"}],"about":[{"href":"https:\/\/packagingbucket.com\/pt\/wp-json\/wp\/v2\/types\/post"}],"author":[{"embeddable":true,"href":"https:\/\/packagingbucket.com\/pt\/wp-json\/wp\/v2\/users\/2"}],"replies":[{"embeddable":true,"href":"https:\/\/packagingbucket.com\/pt\/wp-json\/wp\/v2\/comments?post=547"}],"version-history":[{"count":0,"href":"https:\/\/packagingbucket.com\/pt\/wp-json\/wp\/v2\/posts\/547\/revisions"}],"wp:featuredmedia":[{"embeddable":true,"href":"https:\/\/packagingbucket.com\/pt\/wp-json\/wp\/v2\/media\/548"}],"wp:attachment":[{"href":"https:\/\/packagingbucket.com\/pt\/wp-json\/wp\/v2\/media?parent=547"}],"wp:term":[{"taxonomy":"category","embeddable":true,"href":"https:\/\/packagingbucket.com\/pt\/wp-json\/wp\/v2\/categories?post=547"},{"taxonomy":"post_tag","embeddable":true,"href":"https:\/\/packagingbucket.com\/pt\/wp-json\/wp\/v2\/tags?post=547"}],"curies":[{"name":"wp","href":"https:\/\/api.w.org\/{rel}","templated":true}]}}