{"id":1916,"date":"2024-08-30T07:54:36","date_gmt":"2024-08-30T07:54:36","guid":{"rendered":"https:\/\/packagingbucket.com\/?p=1916"},"modified":"2024-11-24T09:26:34","modified_gmt":"2024-11-24T09:26:34","slug":"hot-sale-5-gallon-20l-plastic-square-buckets-2","status":"publish","type":"post","link":"https:\/\/packagingbucket.com\/pt\/hot-sale-5-gallon-20l-plastic-square-buckets-2\/","title":{"rendered":"Baldes Quadrados de Pl\u00e1stico de 5 Gal\u00f5es 20L Venda Quente Baldes de pl\u00e1stico de grau aliment\u00edcio com tampa e al\u00e7a"},"content":{"rendered":"<div data-elementor-type=\"wp-post\" data-elementor-id=\"1916\" class=\"elementor elementor-1916\" data-elementor-settings=\"{&quot;ha_cmc_init_switcher&quot;:&quot;no&quot;}\" data-elementor-post-type=\"post\">\n\t\t\t\t<div class=\"elementor-element elementor-element-1b9c29b e-flex e-con-boxed e-con e-parent\" data-id=\"1b9c29b\" data-element_type=\"container\" data-settings=\"{&quot;_ha_eqh_enable&quot;:false}\">\n\t\t\t\t\t<div class=\"e-con-inner\">\n\t\t\t\t<div class=\"elementor-element elementor-element-6bc93a4 elementor-widget elementor-widget-theme-post-title elementor-page-title elementor-widget-heading\" data-id=\"6bc93a4\" data-element_type=\"widget\" data-widget_type=\"theme-post-title.default\">\n\t\t\t\t<div class=\"elementor-widget-container\">\n\t\t\t\t\t<h1 class=\"elementor-heading-title elementor-size-default\">Baldes Quadrados de Pl\u00e1stico de 5 Gal\u00f5es 20L Venda Quente Baldes de pl\u00e1stico de grau aliment\u00edcio com tampa e al\u00e7a<\/h1>\t\t\t\t<\/div>\n\t\t\t\t<\/div>\n\t\t\t\t\t<\/div>\n\t\t\t\t<\/div>\n\t\t<div class=\"elementor-element elementor-element-9dad755 e-flex e-con-boxed e-con e-parent\" data-id=\"9dad755\" data-element_type=\"container\" data-settings=\"{&quot;_ha_eqh_enable&quot;:false}\">\n\t\t\t\t\t<div class=\"e-con-inner\">\n\t\t<div class=\"elementor-element elementor-element-8dd9f38 e-con-full e-flex e-con e-child\" data-id=\"8dd9f38\" data-element_type=\"container\" data-settings=\"{&quot;_ha_eqh_enable&quot;:false}\">\n\t\t\t\t<div class=\"elementor-element elementor-element-ee65b6e elementor-skin-slideshow elementor-arrows-yes elementor-widget elementor-widget-media-carousel\" data-id=\"ee65b6e\" data-element_type=\"widget\" data-settings=\"{&quot;skin&quot;:&quot;slideshow&quot;,&quot;autoplay_speed&quot;:3000,&quot;effect&quot;:&quot;slide&quot;,&quot;show_arrows&quot;:&quot;yes&quot;,&quot;speed&quot;:500,&quot;autoplay&quot;:&quot;yes&quot;,&quot;loop&quot;:&quot;yes&quot;,&quot;pause_on_hover&quot;:&quot;yes&quot;,&quot;pause_on_interaction&quot;:&quot;yes&quot;,&quot;space_between&quot;:{&quot;unit&quot;:&quot;px&quot;,&quot;size&quot;:10,&quot;sizes&quot;:[]},&quot;space_between_tablet&quot;:{&quot;unit&quot;:&quot;px&quot;,&quot;size&quot;:10,&quot;sizes&quot;:[]},&quot;space_between_mobile&quot;:{&quot;unit&quot;:&quot;px&quot;,&quot;size&quot;:10,&quot;sizes&quot;:[]}}\" data-widget_type=\"media-carousel.default\">\n\t\t\t\t<div class=\"elementor-widget-container\">\n\t\t\t\t\t\t\t\t\t<div class=\"elementor-swiper\">\n\t\t\t\t\t<div class=\"elementor-main-swiper swiper\" role=\"region\" aria-roledescription=\"carousel\" aria-label=\"Slides\" data-no-translation-aria-label=\"\">\n\t\t\t\t<div class=\"swiper-wrapper\">\n\t\t\t\t\t\t\t\t\t\t\t<div class=\"swiper-slide\" role=\"group\" aria-roledescription=\"slide\">\n\t\t\t\t\t\t\t\t\t<div class=\"elementor-carousel-image\" role=\"img\" aria-label=\"5 Gallon 20 Litre Plastic Square Buckets Food Grade Plastic Buckets With Lid And Handle-1\" style=\"background-image: url(&#039;https:\/\/packagingbucket.com\/wp-content\/uploads\/2024\/08\/5-Gallon-20-Litre-Plastic-Square-Buckets-Food-Grade-Plastic-Buckets-With-Lid-And-Handle-1.jpg&#039;)\">\n\n\t\t\t\n\t\t\t\t\t<\/div>\n\t\t\t\t\t\t\t\t<\/div>\n\t\t\t\t\t\t\t\t\t\t\t<div class=\"swiper-slide\" role=\"group\" aria-roledescription=\"slide\">\n\t\t\t\t\t\t\t\t\t<div class=\"elementor-carousel-image\" role=\"img\" aria-label=\"food grade or custom used mini plastic wine barrels for sale (2)\" style=\"background-image: url(&#039;https:\/\/packagingbucket.com\/wp-content\/uploads\/2024\/08\/5-Gallon-20-Litre-Plastic-Square-Buckets-Food-Grade-Plastic-Buckets-With-Lid-And-Handle-2.jpg&#039;)\">\n\n\t\t\t\n\t\t\t\t\t<\/div>\n\t\t\t\t\t\t\t\t<\/div>\n\t\t\t\t\t\t\t\t\t\t\t<div class=\"swiper-slide\" role=\"group\" aria-roledescription=\"slide\">\n\t\t\t\t\t\t\t\t\t<div class=\"elementor-carousel-image\" role=\"img\" aria-label=\"5 Gallon 20 Litre Plastic Square Buckets Food Grade Plastic Buckets With Lid And Handle-3\" style=\"background-image: url(&#039;https:\/\/packagingbucket.com\/wp-content\/uploads\/2024\/08\/5-Gallon-20-Litre-Plastic-Square-Buckets-Food-Grade-Plastic-Buckets-With-Lid-And-Handle-3.jpg&#039;)\">\n\n\t\t\t\n\t\t\t\t\t<\/div>\n\t\t\t\t\t\t\t\t<\/div>\n\t\t\t\t\t\t\t\t\t<\/div>\n\t\t\t\t\t\t\t\t\t\t\t\t\t\t\t<div class=\"elementor-swiper-button elementor-swiper-button-prev\" role=\"button\" tabindex=\"0\" aria-label=\"Pr\u00e9c\u00e9dent\" data-no-translation-aria-label=\"\">\n\t\t\t\t\t\t\t<svg aria-hidden=\"true\" class=\"e-font-icon-svg e-eicon-chevron-left\" viewbox=\"0 0 1000 1000\" xmlns=\"http:\/\/www.w3.org\/2000\/svg\"><path d=\"M646 125C629 125 613 133 604 142L308 442C296 454 292 471 292 487 292 504 296 521 308 533L604 854C617 867 629 875 646 875 663 875 679 871 692 858 704 846 713 829 713 812 713 796 708 779 692 767L438 487 692 225C700 217 708 204 708 187 708 171 704 154 692 142 675 129 663 125 646 125Z\"><\/path><\/svg>\t\t\t\t\t\t<\/div>\n\t\t\t\t\t\t<div class=\"elementor-swiper-button elementor-swiper-button-next\" role=\"button\" tabindex=\"0\" aria-label=\"Suivant\" data-no-translation-aria-label=\"\">\n\t\t\t\t\t\t\t<svg aria-hidden=\"true\" class=\"e-font-icon-svg e-eicon-chevron-right\" viewbox=\"0 0 1000 1000\" xmlns=\"http:\/\/www.w3.org\/2000\/svg\"><path d=\"M696 533C708 521 713 504 713 487 713 471 708 454 696 446L400 146C388 133 375 125 354 125 338 125 325 129 313 142 300 154 292 171 292 187 292 204 296 221 308 233L563 492 304 771C292 783 288 800 288 817 288 833 296 850 308 863 321 871 338 875 354 875 371 875 388 867 400 854L696 533Z\"><\/path><\/svg>\t\t\t\t\t\t<\/div>\n\t\t\t\t\t\t\t\t\t\t\t\t\t\t\t\t\t<\/div>\n\t\t\t\t<\/div>\n\t\t\t\t\t\t\t\t<div class=\"elementor-swiper\">\n\t\t\t\t\t<div class=\"elementor-main-swiper swiper elementor-thumbnails-swiper swiper\" role=\"region region\" aria-roledescription=\"carousel carousel\" aria-label=\"Slides Slides\" data-no-translation-aria-label=\"\">\n\t\t\t\t<div class=\"swiper-wrapper\">\n\t\t\t\t\t\t\t\t\t\t\t<div class=\"swiper-slide\" role=\"group\" aria-roledescription=\"slide\">\n\t\t\t\t\t\t\t\t\t<div class=\"elementor-carousel-image\" role=\"img\" aria-label=\"5 Gallon 20 Litre Plastic Square Buckets Food Grade Plastic Buckets With Lid And Handle-1\" style=\"background-image: url(&#039;https:\/\/packagingbucket.com\/wp-content\/uploads\/2024\/08\/5-Gallon-20-Litre-Plastic-Square-Buckets-Food-Grade-Plastic-Buckets-With-Lid-And-Handle-1.jpg&#039;)\">\n\n\t\t\t\n\t\t\t\t\t<\/div>\n\t\t\t\t\t\t\t\t<\/div>\n\t\t\t\t\t\t\t\t\t\t\t<div class=\"swiper-slide\" role=\"group\" aria-roledescription=\"slide\">\n\t\t\t\t\t\t\t\t\t<div class=\"elementor-carousel-image\" role=\"img\" aria-label=\"food grade or custom used mini plastic wine barrels for sale (2)\" style=\"background-image: url(&#039;https:\/\/packagingbucket.com\/wp-content\/uploads\/2024\/08\/5-Gallon-20-Litre-Plastic-Square-Buckets-Food-Grade-Plastic-Buckets-With-Lid-And-Handle-2.jpg&#039;)\">\n\n\t\t\t\n\t\t\t\t\t<\/div>\n\t\t\t\t\t\t\t\t<\/div>\n\t\t\t\t\t\t\t\t\t\t\t<div class=\"swiper-slide\" role=\"group\" aria-roledescription=\"slide\">\n\t\t\t\t\t\t\t\t\t<div class=\"elementor-carousel-image\" role=\"img\" aria-label=\"5 Gallon 20 Litre Plastic Square Buckets Food Grade Plastic Buckets With Lid And Handle-3\" style=\"background-image: url(&#039;https:\/\/packagingbucket.com\/wp-content\/uploads\/2024\/08\/5-Gallon-20-Litre-Plastic-Square-Buckets-Food-Grade-Plastic-Buckets-With-Lid-And-Handle-3.jpg&#039;)\">\n\n\t\t\t\n\t\t\t\t\t<\/div>\n\t\t\t\t\t\t\t\t<\/div>\n\t\t\t\t\t\t\t\t\t<\/div>\n\t\t\t\t\t\t\t\t\t\t\t\t\t\t\t\t\t\t\t\t\t<\/div>\n\t\t\t\t<\/div>\n\t\t\t\t\t\t\t\t<\/div>\n\t\t\t\t<\/div>\n\t\t\t\t<\/div>\n\t\t<div class=\"elementor-element elementor-element-d8cf1ea e-con-full e-flex e-con e-child\" data-id=\"d8cf1ea\" data-element_type=\"container\" data-settings=\"{&quot;_ha_eqh_enable&quot;:false}\">\n\t\t\t\t<div class=\"elementor-element elementor-element-c5bae44 elementor-button-align-stretch elementor-widget elementor-widget-form\" data-id=\"c5bae44\" data-element_type=\"widget\" data-settings=\"{&quot;step_next_label&quot;:&quot;Next&quot;,&quot;step_previous_label&quot;:&quot;Previous&quot;,&quot;button_width&quot;:&quot;100&quot;,&quot;step_type&quot;:&quot;number_text&quot;,&quot;step_icon_shape&quot;:&quot;circle&quot;}\" data-widget_type=\"form.default\">\n\t\t\t\t<div class=\"elementor-widget-container\">\n\t\t\t\t\t\t\t<form class=\"elementor-form\" method=\"post\" name=\"New Form\" aria-label=\"New Form\" action=\"\">\n\t\t\t<input type=\"hidden\" name=\"post_id\" value=\"1916\"\/>\n\t\t\t<input type=\"hidden\" name=\"form_id\" value=\"c5bae44\"\/>\n\t\t\t<input type=\"hidden\" name=\"referer_title\" value=\"Hot Sale 5 Gallon 20L Plastic Square Buckets Food Grade Plastic Buckets With Lid And Handle\" \/>\n\n\t\t\t\t\t\t\t<input type=\"hidden\" name=\"queried_id\" value=\"1916\"\/>\n\t\t\t\n\t\t\t<div class=\"elementor-form-fields-wrapper elementor-labels-above\">\n\t\t\t\t\t\t\t\t<div class=\"elementor-field-type-text elementor-field-group elementor-column elementor-field-group-name elementor-col-50\">\n\t\t\t\t\t\t\t\t\t\t\t\t<label for=\"form-field-name\" class=\"elementor-field-label\">\n\t\t\t\t\t\t\t\tNome\t\t\t\t\t\t\t<\/label>\n\t\t\t\t\t\t\t\t\t\t\t\t\t\t<input size=\"1\" type=\"text\" name=\"form_fields[name]\" id=\"form-field-name\" class=\"elementor-field elementor-size-sm  elementor-field-textual\" placeholder=\"Nome\">\n\t\t\t\t\t\t\t\t\t\t\t<\/div>\n\t\t\t\t\t\t\t\t<div class=\"elementor-field-type-text elementor-field-group elementor-column elementor-field-group-field_927622f elementor-col-50\">\n\t\t\t\t\t\t\t\t\t\t\t\t<label for=\"form-field-field_927622f\" class=\"elementor-field-label\">\n\t\t\t\t\t\t\t\tEmpresa\t\t\t\t\t\t\t<\/label>\n\t\t\t\t\t\t\t\t\t\t\t\t\t\t<input size=\"1\" type=\"text\" name=\"form_fields[field_927622f]\" id=\"form-field-field_927622f\" class=\"elementor-field elementor-size-sm  elementor-field-textual\" placeholder=\"Empresa\">\n\t\t\t\t\t\t\t\t\t\t\t<\/div>\n\t\t\t\t\t\t\t\t<div class=\"elementor-field-type-text elementor-field-group elementor-column elementor-field-group-field_b349b74 elementor-col-50\">\n\t\t\t\t\t\t\t\t\t\t\t\t<label for=\"form-field-field_b349b74\" class=\"elementor-field-label\">\n\t\t\t\t\t\t\t\tTelefone\t\t\t\t\t\t\t<\/label>\n\t\t\t\t\t\t\t\t\t\t\t\t\t\t<input size=\"1\" type=\"text\" name=\"form_fields[field_b349b74]\" id=\"form-field-field_b349b74\" class=\"elementor-field elementor-size-sm  elementor-field-textual\" placeholder=\"Telefone\">\n\t\t\t\t\t\t\t\t\t\t\t<\/div>\n\t\t\t\t\t\t\t\t<div class=\"elementor-field-type-email elementor-field-group elementor-column elementor-field-group-email elementor-col-50 elementor-field-required\">\n\t\t\t\t\t\t\t\t\t\t\t\t<label for=\"form-field-email\" class=\"elementor-field-label\">\n\t\t\t\t\t\t\t\tCorreio eletr\u00f3nico\t\t\t\t\t\t\t<\/label>\n\t\t\t\t\t\t\t\t\t\t\t\t\t\t<input size=\"1\" type=\"email\" name=\"form_fields[email]\" id=\"form-field-email\" class=\"elementor-field elementor-size-sm  elementor-field-textual\" placeholder=\"Correio eletr\u00f3nico\" required=\"required\">\n\t\t\t\t\t\t\t\t\t\t\t<\/div>\n\t\t\t\t\t\t\t\t<div class=\"elementor-field-type-text elementor-field-group elementor-column elementor-field-group-field_6127c68 elementor-col-50\">\n\t\t\t\t\t\t\t\t\t\t\t\t<label for=\"form-field-field_6127c68\" class=\"elementor-field-label\">\n\t\t\t\t\t\t\t\tQuantidade\t\t\t\t\t\t\t<\/label>\n\t\t\t\t\t\t\t\t\t\t\t\t\t\t<input size=\"1\" type=\"text\" name=\"form_fields[field_6127c68]\" id=\"form-field-field_6127c68\" class=\"elementor-field elementor-size-sm  elementor-field-textual\" placeholder=\"Para o pre\u00e7o unit\u00e1rio\">\n\t\t\t\t\t\t\t\t\t\t\t<\/div>\n\t\t\t\t\t\t\t\t<div class=\"elementor-field-type-text elementor-field-group elementor-column elementor-field-group-field_60832b6 elementor-col-50\">\n\t\t\t\t\t\t\t\t\t\t\t\t<label for=\"form-field-field_60832b6\" class=\"elementor-field-label\">\n\t\t\t\t\t\t\t\tEndere\u00e7o\t\t\t\t\t\t\t<\/label>\n\t\t\t\t\t\t\t\t\t\t\t\t\t\t<input size=\"1\" type=\"text\" name=\"form_fields[field_60832b6]\" id=\"form-field-field_60832b6\" class=\"elementor-field elementor-size-sm  elementor-field-textual\" placeholder=\"Para expedi\u00e7\u00e3o\">\n\t\t\t\t\t\t\t\t\t\t\t<\/div>\n\t\t\t\t\t\t\t\t<div class=\"elementor-field-type-textarea elementor-field-group elementor-column elementor-field-group-message elementor-col-100\">\n\t\t\t\t\t\t\t\t\t\t\t\t<label for=\"form-field-message\" class=\"elementor-field-label\">\n\t\t\t\t\t\t\t\tMensagem\t\t\t\t\t\t\t<\/label>\n\t\t\t\t\t\t<textarea class=\"elementor-field-textual elementor-field  elementor-size-sm\" name=\"form_fields[message]\" id=\"form-field-message\" rows=\"7\" placeholder=\"Mensagem\"><\/textarea>\t\t\t\t<\/div>\n\t\t\t\t\t\t\t\t<div class=\"elementor-field-type-recaptcha elementor-field-group elementor-column elementor-field-group-field_d02733a elementor-col-100\">\n\t\t\t\t\t<div class=\"elementor-field\" id=\"form-field-field_d02733a\"><div class=\"elementor-g-recaptcha\" data-sitekey=\"6Ldyb4wqAAAAAC7k_YINJmhbMfzGr0RRN6LnvDEy\" data-type=\"v2_checkbox\" data-theme=\"light\" data-size=\"normal\"><\/div><\/div>\t\t\t\t<\/div>\n\t\t\t\t\t\t\t\t<div class=\"elementor-field-group elementor-column elementor-field-type-submit elementor-col-100 e-form__buttons\">\n\t\t\t\t\t<button class=\"elementor-button elementor-size-sm\" type=\"submit\">\n\t\t\t\t\t\t<span class=\"elementor-button-content-wrapper\">\n\t\t\t\t\t\t\t\t\t\t\t\t\t\t\t\t\t\t\t\t\t\t<span class=\"elementor-button-text\">Enviar<\/span>\n\t\t\t\t\t\t\t\t\t\t\t\t\t<\/span>\n\t\t\t\t\t<\/button>\n\t\t\t\t<\/div>\n\t\t\t<\/div>\n\t\t<input type=\"hidden\" name=\"trp-form-language\" value=\"pt\"\/><\/form>\n\t\t\t\t\t\t<\/div>\n\t\t\t\t<\/div>\n\t\t<div class=\"elementor-element elementor-element-06a6cb6 e-con-full e-flex e-con e-child\" data-id=\"06a6cb6\" data-element_type=\"container\" data-settings=\"{&quot;_ha_eqh_enable&quot;:false}\">\n\t\t<div class=\"elementor-element elementor-element-e6843ea e-con-full e-flex e-con e-child\" data-id=\"e6843ea\" data-element_type=\"container\" data-settings=\"{&quot;_ha_eqh_enable&quot;:false}\">\n\t\t\t\t<div class=\"elementor-element elementor-element-d5a2ed0 elementor-widget elementor-widget-post-info\" data-id=\"d5a2ed0\" data-element_type=\"widget\" data-widget_type=\"post-info.default\">\n\t\t\t\t<div class=\"elementor-widget-container\">\n\t\t\t\t\t\t\t<ul class=\"elementor-inline-items elementor-icon-list-items elementor-post-info\">\n\t\t\t\t\t\t\t\t<li class=\"elementor-icon-list-item elementor-repeater-item-bb696c5 elementor-inline-item\" itemprop=\"about\">\n\t\t\t\t\t\t\t\t\t\t<span class=\"elementor-icon-list-icon\">\n\t\t\t\t\t\t\t\t<svg aria-hidden=\"true\" class=\"e-font-icon-svg e-fas-tags\" viewbox=\"0 0 640 512\" xmlns=\"http:\/\/www.w3.org\/2000\/svg\"><path d=\"M497.941 225.941L286.059 14.059A48 48 0 0 0 252.118 0H48C21.49 0 0 21.49 0 48v204.118a48 48 0 0 0 14.059 33.941l211.882 211.882c18.744 18.745 49.136 18.746 67.882 0l204.118-204.118c18.745-18.745 18.745-49.137 0-67.882zM112 160c-26.51 0-48-21.49-48-48s21.49-48 48-48 48 21.49 48 48-21.49 48-48 48zm513.941 133.823L421.823 497.941c-18.745 18.745-49.137 18.745-67.882 0l-.36-.36L527.64 323.522c16.999-16.999 26.36-39.6 26.36-63.64s-9.362-46.641-26.36-63.64L331.397 0h48.721a48 48 0 0 1 33.941 14.059l211.882 211.882c18.745 18.745 18.745 49.137 0 67.882z\"><\/path><\/svg>\t\t\t\t\t\t\t<\/span>\n\t\t\t\t\t\t\t\t\t<span class=\"elementor-icon-list-text elementor-post-info__item elementor-post-info__item--type-terms\">\n\t\t\t\t\t\t\t\t\t\t<span class=\"elementor-post-info__terms-list\">\n\t\t\t\t<a href=\"https:\/\/packagingbucket.com\/pt\/packaging-buckets\/square-plastic-buckets\/20l-square-plastic-buckets\/\" class=\"elementor-post-info__terms-list-item\">Baldes de pl\u00e1stico quadrados de 20L<\/a>, <a href=\"https:\/\/packagingbucket.com\/pt\/packaging-buckets\/cleaning-buckets\/\" class=\"elementor-post-info__terms-list-item\">Baldes de limpeza<\/a>, <a href=\"https:\/\/packagingbucket.com\/pt\/packaging-buckets\/food-and-beverage-buckets\/\" class=\"elementor-post-info__terms-list-item\">Baldes para alimentos e bebidas<\/a>, <a href=\"https:\/\/packagingbucket.com\/pt\/packaging-buckets\/health-care-buckets\/\" class=\"elementor-post-info__terms-list-item\">Baldes de cuidados de sa\u00fade<\/a>, <a href=\"https:\/\/packagingbucket.com\/pt\/packaging-buckets\/\" class=\"elementor-post-info__terms-list-item\">Baldes de embalagem<\/a>, <a href=\"https:\/\/packagingbucket.com\/pt\/packaging-buckets\/paint-and-coating-buckets\/\" class=\"elementor-post-info__terms-list-item\">Baldes para tintas e revestimentos<\/a>, <a href=\"https:\/\/packagingbucket.com\/pt\/packaging-buckets\/pet-food-buckets\/\" class=\"elementor-post-info__terms-list-item\">Baldes PET para alimentos<\/a>, <a href=\"https:\/\/packagingbucket.com\/pt\/packaging-buckets\/square-plastic-buckets\/\" class=\"elementor-post-info__terms-list-item\">Baldes de pl\u00e1stico quadrados<\/a>\t\t\t\t<\/span>\n\t\t\t\t\t<\/span>\n\t\t\t\t\t\t\t\t<\/li>\n\t\t\t\t<\/ul>\n\t\t\t\t\t\t<\/div>\n\t\t\t\t<\/div>\n\t\t\t\t<\/div>\n\t\t<div class=\"elementor-element elementor-element-818edd9 e-con-full e-flex e-con e-child\" data-id=\"818edd9\" data-element_type=\"container\" data-settings=\"{&quot;_ha_eqh_enable&quot;:false}\">\n\t\t\t\t<div class=\"elementor-element elementor-element-9c89e0d elementor-widget elementor-widget-post-info\" data-id=\"9c89e0d\" data-element_type=\"widget\" data-widget_type=\"post-info.default\">\n\t\t\t\t<div class=\"elementor-widget-container\">\n\t\t\t\t\t\t\t<ul class=\"elementor-inline-items elementor-icon-list-items elementor-post-info\">\n\t\t\t\t\t\t\t\t<li class=\"elementor-icon-list-item elementor-repeater-item-bb696c5 elementor-inline-item\" itemprop=\"about\">\n\t\t\t\t\t\t\t\t\t\t<span class=\"elementor-icon-list-icon\">\n\t\t\t\t\t\t\t\t<svg aria-hidden=\"true\" class=\"e-font-icon-svg e-fas-tags\" viewbox=\"0 0 640 512\" xmlns=\"http:\/\/www.w3.org\/2000\/svg\"><path d=\"M497.941 225.941L286.059 14.059A48 48 0 0 0 252.118 0H48C21.49 0 0 21.49 0 48v204.118a48 48 0 0 0 14.059 33.941l211.882 211.882c18.744 18.745 49.136 18.746 67.882 0l204.118-204.118c18.745-18.745 18.745-49.137 0-67.882zM112 160c-26.51 0-48-21.49-48-48s21.49-48 48-48 48 21.49 48 48-21.49 48-48 48zm513.941 133.823L421.823 497.941c-18.745 18.745-49.137 18.745-67.882 0l-.36-.36L527.64 323.522c16.999-16.999 26.36-39.6 26.36-63.64s-9.362-46.641-26.36-63.64L331.397 0h48.721a48 48 0 0 1 33.941 14.059l211.882 211.882c18.745 18.745 18.745 49.137 0 67.882z\"><\/path><\/svg>\t\t\t\t\t\t\t<\/span>\n\t\t\t\t\t\t\t\t\t<span class=\"elementor-icon-list-text elementor-post-info__item elementor-post-info__item--type-terms\">\n\t\t\t\t\t\t\t\t\t\t<span class=\"elementor-post-info__terms-list\">\n\t\t\t\t<a href=\"https:\/\/packagingbucket.com\/pt\/tag\/20l-square-plastic-packaging-buckets\/\" class=\"elementor-post-info__terms-list-item\">Baldes quadrados de 20L para embalagens de pl\u00e1stico<\/a>, <a href=\"https:\/\/packagingbucket.com\/pt\/tag\/food-and-beverage-buckets\/\" class=\"elementor-post-info__terms-list-item\">Baldes para alimentos e bebidas<\/a>, <a href=\"https:\/\/packagingbucket.com\/pt\/tag\/household-cleaning-buckets\/\" class=\"elementor-post-info__terms-list-item\">Baldes para limpeza dom\u00e9stica<\/a>, <a href=\"https:\/\/packagingbucket.com\/pt\/tag\/paint-and-coating-buckets\/\" class=\"elementor-post-info__terms-list-item\">Baldes para tintas e revestimentos<\/a>, <a href=\"https:\/\/packagingbucket.com\/pt\/tag\/pet-food-buckets\/\" class=\"elementor-post-info__terms-list-item\">Baldes PET para alimentos<\/a>, <a href=\"https:\/\/packagingbucket.com\/pt\/tag\/square-platic-buckets\/\" class=\"elementor-post-info__terms-list-item\">Baldes de pl\u00e1stico quadrados<\/a>\t\t\t\t<\/span>\n\t\t\t\t\t<\/span>\n\t\t\t\t\t\t\t\t<\/li>\n\t\t\t\t<\/ul>\n\t\t\t\t\t\t<\/div>\n\t\t\t\t<\/div>\n\t\t\t\t<\/div>\n\t\t\t\t<\/div>\n\t\t\t\t<\/div>\n\t\t\t\t\t<\/div>\n\t\t\t\t<\/div>\n\t\t<div class=\"elementor-element elementor-element-780f46c e-flex e-con-boxed e-con e-parent\" data-id=\"780f46c\" data-element_type=\"container\" data-settings=\"{&quot;_ha_eqh_enable&quot;:false}\">\n\t\t\t\t\t<div class=\"e-con-inner\">\n\t\t\t\t<div class=\"elementor-element elementor-element-a94a725 elementor-widget elementor-widget-heading\" data-id=\"a94a725\" data-element_type=\"widget\" data-widget_type=\"heading.default\">\n\t\t\t\t<div class=\"elementor-widget-container\">\n\t\t\t\t\t<h2 class=\"elementor-heading-title elementor-size-default\">1. Qualidade inigual\u00e1vel: Porque \u00e9 que os nossos baldes quadrados de pl\u00e1stico de 5 gal\u00f5es e 20 litros s\u00e3o a melhor escolha<\/h2>\t\t\t\t<\/div>\n\t\t\t\t<\/div>\n\t\t\t\t<div class=\"elementor-element elementor-element-80e335a elementor-widget elementor-widget-text-editor\" data-id=\"80e335a\" data-element_type=\"widget\" data-widget_type=\"text-editor.default\">\n\t\t\t\t<div class=\"elementor-widget-container\">\n\t\t\t\t\t\t\t\t\t<p>No mundo das embalagens, a procura de recipientes duradouros, vers\u00e1teis e seguros \u00e9 cada vez maior. Enquanto fabricante l\u00edder de solu\u00e7\u00f5es de embalagens de pl\u00e1stico, orgulhamo-nos de oferecer as <strong>Baldes quadrados de pl\u00e1stico de 5 gal\u00f5es e 20 litros Baldes de pl\u00e1stico de qualidade alimentar com tampa e pega<\/strong>. Estes baldes foram concebidos para cumprir os requisitos rigorosos de v\u00e1rios sectores, desde o armazenamento de alimentos a aplica\u00e7\u00f5es industriais. Este guia ir\u00e1 aprofundar as in\u00fameras vantagens e pontos de venda \u00fanicos dos nossos baldes quadrados de 5 gal\u00f5es, proporcionando uma compreens\u00e3o abrangente da raz\u00e3o pela qual s\u00e3o a escolha perfeita para a sua empresa.<\/p><p>Iremos explorar os materiais de alta qualidade, as aplica\u00e7\u00f5es vers\u00e1teis, as op\u00e7\u00f5es de personaliza\u00e7\u00e3o, a sustentabilidade e as carater\u00edsticas de seguran\u00e7a que fazem com que os nossos baldes se destaquem no mercado. No final deste guia, ter\u00e1 uma compreens\u00e3o completa de como os nossos produtos podem melhorar as suas opera\u00e7\u00f5es e contribuir para o sucesso do seu neg\u00f3cio.<\/p><p>A qualidade \u00e9 a pedra angular de qualquer solu\u00e7\u00e3o de embalagem bem sucedida, e os nossos Baldes Quadrados de Pl\u00e1stico de 5 Gal\u00f5es e 20 Litros n\u00e3o s\u00e3o exce\u00e7\u00e3o. Eis porque \u00e9 que os nossos baldes s\u00e3o a melhor escolha para o seu neg\u00f3cio.<\/p><p><strong>1.1. Material PP de qualidade alimentar superior<\/strong><\/p><p>Os nossos baldes s\u00e3o fabricados com material de polipropileno (PP) de alta qualidade e de qualidade alimentar, garantindo que s\u00e3o seguros para armazenar consum\u00edveis e outros produtos sens\u00edveis. Este material \u00e9 conhecido pela sua durabilidade, resist\u00eancia qu\u00edmica e capacidade de suportar temperaturas extremas, tornando-o ideal para uma vasta gama de aplica\u00e7\u00f5es. A utiliza\u00e7\u00e3o de material PP de qualidade alimentar garante que os seus produtos n\u00e3o s\u00e3o contaminados e mant\u00eam a sua qualidade durante todo o prazo de validade.<\/p><p><strong>1.2. Constru\u00e7\u00e3o robusta para utiliza\u00e7\u00e3o em trabalhos pesados<\/strong><\/p><p>A constru\u00e7\u00e3o robusta dos nossos baldes de 5 gal\u00f5es garante que podem suportar os rigores da utiliza\u00e7\u00e3o di\u00e1ria, incluindo o manuseamento brusco, o empilhamento e o transporte. As paredes espessas e os cantos refor\u00e7ados proporcionam uma resist\u00eancia adicional, garantindo que os baldes mant\u00eam a sua forma e integridade, mesmo quando cheios at\u00e9 \u00e0 capacidade m\u00e1xima. Esta durabilidade torna-os adequados para aplica\u00e7\u00f5es pesadas, como o armazenamento e o transporte industrial.<\/p><p><strong>1.3. Design pr\u00e1tico com carater\u00edsticas convenientes<\/strong><\/p><p>Os nossos baldes quadrados foram concebidos tendo em mente o car\u00e1cter pr\u00e1tico. A forma quadrada permite uma arruma\u00e7\u00e3o mais eficiente, uma vez que os baldes podem ser empilhados de forma organizada para maximizar o espa\u00e7o. A pega ergon\u00f3mica proporciona uma ader\u00eancia confort\u00e1vel, tornando-o f\u00e1cil de transportar mesmo quando o balde est\u00e1 cheio. Al\u00e9m disso, a tampa segura garante que o conte\u00fado est\u00e1 protegido contra contamina\u00e7\u00e3o e fugas, proporcionando tranquilidade durante o armazenamento e o transporte.<\/p><p><strong>1.4. Normas de fabrico conformes \u00e0 ind\u00fastria<\/strong><\/p><p>Fabricamos os nossos baldes em conformidade com todas as normas relevantes da ind\u00fastria, garantindo que cumprem os requisitos de seguran\u00e7a e qualidade necess\u00e1rios. Isto inclui a conformidade com os regulamentos de seguran\u00e7a alimentar, tornando os nossos baldes adequados para armazenar produtos alimentares. O nosso compromisso com a qualidade e a seguran\u00e7a significa que pode confiar nos nossos baldes para um desempenho fi\u00e1vel em qualquer aplica\u00e7\u00e3o.<\/p><p><strong>1.5. Registo comprovado de satisfa\u00e7\u00e3o dos clientes<\/strong><\/p><p>Os nossos baldes t\u00eam sido utilizados por empresas de v\u00e1rios sectores, e temos recebido um feedback consistentemente positivo relativamente ao seu desempenho e durabilidade. Os nossos clientes apreciam a qualidade, a fiabilidade e o car\u00e1cter pr\u00e1tico dos nossos baldes, raz\u00e3o pela qual continuam a escolher os nossos produtos para as suas necessidades de embalagem.<\/p>\t\t\t\t\t\t\t\t<\/div>\n\t\t\t\t<\/div>\n\t\t\t\t\t<\/div>\n\t\t\t\t<\/div>\n\t\t<div class=\"elementor-element elementor-element-7b4fd66 e-flex e-con-boxed e-con e-parent\" data-id=\"7b4fd66\" data-element_type=\"container\" data-settings=\"{&quot;_ha_eqh_enable&quot;:false}\">\n\t\t\t\t\t<div class=\"e-con-inner\">\n\t\t\t\t<div class=\"elementor-element elementor-element-6f2702a elementor-widget elementor-widget-heading\" data-id=\"6f2702a\" data-element_type=\"widget\" data-widget_type=\"heading.default\">\n\t\t\t\t<div class=\"elementor-widget-container\">\n\t\t\t\t\t<h2 class=\"elementor-heading-title elementor-size-default\">2. Aplica\u00e7\u00f5es vers\u00e1teis: Ideal para armazenamento de alimentos, uso industrial e muito mais<\/h2>\t\t\t\t<\/div>\n\t\t\t\t<\/div>\n\t\t\t\t<div class=\"elementor-element elementor-element-eb7c906 elementor-widget elementor-widget-text-editor\" data-id=\"eb7c906\" data-element_type=\"widget\" data-widget_type=\"text-editor.default\">\n\t\t\t\t<div class=\"elementor-widget-container\">\n\t\t\t\t\t\t\t\t\t<div class=\"flex-shrink-0 flex flex-col relative items-end\"><div class=\"pt-0\"><div class=\"gizmo-bot-avatar flex h-8 w-8 items-center justify-center overflow-hidden rounded-full\"><div class=\"relative p-1 rounded-sm flex items-center justify-center bg-token-main-surface-primary text-token-text-primary h-8 w-8\"><p>Uma das principais vantagens dos nossos baldes quadrados de pl\u00e1stico de 5 gal\u00f5es e 20 litros \u00e9 a sua versatilidade. Estes baldes s\u00e3o adequados para uma vasta gama de aplica\u00e7\u00f5es, o que os torna uma adi\u00e7\u00e3o valiosa para qualquer neg\u00f3cio.<\/p><p><strong>2.1. Perfeito para armazenamento e processamento de alimentos<\/strong><\/p><p>Os nossos baldes s\u00e3o ideais para armazenar e processar v\u00e1rios produtos alimentares, gra\u00e7as ao seu material de qualidade alimentar e \u00e0s capacidades de veda\u00e7\u00e3o herm\u00e9tica. Quer esteja a armazenar ingredientes a granel, alimentos preparados ou l\u00edquidos, os nossos baldes proporcionam uma solu\u00e7\u00e3o segura e fi\u00e1vel. A tampa herm\u00e9tica ajuda a preservar a frescura do conte\u00fado, enquanto a constru\u00e7\u00e3o duradoura garante que o balde pode suportar as exig\u00eancias dos ambientes de processamento de alimentos.<\/p><p><strong>2.2. Fi\u00e1vel para armazenamento industrial e qu\u00edmico<\/strong><\/p><p>A resist\u00eancia qu\u00edmica e a durabilidade do nosso material PP tornam estes baldes perfeitos para armazenar e transportar produtos qu\u00edmicos, tintas e outros produtos industriais. O design robusto garante que os baldes conseguem suportar o peso e a press\u00e3o dos materiais industriais, enquanto a tampa segura evita fugas e derrames. Esta fiabilidade faz dos nossos baldes uma escolha de confian\u00e7a para aplica\u00e7\u00f5es industriais.<\/p><p><strong>2.3. Utiliza\u00e7\u00e3o vers\u00e1til na agricultura e na agropecu\u00e1ria<\/strong><\/p><p>No sector agr\u00edcola, os nossos baldes s\u00e3o utilizados para armazenar ra\u00e7\u00f5es, fertilizantes e outros produtos agr\u00edcolas. O design resistente \u00e0s intemp\u00e9ries protege o conte\u00fado da humidade e das pragas, enquanto a constru\u00e7\u00e3o robusta consegue lidar com os desafios da utiliza\u00e7\u00e3o agr\u00edcola. A forma quadrada tamb\u00e9m permite um empilhamento eficiente em celeiros e armaz\u00e9ns, optimizando o espa\u00e7o de armazenamento.<\/p><p><strong>2.4. Pr\u00e1tico para projectos dom\u00e9sticos e de bricolage<\/strong><\/p><p>Para al\u00e9m da utiliza\u00e7\u00e3o comercial e industrial, os nossos baldes tamb\u00e9m s\u00e3o pr\u00e1ticos para projectos dom\u00e9sticos e de bricolage. Quer esteja a armazenar material de limpeza, ferramentas ou materiais de jardinagem, estes baldes proporcionam uma solu\u00e7\u00e3o duradoura e f\u00e1cil de manusear. A tampa segura e a pega ergon\u00f3mica fazem deles uma escolha conveniente para v\u00e1rias aplica\u00e7\u00f5es em casa e no jardim.<\/p><p><strong>2.5. Ideal para retalho e distribui\u00e7\u00e3o<\/strong><\/p><p>Para retalhistas e distribuidores, os nossos baldes oferecem uma solu\u00e7\u00e3o de embalagem vers\u00e1til que pode ser personalizada para satisfazer necessidades espec\u00edficas de marca. A constru\u00e7\u00e3o duradoura garante que os baldes podem suportar as exig\u00eancias do transporte e manuseamento, enquanto o design personaliz\u00e1vel permite uma embalagem atractiva e consistente com a marca. Isto faz dos nossos baldes a escolha ideal para produtos de retalho que requerem embalagens robustas e visualmente apelativas.<\/p><\/div><\/div><\/div><\/div>\t\t\t\t\t\t\t\t<\/div>\n\t\t\t\t<\/div>\n\t\t\t\t\t<\/div>\n\t\t\t\t<\/div>\n\t\t<div class=\"elementor-element elementor-element-10a3c46 e-flex e-con-boxed e-con e-parent\" data-id=\"10a3c46\" data-element_type=\"container\" data-settings=\"{&quot;_ha_eqh_enable&quot;:false}\">\n\t\t\t\t\t<div class=\"e-con-inner\">\n\t\t\t\t<div class=\"elementor-element elementor-element-7e80bba elementor-widget elementor-widget-heading\" data-id=\"7e80bba\" data-element_type=\"widget\" data-widget_type=\"heading.default\">\n\t\t\t\t<div class=\"elementor-widget-container\">\n\t\t\t\t\t<h2 class=\"elementor-heading-title elementor-size-default\">3. Op\u00e7\u00f5es de marca personalizadas: Eleve a sua marca com baldes personalizados<\/h2>\t\t\t\t<\/div>\n\t\t\t\t<\/div>\n\t\t\t\t<div class=\"elementor-element elementor-element-da49909 elementor-widget elementor-widget-text-editor\" data-id=\"da49909\" data-element_type=\"widget\" data-widget_type=\"text-editor.default\">\n\t\t\t\t<div class=\"elementor-widget-container\">\n\t\t\t\t\t\t\t\t\t<p>A marca \u00e9 um aspeto crucial da apresenta\u00e7\u00e3o do produto e os nossos baldes quadrados de pl\u00e1stico de 5 gal\u00f5es e 20 litros oferecem uma gama de op\u00e7\u00f5es de personaliza\u00e7\u00e3o para o ajudar a elevar a sua marca.<\/p><p><strong>3.1. Op\u00e7\u00f5es de cores personalizadas para consist\u00eancia da marca<\/strong><\/p><p>Oferecemos uma variedade de op\u00e7\u00f5es de cores para os nossos baldes, permitindo-lhe escolher uma tonalidade que se alinhe com a identidade da sua marca. As cores personalizadas n\u00e3o s\u00f3 fazem com que os seus produtos se destaquem, como tamb\u00e9m refor\u00e7am o reconhecimento da marca entre os consumidores. Quer esteja \u00e0 procura de uma cor arrojada e vibrante ou de um tom mais subtil e profissional, podemos satisfazer as suas necessidades de marca.<\/p><p><strong>3.2. Impress\u00e3o de log\u00f3tipo de alta qualidade para uma maior visibilidade<\/strong><\/p><p>O seu log\u00f3tipo \u00e9 um elemento fundamental da identidade da sua marca e os nossos baldes proporcionam uma excelente superf\u00edcie para a impress\u00e3o de log\u00f3tipos de alta qualidade. O nosso processo de impress\u00e3o garante que o seu log\u00f3tipo \u00e9 n\u00edtido, vibrante e duradouro, mantendo o seu aspeto mesmo com a utiliza\u00e7\u00e3o repetida. Isto ajuda a melhorar a visibilidade da marca e a criar um aspeto profissional e coeso para os seus produtos.<\/p><p><strong>3.3. Rotulagem privada para linhas de produtos exclusivas<\/strong><\/p><p>Para as empresas que pretendem criar linhas de produtos exclusivas, oferecemos servi\u00e7os de rotulagem privada que lhe permitem marcar os baldes com as suas pr\u00f3prias etiquetas. Isto \u00e9 particularmente vantajoso para retalhistas e distribuidores que pretendam oferecer produtos \u00fanicos com a sua pr\u00f3pria marca. A rotulagem privada ajuda-o a criar fidelidade \u00e0 marca e a diferenciar os seus produtos da concorr\u00eancia.<\/p><p><strong>3.4. Designs de tampas personalizados para maior funcionalidade<\/strong><\/p><p>Para al\u00e9m da personaliza\u00e7\u00e3o de baldes, oferecemos designs de tampas personalizados que podem melhorar a funcionalidade da sua embalagem. Quer necessite de um selo inviol\u00e1vel, de um bico de despejo ou de pegas adicionais, podemos personalizar a tampa para satisfazer os seus requisitos espec\u00edficos. Estas melhorias n\u00e3o s\u00f3 melhoram a experi\u00eancia do utilizador, como tamb\u00e9m acrescentam valor ao seu produto.<\/p><p><strong>3.5. Suporte abrangente \u00e0 personaliza\u00e7\u00e3o<\/strong><\/p><p>A nossa equipa dedica-se a fornecer um apoio abrangente \u00e0 personaliza\u00e7\u00e3o, garantindo que os seus baldes cumprem as suas especifica\u00e7\u00f5es exactas. Desde a fase inicial de conce\u00e7\u00e3o at\u00e9 \u00e0 produ\u00e7\u00e3o final, trabalhamos em estreita colabora\u00e7\u00e3o consigo para criar uma solu\u00e7\u00e3o de embalagem que reflicta a identidade da sua marca e satisfa\u00e7a as suas necessidades funcionais. O nosso objetivo \u00e9 fornecer um produto que n\u00e3o s\u00f3 proteja os seus bens, como tamb\u00e9m melhore a presen\u00e7a da sua marca no mercado.<\/p>\t\t\t\t\t\t\t\t<\/div>\n\t\t\t\t<\/div>\n\t\t\t\t<div class=\"elementor-element elementor-element-1ed92a2 elementor-widget elementor-widget-heading\" data-id=\"1ed92a2\" data-element_type=\"widget\" data-widget_type=\"heading.default\">\n\t\t\t\t<div class=\"elementor-widget-container\">\n\t\t\t\t\t<h2 class=\"elementor-heading-title elementor-size-default\">4. Sustent\u00e1vel e rent\u00e1vel: Investir em solu\u00e7\u00f5es de embalagem duradouras e respeitadoras do ambiente<\/h2>\t\t\t\t<\/div>\n\t\t\t\t<\/div>\n\t\t\t\t<div class=\"elementor-element elementor-element-7f6cef6 elementor-widget elementor-widget-text-editor\" data-id=\"7f6cef6\" data-element_type=\"widget\" data-widget_type=\"text-editor.default\">\n\t\t\t\t<div class=\"elementor-widget-container\">\n\t\t\t\t\t\t\t\t\t<p>No mercado atual, a sustentabilidade \u00e9 mais importante do que nunca. Os nossos baldes quadrados de pl\u00e1stico de 5 gal\u00f5es e 20 litros oferecem uma solu\u00e7\u00e3o de embalagem ecol\u00f3gica e econ\u00f3mica que beneficia tanto a sua empresa como o ambiente.<\/p><p><strong>4.1. Fabricado a partir de materiais recicl\u00e1veis<\/strong><\/p><p>Os nossos baldes s\u00e3o feitos de polipropileno recicl\u00e1vel, o que os torna uma escolha ambientalmente respons\u00e1vel. Ao escolher materiais recicl\u00e1veis, est\u00e1 a contribuir para a redu\u00e7\u00e3o dos res\u00edduos de pl\u00e1stico e a apoiar uma economia circular. Este compromisso com a sustentabilidade \u00e9 particularmente apelativo para os consumidores que d\u00e3o prioridade a produtos ecol\u00f3gicos, ajudando-o a satisfazer as suas expectativas.<\/p><p><strong>4.2. Conce\u00e7\u00e3o reutiliz\u00e1vel para utiliza\u00e7\u00e3o a longo prazo<\/strong><\/p><p>A durabilidade dos nossos baldes significa que podem ser reutilizados v\u00e1rias vezes, reduzindo a necessidade de embalagens de utiliza\u00e7\u00e3o \u00fanica. Isto n\u00e3o s\u00f3 permite poupar dinheiro, como tamb\u00e9m minimiza os res\u00edduos, tornando os nossos baldes uma op\u00e7\u00e3o sustent\u00e1vel para as empresas que procuram reduzir a sua pegada ambiental. A constru\u00e7\u00e3o robusta garante que os baldes permanecem funcionais mesmo ap\u00f3s utiliza\u00e7\u00e3o repetida, proporcionando um valor a longo prazo.<\/p><p><strong>4.3. Compras em massa para poupan\u00e7a de custos<\/strong><\/p><p>Oferecemos pre\u00e7os competitivos para encomendas a granel, permitindo-lhe tirar partido de poupan\u00e7as de custos significativas. Ao comprar os nossos baldes a granel, pode reduzir os seus custos de embalagem e aumentar as suas margens de lucro. Isto faz com que os nossos baldes sejam uma op\u00e7\u00e3o acess\u00edvel para empresas de todas as dimens\u00f5es, desde pequenas empresas a grandes corpora\u00e7\u00f5es.<\/p><p><strong>4.4. Armazenamento e transporte eficientes<\/strong><\/p><p>O design quadrado dos nossos baldes permite um empilhamento e armazenamento eficientes, maximizando o espa\u00e7o no seu armaz\u00e9m ou durante o transporte. Esta efici\u00eancia n\u00e3o s\u00f3 poupa espa\u00e7o como tamb\u00e9m reduz os custos de transporte, uma vez que podem ser enviadas mais unidades numa \u00fanica carga. Os custos de transporte reduzidos contribuem para a poupan\u00e7a global de custos, tornando os nossos baldes uma solu\u00e7\u00e3o econ\u00f3mica para a sua empresa.<\/p><p><strong>4.5. Alinhamento com as prefer\u00eancias dos consumidores por produtos sustent\u00e1veis<\/strong><\/p><p>Os consumidores procuram cada vez mais produtos sustent\u00e1veis, e os nossos baldes ecol\u00f3gicos ajudam-no a satisfazer esta procura. Ao oferecer embalagens que s\u00e3o simultaneamente dur\u00e1veis e recicl\u00e1veis, pode apelar a consumidores ambientalmente conscientes e construir uma reputa\u00e7\u00e3o de marca positiva. Este alinhamento com as prefer\u00eancias dos consumidores pode levar a um aumento das vendas e \u00e0 fideliza\u00e7\u00e3o dos clientes.<\/p>\t\t\t\t\t\t\t\t<\/div>\n\t\t\t\t<\/div>\n\t\t\t\t<div class=\"elementor-element elementor-element-07c4699 elementor-widget elementor-widget-heading\" data-id=\"07c4699\" data-element_type=\"widget\" data-widget_type=\"heading.default\">\n\t\t\t\t<div class=\"elementor-widget-container\">\n\t\t\t\t\t<h2 class=\"elementor-heading-title elementor-size-default\">5. Garantir a seguran\u00e7a e a frescura: Veda\u00e7\u00e3o herm\u00e9tica e materiais de qualidade alimentar para uma maior tranquilidade<\/h2>\t\t\t\t<\/div>\n\t\t\t\t<\/div>\n\t\t\t\t<div class=\"elementor-element elementor-element-ec7824b elementor-widget elementor-widget-text-editor\" data-id=\"ec7824b\" data-element_type=\"widget\" data-widget_type=\"text-editor.default\">\n\t\t\t\t<div class=\"elementor-widget-container\">\n\t\t\t\t\t\t\t\t\t<p>A seguran\u00e7a e a frescura s\u00e3o considera\u00e7\u00f5es cr\u00edticas para qualquer produto, e os nossos baldes quadrados de pl\u00e1stico de 5 gal\u00f5es e 20 litros foram concebidos para satisfazer estas necessidades.<\/p><p><strong>5.1. Selo herm\u00e9tico para uma frescura m\u00e1xima<\/strong><\/p><p>Os nossos baldes s\u00e3o fornecidos com uma tampa segura que cria uma veda\u00e7\u00e3o herm\u00e9tica, protegendo o conte\u00fado da contamina\u00e7\u00e3o, humidade e exposi\u00e7\u00e3o ao ar. Isto \u00e9 particularmente importante para os produtos alimentares, uma vez que a veda\u00e7\u00e3o herm\u00e9tica ajuda a manter a frescura e a prolongar o prazo de validade. Quer esteja a armazenar produtos secos, l\u00edquidos ou perec\u00edveis, os nossos baldes proporcionam a prote\u00e7\u00e3o necess\u00e1ria para manter os seus produtos frescos.<\/p><p><strong>5.2. Material PP de qualidade alimentar para armazenamento seguro<\/strong><\/p><p>A seguran\u00e7a \u00e9 uma prioridade m\u00e1xima, e os nossos baldes s\u00e3o fabricados com material PP de qualidade alimentar, isento de qu\u00edmicos nocivos e contaminantes. Isto garante que os seus produtos permanecem seguros para consumo, cumprindo todos os regulamentos de seguran\u00e7a alimentar relevantes. A utiliza\u00e7\u00e3o de materiais de qualidade alimentar torna os nossos baldes adequados para uma vasta gama de produtos alimentares, desde ingredientes a produtos acabados.<\/p><p><strong>5.3. Op\u00e7\u00f5es de tampa inviol\u00e1vel para maior seguran\u00e7a<\/strong><\/p><p>Para as empresas que necessitam de seguran\u00e7a adicional, oferecemos op\u00e7\u00f5es de tampas inviol\u00e1veis que proporcionam uma camada extra de prote\u00e7\u00e3o. Estas tampas ajudam a impedir o acesso n\u00e3o autorizado ao conte\u00fado, assegurando que os seus produtos permanecem seguros e protegidos durante o armazenamento e o transporte. As tampas inviol\u00e1veis s\u00e3o especialmente importantes para produtos que requerem um elevado n\u00edvel de seguran\u00e7a, como os produtos farmac\u00eauticos e qu\u00edmicos.<\/p><p><strong>5.4. Material resistente aos UV para armazenamento no exterior<\/strong><\/p><p>Os nossos baldes foram concebidos para resistir aos efeitos nocivos da luz UV, tornando-os adequados para armazenamento no exterior. O material resistente aos raios UV garante que os baldes n\u00e3o se degradam nem se tornam quebradi\u00e7os quando expostos \u00e0 luz solar, proporcionando uma durabilidade a longo prazo. Esta carater\u00edstica \u00e9 particularmente vantajosa para as empresas que necessitam de solu\u00e7\u00f5es de armazenamento no exterior, como a agricultura e a constru\u00e7\u00e3o.<\/p><p><strong>5.5. Testado e certificado para garantia de qualidade<\/strong><\/p><p>Os nossos baldes s\u00e3o submetidos a testes rigorosos para garantir que cumprem as normas da ind\u00fastria em termos de qualidade e seguran\u00e7a. Isto inclui testes de resist\u00eancia ao impacto, integridade da veda\u00e7\u00e3o e seguran\u00e7a do material. Ao escolher os nossos Baldes Quadrados de Pl\u00e1stico de 5 Gal\u00f5es e 20 Litros, pode ter a certeza de que est\u00e1 a investir num produto que foi cuidadosamente testado em termos de fiabilidade e desempenho.<\/p><hr \/><h3>Conclus\u00e3o<\/h3><p>O <strong>Baldes quadrados de pl\u00e1stico de 5 gal\u00f5es e 20 litros Baldes de pl\u00e1stico de qualidade alimentar com tampa e pega<\/strong> s\u00e3o uma escolha excecional para empresas de v\u00e1rios sectores. Desde a sua qualidade inigual\u00e1vel e aplica\u00e7\u00f5es vers\u00e1teis at\u00e9 \u00e0s suas op\u00e7\u00f5es de marca personalizada e sustentabilidade, estes baldes proporcionam a fiabilidade e funcionalidade que a sua empresa exige. Com carater\u00edsticas concebidas para garantir a seguran\u00e7a e a frescura, os nossos baldes s\u00e3o a solu\u00e7\u00e3o de embalagem perfeita para armazenamento de alimentos, utiliza\u00e7\u00e3o industrial e muito mais.<\/p><p>Ao escolher os nossos baldes, est\u00e1 a investir num produto que n\u00e3o s\u00f3 satisfaz as suas necessidades funcionais como tamb\u00e9m melhora a presen\u00e7a da sua marca no mercado. Contacte-nos hoje para saber mais sobre como os nossos Baldes Quadrados de Pl\u00e1stico de 5 Gal\u00f5es e 20 Litros podem apoiar o seu neg\u00f3cio e ajud\u00e1-lo a atingir os seus objectivos.<\/p>\t\t\t\t\t\t\t\t<\/div>\n\t\t\t\t<\/div>\n\t\t\t\t\t<\/div>\n\t\t\t\t<\/div>\n\t\t\t\t<section class=\"elementor-section elementor-top-section elementor-element elementor-element-2334e384 elementor-section-boxed elementor-section-height-default elementor-section-height-default\" data-id=\"2334e384\" data-element_type=\"section\" data-settings=\"{&quot;_ha_eqh_enable&quot;:false}\">\n\t\t\t\t\t\t<div class=\"elementor-container elementor-column-gap-default\">\n\t\t\t\t\t<div class=\"elementor-column elementor-col-50 elementor-top-column elementor-element elementor-element-58fce9e2\" data-id=\"58fce9e2\" data-element_type=\"column\">\n\t\t\t<div class=\"elementor-widget-wrap elementor-element-populated\">\n\t\t\t\t\t\t<div class=\"elementor-element elementor-element-651cbfba elementor-widget elementor-widget-image\" data-id=\"651cbfba\" data-element_type=\"widget\" data-widget_type=\"image.default\">\n\t\t\t\t<div class=\"elementor-widget-container\">\n\t\t\t\t\t\t\t\t\t\t\t\t\t\t\t<img fetchpriority=\"high\" decoding=\"async\" width=\"1400\" height=\"1000\" src=\"https:\/\/packagingbucket.com\/wp-content\/uploads\/2024\/08\/product-page-product.jpg\" class=\"attachment-large size-large wp-image-400\" alt=\"p\u00e1gina do produto-produto\" srcset=\"https:\/\/packagingbucket.com\/wp-content\/uploads\/2024\/08\/product-page-product.jpg 1400w, https:\/\/packagingbucket.com\/wp-content\/uploads\/2024\/08\/product-page-product-768x549.jpg 768w, https:\/\/packagingbucket.com\/wp-content\/uploads\/2024\/08\/product-page-product-18x12.jpg 18w\" sizes=\"(max-width: 1400px) 100vw, 1400px\" \/>\t\t\t\t\t\t\t\t\t\t\t\t\t\t\t<\/div>\n\t\t\t\t<\/div>\n\t\t\t\t\t<\/div>\n\t\t<\/div>\n\t\t\t\t<div class=\"elementor-column elementor-col-50 elementor-top-column elementor-element elementor-element-652b227\" data-id=\"652b227\" data-element_type=\"column\" data-settings=\"{&quot;background_background&quot;:&quot;classic&quot;}\">\n\t\t\t<div class=\"elementor-widget-wrap elementor-element-populated\">\n\t\t\t\t\t\t<div class=\"elementor-element elementor-element-344ce870 elementor-widget elementor-widget-heading\" data-id=\"344ce870\" data-element_type=\"widget\" data-widget_type=\"heading.default\">\n\t\t\t\t<div class=\"elementor-widget-container\">\n\t\t\t\t\t<h2 class=\"elementor-heading-title elementor-size-default\">Mais Baldes de embalagem<\/h2>\t\t\t\t<\/div>\n\t\t\t\t<\/div>\n\t\t\t\t<section class=\"elementor-section elementor-inner-section elementor-element elementor-element-b859674 elementor-section-boxed elementor-section-height-default elementor-section-height-default\" data-id=\"b859674\" data-element_type=\"section\" data-settings=\"{&quot;_ha_eqh_enable&quot;:false}\">\n\t\t\t\t\t\t<div class=\"elementor-container elementor-column-gap-default\">\n\t\t\t\t\t<div class=\"elementor-column elementor-col-100 elementor-inner-column elementor-element elementor-element-5ba189a\" data-id=\"5ba189a\" data-element_type=\"column\">\n\t\t\t<div class=\"elementor-widget-wrap elementor-element-populated\">\n\t\t\t\t\t\t<div class=\"elementor-element elementor-element-213e77f elementor-widget elementor-widget-text-editor\" data-id=\"213e77f\" data-element_type=\"widget\" data-widget_type=\"text-editor.default\">\n\t\t\t\t<div class=\"elementor-widget-container\">\n\t\t\t\t\t\t\t\t\t<p>Explore a nossa vasta gama de baldes para embalagens de pl\u00e1stico de alta qualidade, concebidos para v\u00e1rias ind\u00fastrias, incluindo a alimentar, a qu\u00edmica e a da constru\u00e7\u00e3o. Com op\u00e7\u00f5es personaliz\u00e1veis e normas de seguran\u00e7a certificadas, os nossos baldes garantem que os seus produtos s\u00e3o embalados de forma segura. Visite a nossa p\u00e1gina de produtos para rever todas as op\u00e7\u00f5es dispon\u00edveis e encontrar a solu\u00e7\u00e3o perfeita para as suas necessidades<\/p>\t\t\t\t\t\t\t\t<\/div>\n\t\t\t\t<\/div>\n\t\t\t\t<div class=\"elementor-element elementor-element-9f4ab7c elementor-widget elementor-widget-button\" data-id=\"9f4ab7c\" data-element_type=\"widget\" data-widget_type=\"button.default\">\n\t\t\t\t<div class=\"elementor-widget-container\">\n\t\t\t\t\t\t\t\t\t<div class=\"elementor-button-wrapper\">\n\t\t\t\t\t<a class=\"elementor-button elementor-button-link elementor-size-sm\" href=\"https:\/\/packagingbucket.com\/pt\/category\/packaging-buckets\/\">\n\t\t\t\t\t\t<span class=\"elementor-button-content-wrapper\">\n\t\t\t\t\t\t\t\t\t<span class=\"elementor-button-text\">Encontrar mais baldes de embalagem<\/span>\n\t\t\t\t\t<\/span>\n\t\t\t\t\t<\/a>\n\t\t\t\t<\/div>\n\t\t\t\t\t\t\t\t<\/div>\n\t\t\t\t<\/div>\n\t\t\t\t\t<\/div>\n\t\t<\/div>\n\t\t\t\t\t<\/div>\n\t\t<\/section>\n\t\t\t\t\t<\/div>\n\t\t<\/div>\n\t\t\t\t\t<\/div>\n\t\t<\/section>\n\t\t\t\t<section class=\"elementor-section elementor-top-section elementor-element elementor-element-19f10cb elementor-section-boxed elementor-section-height-default elementor-section-height-default\" data-id=\"19f10cb\" data-element_type=\"section\" data-settings=\"{&quot;_ha_eqh_enable&quot;:false}\">\n\t\t\t\t\t\t<div class=\"elementor-container elementor-column-gap-default\">\n\t\t\t\t\t<div class=\"elementor-column elementor-col-50 elementor-top-column elementor-element elementor-element-6f3d799\" data-id=\"6f3d799\" data-element_type=\"column\" data-settings=\"{&quot;background_background&quot;:&quot;classic&quot;}\">\n\t\t\t<div class=\"elementor-widget-wrap elementor-element-populated\">\n\t\t\t\t\t\t<div class=\"elementor-element elementor-element-e250ebf elementor-widget elementor-widget-heading\" data-id=\"e250ebf\" data-element_type=\"widget\" data-widget_type=\"heading.default\">\n\t\t\t\t<div class=\"elementor-widget-container\">\n\t\t\t\t\t<h2 class=\"elementor-heading-title elementor-size-default\">Acerca dos baldes para embalagens<\/h2>\t\t\t\t<\/div>\n\t\t\t\t<\/div>\n\t\t\t\t<section class=\"elementor-section elementor-inner-section elementor-element elementor-element-b4c36a7 elementor-section-boxed elementor-section-height-default elementor-section-height-default\" data-id=\"b4c36a7\" data-element_type=\"section\" data-settings=\"{&quot;_ha_eqh_enable&quot;:false}\">\n\t\t\t\t\t\t<div class=\"elementor-container elementor-column-gap-default\">\n\t\t\t\t\t<div class=\"elementor-column elementor-col-100 elementor-inner-column elementor-element elementor-element-28bfd2f\" data-id=\"28bfd2f\" data-element_type=\"column\">\n\t\t\t<div class=\"elementor-widget-wrap elementor-element-populated\">\n\t\t\t\t\t\t<div class=\"elementor-element elementor-element-c54564b elementor-widget elementor-widget-text-editor\" data-id=\"c54564b\" data-element_type=\"widget\" data-widget_type=\"text-editor.default\">\n\t\t\t\t<div class=\"elementor-widget-container\">\n\t\t\t\t\t\t\t\t\t<p>Com mais de 20 anos de experi\u00eancia, somos um fabricante l\u00edder de baldes para embalagens de pl\u00e1stico, oferecendo solu\u00e7\u00f5es personalizadas e de alta qualidade para v\u00e1rios sectores. O nosso compromisso com a qualidade, a inova\u00e7\u00e3o e a satisfa\u00e7\u00e3o do cliente distingue-nos. Explore a nossa extensa gama de produtos e descubra porque \u00e9 que somos uma escolha de topo para empresas em todo o mundo<\/p>\t\t\t\t\t\t\t\t<\/div>\n\t\t\t\t<\/div>\n\t\t\t\t<div class=\"elementor-element elementor-element-aba6a68 elementor-widget elementor-widget-button\" data-id=\"aba6a68\" data-element_type=\"widget\" data-widget_type=\"button.default\">\n\t\t\t\t<div class=\"elementor-widget-container\">\n\t\t\t\t\t\t\t\t\t<div class=\"elementor-button-wrapper\">\n\t\t\t\t\t<a class=\"elementor-button elementor-button-link elementor-size-sm\" href=\"https:\/\/packagingbucket.com\/pt\/about\/\">\n\t\t\t\t\t\t<span class=\"elementor-button-content-wrapper\">\n\t\t\t\t\t\t\t\t\t<span class=\"elementor-button-text\">Ler mais<\/span>\n\t\t\t\t\t<\/span>\n\t\t\t\t\t<\/a>\n\t\t\t\t<\/div>\n\t\t\t\t\t\t\t\t<\/div>\n\t\t\t\t<\/div>\n\t\t\t\t\t<\/div>\n\t\t<\/div>\n\t\t\t\t\t<\/div>\n\t\t<\/section>\n\t\t\t\t\t<\/div>\n\t\t<\/div>\n\t\t\t\t<div class=\"elementor-column elementor-col-50 elementor-top-column elementor-element elementor-element-d60fad3\" data-id=\"d60fad3\" data-element_type=\"column\">\n\t\t\t<div class=\"elementor-widget-wrap elementor-element-populated\">\n\t\t\t\t\t\t<div class=\"elementor-element elementor-element-73230d7 elementor-widget elementor-widget-image\" data-id=\"73230d7\" data-element_type=\"widget\" data-widget_type=\"image.default\">\n\t\t\t\t<div class=\"elementor-widget-container\">\n\t\t\t\t\t\t\t\t\t\t\t\t\t\t\t<img decoding=\"async\" width=\"1400\" height=\"1000\" src=\"https:\/\/packagingbucket.com\/wp-content\/uploads\/2024\/08\/page-about.jpg\" class=\"attachment-large size-large wp-image-414\" alt=\"sobre n\u00f3s\" srcset=\"https:\/\/packagingbucket.com\/wp-content\/uploads\/2024\/08\/page-about.jpg 1400w, https:\/\/packagingbucket.com\/wp-content\/uploads\/2024\/08\/page-about-768x549.jpg 768w, https:\/\/packagingbucket.com\/wp-content\/uploads\/2024\/08\/page-about-18x12.jpg 18w\" sizes=\"(max-width: 1400px) 100vw, 1400px\" \/>\t\t\t\t\t\t\t\t\t\t\t\t\t\t\t<\/div>\n\t\t\t\t<\/div>\n\t\t\t\t\t<\/div>\n\t\t<\/div>\n\t\t\t\t\t<\/div>\n\t\t<\/section>\n\t\t\t\t<section class=\"elementor-section elementor-top-section elementor-element elementor-element-506d9f5 elementor-section-boxed elementor-section-height-default elementor-section-height-default\" data-id=\"506d9f5\" data-element_type=\"section\" data-settings=\"{&quot;_ha_eqh_enable&quot;:false}\">\n\t\t\t\t\t\t<div class=\"elementor-container elementor-column-gap-default\">\n\t\t\t\t\t<div class=\"elementor-column elementor-col-50 elementor-top-column elementor-element elementor-element-3a8c853\" data-id=\"3a8c853\" data-element_type=\"column\">\n\t\t\t<div class=\"elementor-widget-wrap elementor-element-populated\">\n\t\t\t\t\t\t<div class=\"elementor-element elementor-element-26641c9 elementor-widget elementor-widget-image\" data-id=\"26641c9\" data-element_type=\"widget\" data-widget_type=\"image.default\">\n\t\t\t\t<div class=\"elementor-widget-container\">\n\t\t\t\t\t\t\t\t\t\t\t\t\t\t\t<img decoding=\"async\" width=\"1400\" height=\"1000\" src=\"https:\/\/packagingbucket.com\/wp-content\/uploads\/2024\/08\/page-about-1.jpg\" class=\"attachment-large size-large wp-image-415\" alt=\"p\u00e1gina sobre\" srcset=\"https:\/\/packagingbucket.com\/wp-content\/uploads\/2024\/08\/page-about-1.jpg 1400w, https:\/\/packagingbucket.com\/wp-content\/uploads\/2024\/08\/page-about-1-768x549.jpg 768w, https:\/\/packagingbucket.com\/wp-content\/uploads\/2024\/08\/page-about-1-18x12.jpg 18w\" sizes=\"(max-width: 1400px) 100vw, 1400px\" \/>\t\t\t\t\t\t\t\t\t\t\t\t\t\t\t<\/div>\n\t\t\t\t<\/div>\n\t\t\t\t\t<\/div>\n\t\t<\/div>\n\t\t\t\t<div class=\"elementor-column elementor-col-50 elementor-top-column elementor-element elementor-element-abeb936\" data-id=\"abeb936\" data-element_type=\"column\" data-settings=\"{&quot;background_background&quot;:&quot;classic&quot;}\">\n\t\t\t<div class=\"elementor-widget-wrap elementor-element-populated\">\n\t\t\t\t\t\t<div class=\"elementor-element elementor-element-ea328ac elementor-widget elementor-widget-heading\" data-id=\"ea328ac\" data-element_type=\"widget\" data-widget_type=\"heading.default\">\n\t\t\t\t<div class=\"elementor-widget-container\">\n\t\t\t\t\t<h2 class=\"elementor-heading-title elementor-size-default\">Contacto Baldes de embalagem<\/h2>\t\t\t\t<\/div>\n\t\t\t\t<\/div>\n\t\t\t\t<section class=\"elementor-section elementor-inner-section elementor-element elementor-element-0aa3329 elementor-section-boxed elementor-section-height-default elementor-section-height-default\" data-id=\"0aa3329\" data-element_type=\"section\" data-settings=\"{&quot;_ha_eqh_enable&quot;:false}\">\n\t\t\t\t\t\t<div class=\"elementor-container elementor-column-gap-default\">\n\t\t\t\t\t<div class=\"elementor-column elementor-col-100 elementor-inner-column elementor-element elementor-element-a22d228\" data-id=\"a22d228\" data-element_type=\"column\">\n\t\t\t<div class=\"elementor-widget-wrap elementor-element-populated\">\n\t\t\t\t\t\t<div class=\"elementor-element elementor-element-81cc9e5 elementor-widget elementor-widget-text-editor\" data-id=\"81cc9e5\" data-element_type=\"widget\" data-widget_type=\"text-editor.default\">\n\t\t\t\t<div class=\"elementor-widget-container\">\n\t\t\t\t\t\t\t\t\t<p>Para quaisquer quest\u00f5es ou para efetuar uma encomenda, contacte-nos. A nossa equipa est\u00e1 pronta para o ajudar com as suas necessidades de embalagem. Quer necessite de mais informa\u00e7\u00f5es ou de uma solu\u00e7\u00e3o personalizada, contacte-nos hoje mesmo e garantiremos uma resposta r\u00e1pida e \u00fatil<\/p>\t\t\t\t\t\t\t\t<\/div>\n\t\t\t\t<\/div>\n\t\t\t\t<div class=\"elementor-element elementor-element-f250cfa elementor-widget elementor-widget-button\" data-id=\"f250cfa\" data-element_type=\"widget\" data-widget_type=\"button.default\">\n\t\t\t\t<div class=\"elementor-widget-container\">\n\t\t\t\t\t\t\t\t\t<div class=\"elementor-button-wrapper\">\n\t\t\t\t\t<a class=\"elementor-button elementor-button-link elementor-size-sm\" href=\"https:\/\/packagingbucket.com\/pt\/contact\/\">\n\t\t\t\t\t\t<span class=\"elementor-button-content-wrapper\">\n\t\t\t\t\t\t\t\t\t<span class=\"elementor-button-text\">Ler mais<\/span>\n\t\t\t\t\t<\/span>\n\t\t\t\t\t<\/a>\n\t\t\t\t<\/div>\n\t\t\t\t\t\t\t\t<\/div>\n\t\t\t\t<\/div>\n\t\t\t\t\t<\/div>\n\t\t<\/div>\n\t\t\t\t\t<\/div>\n\t\t<\/section>\n\t\t\t\t\t<\/div>\n\t\t<\/div>\n\t\t\t\t\t<\/div>\n\t\t<\/section>\n\t\t\t\t<section class=\"elementor-section elementor-top-section elementor-element elementor-element-7afd70cf elementor-section-boxed elementor-section-height-default elementor-section-height-default\" data-id=\"7afd70cf\" data-element_type=\"section\" data-settings=\"{&quot;_ha_eqh_enable&quot;:false}\">\n\t\t\t\t\t\t<div class=\"elementor-container elementor-column-gap-default\">\n\t\t\t\t\t<div class=\"elementor-column elementor-col-100 elementor-top-column elementor-element elementor-element-303f5618\" data-id=\"303f5618\" data-element_type=\"column\">\n\t\t\t<div class=\"elementor-widget-wrap elementor-element-populated\">\n\t\t\t\t\t\t<section class=\"elementor-section elementor-inner-section elementor-element elementor-element-53709f24 elementor-section-boxed elementor-section-height-default elementor-section-height-default\" data-id=\"53709f24\" data-element_type=\"section\" data-settings=\"{&quot;_ha_eqh_enable&quot;:false}\">\n\t\t\t\t\t\t<div class=\"elementor-container elementor-column-gap-default\">\n\t\t\t\t\t<div class=\"elementor-column elementor-col-33 elementor-inner-column elementor-element elementor-element-6944659b\" data-id=\"6944659b\" data-element_type=\"column\">\n\t\t\t<div class=\"elementor-widget-wrap\">\n\t\t\t\t\t\t\t<\/div>\n\t\t<\/div>\n\t\t\t\t<div class=\"elementor-column elementor-col-33 elementor-inner-column elementor-element elementor-element-7226f58b\" data-id=\"7226f58b\" data-element_type=\"column\">\n\t\t\t<div class=\"elementor-widget-wrap elementor-element-populated\">\n\t\t\t\t\t\t<div class=\"elementor-element elementor-element-45745e3f elementor-widget elementor-widget-heading\" data-id=\"45745e3f\" data-element_type=\"widget\" data-widget_type=\"heading.default\">\n\t\t\t\t<div class=\"elementor-widget-container\">\n\t\t\t\t\t<h2 class=\"elementor-heading-title elementor-size-default\">Perguntas frequentes<\/h2>\t\t\t\t<\/div>\n\t\t\t\t<\/div>\n\t\t\t\t<div class=\"elementor-element elementor-element-f676124 elementor-widget elementor-widget-text-editor\" data-id=\"f676124\" data-element_type=\"widget\" data-widget_type=\"text-editor.default\">\n\t\t\t\t<div class=\"elementor-widget-container\">\n\t\t\t\t\t\t\t\t\t<p>Perguntas frequentes sobre o fabrico de baldes para embalagens<\/p>\t\t\t\t\t\t\t\t<\/div>\n\t\t\t\t<\/div>\n\t\t\t\t\t<\/div>\n\t\t<\/div>\n\t\t\t\t<div class=\"elementor-column elementor-col-33 elementor-inner-column elementor-element elementor-element-6177245\" data-id=\"6177245\" data-element_type=\"column\">\n\t\t\t<div class=\"elementor-widget-wrap\">\n\t\t\t\t\t\t\t<\/div>\n\t\t<\/div>\n\t\t\t\t\t<\/div>\n\t\t<\/section>\n\t\t\t\t<section class=\"elementor-section elementor-inner-section elementor-element elementor-element-24fb0746 elementor-section-boxed elementor-section-height-default elementor-section-height-default\" data-id=\"24fb0746\" data-element_type=\"section\" data-settings=\"{&quot;_ha_eqh_enable&quot;:false}\">\n\t\t\t\t\t\t<div class=\"elementor-container elementor-column-gap-wide\">\n\t\t\t\t\t<div class=\"elementor-column elementor-col-50 elementor-inner-column elementor-element elementor-element-15d29bf4\" data-id=\"15d29bf4\" data-element_type=\"column\">\n\t\t\t<div class=\"elementor-widget-wrap elementor-element-populated\">\n\t\t\t\t\t\t<div class=\"elementor-element elementor-element-2aa200b3 elementor-widget elementor-widget-accordion\" data-id=\"2aa200b3\" data-element_type=\"widget\" data-widget_type=\"accordion.default\">\n\t\t\t\t<div class=\"elementor-widget-container\">\n\t\t\t\t\t\t\t<div class=\"elementor-accordion\">\n\t\t\t\t\t\t\t<div class=\"elementor-accordion-item\">\n\t\t\t\t\t<h2 id=\"elementor-tab-title-7151\" class=\"elementor-tab-title\" data-tab=\"1\" role=\"button\" aria-controls=\"elementor-tab-content-7151\" aria-expanded=\"false\">\n\t\t\t\t\t\t\t\t\t\t\t\t\t<span class=\"elementor-accordion-icon elementor-accordion-icon-left\" aria-hidden=\"true\">\n\t\t\t\t\t\t\t\t\t\t\t\t\t\t\t<span class=\"elementor-accordion-icon-closed\"><svg class=\"e-font-icon-svg e-fas-angle-right\" viewbox=\"0 0 256 512\" xmlns=\"http:\/\/www.w3.org\/2000\/svg\"><path d=\"M224.3 273l-136 136c-9.4 9.4-24.6 9.4-33.9 0l-22.6-22.6c-9.4-9.4-9.4-24.6 0-33.9l96.4-96.4-96.4-96.4c-9.4-9.4-9.4-24.6 0-33.9L54.3 103c9.4-9.4 24.6-9.4 33.9 0l136 136c9.5 9.4 9.5 24.6.1 34z\"><\/path><\/svg><\/span>\n\t\t\t\t\t\t\t\t<span class=\"elementor-accordion-icon-opened\"><svg class=\"e-font-icon-svg e-fas-angle-down\" viewbox=\"0 0 320 512\" xmlns=\"http:\/\/www.w3.org\/2000\/svg\"><path d=\"M143 352.3L7 216.3c-9.4-9.4-9.4-24.6 0-33.9l22.6-22.6c9.4-9.4 24.6-9.4 33.9 0l96.4 96.4 96.4-96.4c9.4-9.4 24.6-9.4 33.9 0l22.6 22.6c9.4 9.4 9.4 24.6 0 33.9l-136 136c-9.2 9.4-24.4 9.4-33.8 0z\"><\/path><\/svg><\/span>\n\t\t\t\t\t\t\t\t\t\t\t\t\t\t<\/span>\n\t\t\t\t\t\t\t\t\t\t\t\t<a class=\"elementor-accordion-title\" tabindex=\"0\">Que tipos de pl\u00e1stico s\u00e3o utilizados nos vossos baldes?<\/a>\n\t\t\t\t\t<\/h2>\n\t\t\t\t\t<div id=\"elementor-tab-content-7151\" class=\"elementor-tab-content elementor-clearfix\" data-tab=\"1\" role=\"region\" aria-labelledby=\"elementor-tab-title-7151\"><p>Os nossos baldes de pl\u00e1stico s\u00e3o normalmente fabricados com materiais de alta qualidade, como o polietileno (PE) e o polipropileno (PP). Estes materiais s\u00e3o selecionados pela sua durabilidade, resist\u00eancia a produtos qu\u00edmicos e capacidade de manter a integridade em v\u00e1rias condi\u00e7\u00f5es<\/p><\/div>\n\t\t\t\t<\/div>\n\t\t\t\t\t\t\t<div class=\"elementor-accordion-item\">\n\t\t\t\t\t<h2 id=\"elementor-tab-title-7152\" class=\"elementor-tab-title\" data-tab=\"2\" role=\"button\" aria-controls=\"elementor-tab-content-7152\" aria-expanded=\"false\">\n\t\t\t\t\t\t\t\t\t\t\t\t\t<span class=\"elementor-accordion-icon elementor-accordion-icon-left\" aria-hidden=\"true\">\n\t\t\t\t\t\t\t\t\t\t\t\t\t\t\t<span class=\"elementor-accordion-icon-closed\"><svg class=\"e-font-icon-svg e-fas-angle-right\" viewbox=\"0 0 256 512\" xmlns=\"http:\/\/www.w3.org\/2000\/svg\"><path d=\"M224.3 273l-136 136c-9.4 9.4-24.6 9.4-33.9 0l-22.6-22.6c-9.4-9.4-9.4-24.6 0-33.9l96.4-96.4-96.4-96.4c-9.4-9.4-9.4-24.6 0-33.9L54.3 103c9.4-9.4 24.6-9.4 33.9 0l136 136c9.5 9.4 9.5 24.6.1 34z\"><\/path><\/svg><\/span>\n\t\t\t\t\t\t\t\t<span class=\"elementor-accordion-icon-opened\"><svg class=\"e-font-icon-svg e-fas-angle-down\" viewbox=\"0 0 320 512\" xmlns=\"http:\/\/www.w3.org\/2000\/svg\"><path d=\"M143 352.3L7 216.3c-9.4-9.4-9.4-24.6 0-33.9l22.6-22.6c9.4-9.4 24.6-9.4 33.9 0l96.4 96.4 96.4-96.4c9.4-9.4 24.6-9.4 33.9 0l22.6 22.6c9.4 9.4 9.4 24.6 0 33.9l-136 136c-9.2 9.4-24.4 9.4-33.8 0z\"><\/path><\/svg><\/span>\n\t\t\t\t\t\t\t\t\t\t\t\t\t\t<\/span>\n\t\t\t\t\t\t\t\t\t\t\t\t<a class=\"elementor-accordion-title\" tabindex=\"0\">Posso personalizar o tamanho e o design dos baldes?<\/a>\n\t\t\t\t\t<\/h2>\n\t\t\t\t\t<div id=\"elementor-tab-content-7152\" class=\"elementor-tab-content elementor-clearfix\" data-tab=\"2\" role=\"region\" aria-labelledby=\"elementor-tab-title-7152\"><p>Sim, oferecemos uma gama de op\u00e7\u00f5es de personaliza\u00e7\u00e3o. Pode especificar dimens\u00f5es, cores e carater\u00edsticas de design, tais como pegas ou tampas. Contacte a nossa equipa de vendas com os seus requisitos e trabalharemos consigo para criar uma solu\u00e7\u00e3o que satisfa\u00e7a as suas necessidades<\/p><\/div>\n\t\t\t\t<\/div>\n\t\t\t\t\t\t\t<div class=\"elementor-accordion-item\">\n\t\t\t\t\t<h2 id=\"elementor-tab-title-7153\" class=\"elementor-tab-title\" data-tab=\"3\" role=\"button\" aria-controls=\"elementor-tab-content-7153\" aria-expanded=\"false\">\n\t\t\t\t\t\t\t\t\t\t\t\t\t<span class=\"elementor-accordion-icon elementor-accordion-icon-left\" aria-hidden=\"true\">\n\t\t\t\t\t\t\t\t\t\t\t\t\t\t\t<span class=\"elementor-accordion-icon-closed\"><svg class=\"e-font-icon-svg e-fas-angle-right\" viewbox=\"0 0 256 512\" xmlns=\"http:\/\/www.w3.org\/2000\/svg\"><path d=\"M224.3 273l-136 136c-9.4 9.4-24.6 9.4-33.9 0l-22.6-22.6c-9.4-9.4-9.4-24.6 0-33.9l96.4-96.4-96.4-96.4c-9.4-9.4-9.4-24.6 0-33.9L54.3 103c9.4-9.4 24.6-9.4 33.9 0l136 136c9.5 9.4 9.5 24.6.1 34z\"><\/path><\/svg><\/span>\n\t\t\t\t\t\t\t\t<span class=\"elementor-accordion-icon-opened\"><svg class=\"e-font-icon-svg e-fas-angle-down\" viewbox=\"0 0 320 512\" xmlns=\"http:\/\/www.w3.org\/2000\/svg\"><path d=\"M143 352.3L7 216.3c-9.4-9.4-9.4-24.6 0-33.9l22.6-22.6c9.4-9.4 24.6-9.4 33.9 0l96.4 96.4 96.4-96.4c9.4-9.4 24.6-9.4 33.9 0l22.6 22.6c9.4 9.4 9.4 24.6 0 33.9l-136 136c-9.2 9.4-24.4 9.4-33.8 0z\"><\/path><\/svg><\/span>\n\t\t\t\t\t\t\t\t\t\t\t\t\t\t<\/span>\n\t\t\t\t\t\t\t\t\t\t\t\t<a class=\"elementor-accordion-title\" tabindex=\"0\">Os seus baldes s\u00e3o seguros para alimentos?<\/a>\n\t\t\t\t\t<\/h2>\n\t\t\t\t\t<div id=\"elementor-tab-content-7153\" class=\"elementor-tab-content elementor-clearfix\" data-tab=\"3\" role=\"region\" aria-labelledby=\"elementor-tab-title-7153\"><p>Sim, fornecemos baldes de qualidade alimentar que cumprem as normas e regulamentos de seguran\u00e7a relevantes. Se precisar de baldes para armazenamento ou processamento de alimentos, certifique-se de que especifica este requisito para que possamos fornecer a certifica\u00e7\u00e3o e os materiais adequados<\/p><\/div>\n\t\t\t\t<\/div>\n\t\t\t\t\t\t\t\t<\/div>\n\t\t\t\t\t\t<\/div>\n\t\t\t\t<\/div>\n\t\t\t\t\t<\/div>\n\t\t<\/div>\n\t\t\t\t<div class=\"elementor-column elementor-col-50 elementor-inner-column elementor-element elementor-element-e2a54cc\" data-id=\"e2a54cc\" data-element_type=\"column\">\n\t\t\t<div class=\"elementor-widget-wrap elementor-element-populated\">\n\t\t\t\t\t\t<div class=\"elementor-element elementor-element-4968f91a elementor-widget elementor-widget-accordion\" data-id=\"4968f91a\" data-element_type=\"widget\" data-widget_type=\"accordion.default\">\n\t\t\t\t<div class=\"elementor-widget-container\">\n\t\t\t\t\t\t\t<div class=\"elementor-accordion\">\n\t\t\t\t\t\t\t<div class=\"elementor-accordion-item\">\n\t\t\t\t\t<h2 id=\"elementor-tab-title-1231\" class=\"elementor-tab-title\" data-tab=\"1\" role=\"button\" aria-controls=\"elementor-tab-content-1231\" aria-expanded=\"false\">\n\t\t\t\t\t\t\t\t\t\t\t\t\t<span class=\"elementor-accordion-icon elementor-accordion-icon-left\" aria-hidden=\"true\">\n\t\t\t\t\t\t\t\t\t\t\t\t\t\t\t<span class=\"elementor-accordion-icon-closed\"><svg class=\"e-font-icon-svg e-fas-angle-right\" viewbox=\"0 0 256 512\" xmlns=\"http:\/\/www.w3.org\/2000\/svg\"><path d=\"M224.3 273l-136 136c-9.4 9.4-24.6 9.4-33.9 0l-22.6-22.6c-9.4-9.4-9.4-24.6 0-33.9l96.4-96.4-96.4-96.4c-9.4-9.4-9.4-24.6 0-33.9L54.3 103c9.4-9.4 24.6-9.4 33.9 0l136 136c9.5 9.4 9.5 24.6.1 34z\"><\/path><\/svg><\/span>\n\t\t\t\t\t\t\t\t<span class=\"elementor-accordion-icon-opened\"><svg class=\"e-font-icon-svg e-fas-angle-down\" viewbox=\"0 0 320 512\" xmlns=\"http:\/\/www.w3.org\/2000\/svg\"><path d=\"M143 352.3L7 216.3c-9.4-9.4-9.4-24.6 0-33.9l22.6-22.6c9.4-9.4 24.6-9.4 33.9 0l96.4 96.4 96.4-96.4c9.4-9.4 24.6-9.4 33.9 0l22.6 22.6c9.4 9.4 9.4 24.6 0 33.9l-136 136c-9.2 9.4-24.4 9.4-33.8 0z\"><\/path><\/svg><\/span>\n\t\t\t\t\t\t\t\t\t\t\t\t\t\t<\/span>\n\t\t\t\t\t\t\t\t\t\t\t\t<a class=\"elementor-accordion-title\" tabindex=\"0\">Quais s\u00e3o as quantidades m\u00ednimas de encomenda para baldes personalizados?<\/a>\n\t\t\t\t\t<\/h2>\n\t\t\t\t\t<div id=\"elementor-tab-content-1231\" class=\"elementor-tab-content elementor-clearfix\" data-tab=\"1\" role=\"region\" aria-labelledby=\"elementor-tab-title-1231\"><p>As quantidades m\u00ednimas de encomenda variam consoante o tipo de personaliza\u00e7\u00e3o e o tamanho do balde. Geralmente, as encomendas maiores beneficiam de melhores pre\u00e7os. Contacte-nos para discutir as suas necessidades espec\u00edficas e receber um or\u00e7amento com base no tamanho da sua encomenda.<\/p><\/div>\n\t\t\t\t<\/div>\n\t\t\t\t\t\t\t<div class=\"elementor-accordion-item\">\n\t\t\t\t\t<h2 id=\"elementor-tab-title-1232\" class=\"elementor-tab-title\" data-tab=\"2\" role=\"button\" aria-controls=\"elementor-tab-content-1232\" aria-expanded=\"false\">\n\t\t\t\t\t\t\t\t\t\t\t\t\t<span class=\"elementor-accordion-icon elementor-accordion-icon-left\" aria-hidden=\"true\">\n\t\t\t\t\t\t\t\t\t\t\t\t\t\t\t<span class=\"elementor-accordion-icon-closed\"><svg class=\"e-font-icon-svg e-fas-angle-right\" viewbox=\"0 0 256 512\" xmlns=\"http:\/\/www.w3.org\/2000\/svg\"><path d=\"M224.3 273l-136 136c-9.4 9.4-24.6 9.4-33.9 0l-22.6-22.6c-9.4-9.4-9.4-24.6 0-33.9l96.4-96.4-96.4-96.4c-9.4-9.4-9.4-24.6 0-33.9L54.3 103c9.4-9.4 24.6-9.4 33.9 0l136 136c9.5 9.4 9.5 24.6.1 34z\"><\/path><\/svg><\/span>\n\t\t\t\t\t\t\t\t<span class=\"elementor-accordion-icon-opened\"><svg class=\"e-font-icon-svg e-fas-angle-down\" viewbox=\"0 0 320 512\" xmlns=\"http:\/\/www.w3.org\/2000\/svg\"><path d=\"M143 352.3L7 216.3c-9.4-9.4-9.4-24.6 0-33.9l22.6-22.6c9.4-9.4 24.6-9.4 33.9 0l96.4 96.4 96.4-96.4c9.4-9.4 24.6-9.4 33.9 0l22.6 22.6c9.4 9.4 9.4 24.6 0 33.9l-136 136c-9.2 9.4-24.4 9.4-33.8 0z\"><\/path><\/svg><\/span>\n\t\t\t\t\t\t\t\t\t\t\t\t\t\t<\/span>\n\t\t\t\t\t\t\t\t\t\t\t\t<a class=\"elementor-accordion-title\" tabindex=\"0\">Os vossos baldes s\u00e3o fornecidos com tampas e outros acess\u00f3rios?<\/a>\n\t\t\t\t\t<\/h2>\n\t\t\t\t\t<div id=\"elementor-tab-content-1232\" class=\"elementor-tab-content elementor-clearfix\" data-tab=\"2\" role=\"region\" aria-labelledby=\"elementor-tab-title-1232\"><p>Sim, oferecemos baldes com v\u00e1rias op\u00e7\u00f5es de acess\u00f3rios, incluindo tampas herm\u00e9ticas, tampas de encaixe e bicos. Por favor, especifique o tipo de acess\u00f3rios de que necessita quando efetuar a sua encomenda.<\/p><\/div>\n\t\t\t\t<\/div>\n\t\t\t\t\t\t\t<div class=\"elementor-accordion-item\">\n\t\t\t\t\t<h2 id=\"elementor-tab-title-1233\" class=\"elementor-tab-title\" data-tab=\"3\" role=\"button\" aria-controls=\"elementor-tab-content-1233\" aria-expanded=\"false\">\n\t\t\t\t\t\t\t\t\t\t\t\t\t<span class=\"elementor-accordion-icon elementor-accordion-icon-left\" aria-hidden=\"true\">\n\t\t\t\t\t\t\t\t\t\t\t\t\t\t\t<span class=\"elementor-accordion-icon-closed\"><svg class=\"e-font-icon-svg e-fas-angle-right\" viewbox=\"0 0 256 512\" xmlns=\"http:\/\/www.w3.org\/2000\/svg\"><path d=\"M224.3 273l-136 136c-9.4 9.4-24.6 9.4-33.9 0l-22.6-22.6c-9.4-9.4-9.4-24.6 0-33.9l96.4-96.4-96.4-96.4c-9.4-9.4-9.4-24.6 0-33.9L54.3 103c9.4-9.4 24.6-9.4 33.9 0l136 136c9.5 9.4 9.5 24.6.1 34z\"><\/path><\/svg><\/span>\n\t\t\t\t\t\t\t\t<span class=\"elementor-accordion-icon-opened\"><svg class=\"e-font-icon-svg e-fas-angle-down\" viewbox=\"0 0 320 512\" xmlns=\"http:\/\/www.w3.org\/2000\/svg\"><path d=\"M143 352.3L7 216.3c-9.4-9.4-9.4-24.6 0-33.9l22.6-22.6c9.4-9.4 24.6-9.4 33.9 0l96.4 96.4 96.4-96.4c9.4-9.4 24.6-9.4 33.9 0l22.6 22.6c9.4 9.4 9.4 24.6 0 33.9l-136 136c-9.2 9.4-24.4 9.4-33.8 0z\"><\/path><\/svg><\/span>\n\t\t\t\t\t\t\t\t\t\t\t\t\t\t<\/span>\n\t\t\t\t\t\t\t\t\t\t\t\t<a class=\"elementor-accordion-title\" tabindex=\"0\">Qual \u00e9 o prazo de entrega t\u00edpico das encomendas?<\/a>\n\t\t\t\t\t<\/h2>\n\t\t\t\t\t<div id=\"elementor-tab-content-1233\" class=\"elementor-tab-content elementor-clearfix\" data-tab=\"3\" role=\"region\" aria-labelledby=\"elementor-tab-title-1233\"><p>Os prazos de entrega dependem da complexidade da sua encomenda e dos calend\u00e1rios de produ\u00e7\u00e3o actuais. As encomendas padr\u00e3o s\u00e3o normalmente enviadas no prazo de 4 semanas, enquanto as encomendas personalizadas podem demorar mais tempo. Forneceremos uma data de entrega estimada quando efetuar a sua encomenda<\/p><\/div>\n\t\t\t\t<\/div>\n\t\t\t\t\t\t\t\t<\/div>\n\t\t\t\t\t\t<\/div>\n\t\t\t\t<\/div>\n\t\t\t\t\t<\/div>\n\t\t<\/div>\n\t\t\t\t\t<\/div>\n\t\t<\/section>\n\t\t\t\t\t<\/div>\n\t\t<\/div>\n\t\t\t\t\t<\/div>\n\t\t<\/section>\n\t\t\t\t<section class=\"elementor-section elementor-top-section elementor-element elementor-element-fa85247 elementor-section-boxed elementor-section-height-default elementor-section-height-default\" data-id=\"fa85247\" data-element_type=\"section\" data-settings=\"{&quot;_ha_eqh_enable&quot;:false}\">\n\t\t\t\t\t\t<div class=\"elementor-container elementor-column-gap-default\">\n\t\t\t\t\t<div class=\"elementor-column elementor-col-100 elementor-top-column elementor-element elementor-element-ab029c7\" data-id=\"ab029c7\" data-element_type=\"column\">\n\t\t\t<div class=\"elementor-widget-wrap elementor-element-populated\">\n\t\t\t\t\t\t<div class=\"elementor-element elementor-element-b0d10a0 elementor-widget elementor-widget-heading\" data-id=\"b0d10a0\" data-element_type=\"widget\" data-widget_type=\"heading.default\">\n\t\t\t\t<div class=\"elementor-widget-container\">\n\t\t\t\t\t<h2 class=\"elementor-heading-title elementor-size-default\">Produtos relacionados<\/h2>\t\t\t\t<\/div>\n\t\t\t\t<\/div>\n\t\t\t\t<div class=\"elementor-element elementor-element-89d50f2 elementor-widget elementor-widget-text-editor\" data-id=\"89d50f2\" data-element_type=\"widget\" data-widget_type=\"text-editor.default\">\n\t\t\t\t<div class=\"elementor-widget-container\">\n\t\t\t\t\t\t\t\t\t<p>Perguntas frequentes sobre o fabrico de caixas de madeira<\/p>\t\t\t\t\t\t\t\t<\/div>\n\t\t\t\t<\/div>\n\t\t\t\t\t<\/div>\n\t\t<\/div>\n\t\t\t\t\t<\/div>\n\t\t<\/section>\n\t\t<div class=\"elementor-element elementor-element-09c5fc7 e-flex e-con-boxed e-con e-parent\" data-id=\"09c5fc7\" data-element_type=\"container\" data-settings=\"{&quot;_ha_eqh_enable&quot;:false}\">\n\t\t\t\t\t<div class=\"e-con-inner\">\n\t\t\t\t<div class=\"elementor-element elementor-element-8baed4b elementor-grid-3 elementor-grid-tablet-2 elementor-grid-mobile-1 elementor-posts--thumbnail-top elementor-widget elementor-widget-posts\" data-id=\"8baed4b\" data-element_type=\"widget\" data-settings=\"{&quot;classic_columns&quot;:&quot;3&quot;,&quot;classic_columns_tablet&quot;:&quot;2&quot;,&quot;classic_columns_mobile&quot;:&quot;1&quot;,&quot;classic_row_gap&quot;:{&quot;unit&quot;:&quot;px&quot;,&quot;size&quot;:35,&quot;sizes&quot;:[]},&quot;classic_row_gap_tablet&quot;:{&quot;unit&quot;:&quot;px&quot;,&quot;size&quot;:&quot;&quot;,&quot;sizes&quot;:[]},&quot;classic_row_gap_mobile&quot;:{&quot;unit&quot;:&quot;px&quot;,&quot;size&quot;:&quot;&quot;,&quot;sizes&quot;:[]}}\" data-widget_type=\"posts.classic\">\n\t\t\t\t<div class=\"elementor-widget-container\">\n\t\t\t\t\t\t\t<div class=\"elementor-posts-container elementor-posts elementor-posts--skin-classic elementor-grid\" role=\"list\">\n\t\t\t\t<article class=\"elementor-post elementor-grid-item post-1472 post type-post status-publish format-standard has-post-thumbnail hentry category-packaging-buckets category-5l-round-plastic-buckets category-cleaning-buckets category-food-and-beverage-buckets category-health-care-buckets category-paint-and-coating-buckets category-pet-food-buckets category-round-plastic-buckets tag-5l-round-plastic-packaging-buckets tag-food-and-beverage-buckets tag-household-cleaning-buckets tag-paint-and-coating-buckets tag-pet-food-buckets\" role=\"listitem\">\n\t\t\t\t<a class=\"elementor-post__thumbnail__link\" href=\"https:\/\/packagingbucket.com\/pt\/hot-sale-5l-food-barrel-plastic-buckets\/\" tabindex=\"-1\" >\n\t\t\t<div class=\"elementor-post__thumbnail\"><img loading=\"lazy\" decoding=\"async\" width=\"800\" height=\"800\" src=\"https:\/\/packagingbucket.com\/wp-content\/uploads\/2024\/08\/1L-3L-5L-Packaging-Container-Food-Grade-Plastic-Drum-Seal-Paint-Pail-Buckets-With-Handle-Lids-1.jpg\" class=\"attachment-full size-full wp-image-1474\" alt=\"Personalizar tambor de barris de pl\u00e1stico branco de 5L, pintura, qu\u00edmico, barril de alimentos, balde de pl\u00e1stico com tampa e al\u00e7a de pl\u00e1stico-1\" srcset=\"https:\/\/packagingbucket.com\/wp-content\/uploads\/2024\/08\/1L-3L-5L-Packaging-Container-Food-Grade-Plastic-Drum-Seal-Paint-Pail-Buckets-With-Handle-Lids-1.jpg 800w, https:\/\/packagingbucket.com\/wp-content\/uploads\/2024\/08\/1L-3L-5L-Packaging-Container-Food-Grade-Plastic-Drum-Seal-Paint-Pail-Buckets-With-Handle-Lids-1-768x768.jpg 768w, https:\/\/packagingbucket.com\/wp-content\/uploads\/2024\/08\/1L-3L-5L-Packaging-Container-Food-Grade-Plastic-Drum-Seal-Paint-Pail-Buckets-With-Handle-Lids-1-12x12.jpg 12w\" sizes=\"(max-width: 800px) 100vw, 800px\" \/><\/div>\n\t\t<\/a>\n\t\t\t\t<div class=\"elementor-post__text\">\n\t\t\t\t<h3 class=\"elementor-post__title\">\n\t\t\t<a href=\"https:\/\/packagingbucket.com\/pt\/hot-sale-5l-food-barrel-plastic-buckets\/\" >\n\t\t\t\tTambor de pl\u00e1stico branco de 5L, pintura, qu\u00edmico, barril de alimentos, balde de pl\u00e1stico com tampa e al\u00e7a de pl\u00e1stico\t\t\t<\/a>\n\t\t<\/h3>\n\t\t\n\t\t<a class=\"elementor-post__read-more\" href=\"https:\/\/packagingbucket.com\/pt\/hot-sale-5l-food-barrel-plastic-buckets\/\" aria-label=\"Read more about Hot Sale Customize 5L White Plastic Barrels Drum, Painting, Chemical, Food Barrel, Plastic Bucket with Lid and Plastic Handle\" tabindex=\"-1\" >\n\t\t\tLer mais \"\t\t<\/a>\n\n\t\t\t\t<\/div>\n\t\t\t\t<\/article>\n\t\t\t\t<article class=\"elementor-post elementor-grid-item post-1167 post type-post status-publish format-standard has-post-thumbnail hentry category-packaging-buckets category-500ml-round-plastic-buckets category-cleaning-buckets category-food-and-beverage-buckets category-health-care-buckets category-paint-and-coating-buckets category-pet-food-buckets category-round-plastic-buckets tag-500ml-round-plastic-packaging-buckets tag-food-and-beverage-buckets tag-household-cleaning-buckets tag-paint-and-coating-buckets tag-pet-food-buckets tag-round-plastic-buckets\" role=\"listitem\">\n\t\t\t\t<a class=\"elementor-post__thumbnail__link\" href=\"https:\/\/packagingbucket.com\/pt\/500ml-custom-food-grade-clear-plastic-bucket\/\" tabindex=\"-1\" >\n\t\t\t<div class=\"elementor-post__thumbnail\"><img loading=\"lazy\" decoding=\"async\" width=\"750\" height=\"750\" src=\"https:\/\/packagingbucket.com\/wp-content\/uploads\/2024\/08\/500ml-Custom-Food-Grade-Clear-Plastic-Bucket-With-Lid-For-Yogurt-for-honey-1.jpg\" class=\"attachment-full size-full wp-image-1168\" alt=\"Balde de pl\u00e1stico transparente de grau aliment\u00edcio personalizado de 500 ml com tampa para iogurte para mel-1\" srcset=\"https:\/\/packagingbucket.com\/wp-content\/uploads\/2024\/08\/500ml-Custom-Food-Grade-Clear-Plastic-Bucket-With-Lid-For-Yogurt-for-honey-1.jpg 750w, https:\/\/packagingbucket.com\/wp-content\/uploads\/2024\/08\/500ml-Custom-Food-Grade-Clear-Plastic-Bucket-With-Lid-For-Yogurt-for-honey-1-12x12.jpg 12w\" sizes=\"(max-width: 750px) 100vw, 750px\" \/><\/div>\n\t\t<\/a>\n\t\t\t\t<div class=\"elementor-post__text\">\n\t\t\t\t<h3 class=\"elementor-post__title\">\n\t\t\t<a href=\"https:\/\/packagingbucket.com\/pt\/500ml-custom-food-grade-clear-plastic-bucket\/\" >\n\t\t\t\tBalde de pl\u00e1stico transparente de grau aliment\u00edcio personalizado de 500 ml com tampa para iogurte para mel\t\t\t<\/a>\n\t\t<\/h3>\n\t\t\n\t\t<a class=\"elementor-post__read-more\" href=\"https:\/\/packagingbucket.com\/pt\/500ml-custom-food-grade-clear-plastic-bucket\/\" aria-label=\"Read more about 500ml Custom Food Grade Clear Plastic Bucket With Lid For Yogurt for honey\" tabindex=\"-1\" >\n\t\t\tLer mais \"\t\t<\/a>\n\n\t\t\t\t<\/div>\n\t\t\t\t<\/article>\n\t\t\t\t<article class=\"elementor-post elementor-grid-item post-653 post type-post status-publish format-standard has-post-thumbnail hentry category-packaging-buckets category-5l-round-plastic-buckets category-cleaning-buckets category-food-and-beverage-buckets category-health-care-buckets category-paint-and-coating-buckets category-pet-food-buckets category-round-plastic-buckets tag-5l-round-plastic-packaging-buckets tag-food-and-beverage-buckets tag-household-cleaning-buckets tag-paint-and-coating-buckets tag-pet-food-buckets tag-round-plastic-buckets\" role=\"listitem\">\n\t\t\t\t<a class=\"elementor-post__thumbnail__link\" href=\"https:\/\/packagingbucket.com\/pt\/factory-direct-sale-10l-plastic-pails\/\" tabindex=\"-1\" >\n\t\t\t<div class=\"elementor-post__thumbnail\"><img loading=\"lazy\" decoding=\"async\" width=\"800\" height=\"800\" src=\"https:\/\/packagingbucket.com\/wp-content\/uploads\/2024\/08\/Factory-Price-Storage-10L-Plastic-Paint-Bucket-Plastic-Bucket-Manufacturer-Plastic-Pail-1.jpg\" class=\"attachment-full size-full wp-image-655\" alt=\"Pre\u00e7o de F\u00e1brica Armazenamento 10L Balde de Tinta Pl\u00e1stica Balde de Pl\u00e1stico Fabricante de Balde de Pl\u00e1stico-1\" srcset=\"https:\/\/packagingbucket.com\/wp-content\/uploads\/2024\/08\/Factory-Price-Storage-10L-Plastic-Paint-Bucket-Plastic-Bucket-Manufacturer-Plastic-Pail-1.jpg 800w, https:\/\/packagingbucket.com\/wp-content\/uploads\/2024\/08\/Factory-Price-Storage-10L-Plastic-Paint-Bucket-Plastic-Bucket-Manufacturer-Plastic-Pail-1-768x768.jpg 768w, https:\/\/packagingbucket.com\/wp-content\/uploads\/2024\/08\/Factory-Price-Storage-10L-Plastic-Paint-Bucket-Plastic-Bucket-Manufacturer-Plastic-Pail-1-12x12.jpg 12w\" sizes=\"(max-width: 800px) 100vw, 800px\" \/><\/div>\n\t\t<\/a>\n\t\t\t\t<div class=\"elementor-post__text\">\n\t\t\t\t<h3 class=\"elementor-post__title\">\n\t\t\t<a href=\"https:\/\/packagingbucket.com\/pt\/factory-direct-sale-10l-plastic-pails\/\" >\n\t\t\t\tVenda direta da f\u00e1brica: Baldes de pl\u00e1stico 10L personaliz\u00e1veis para encomendas a granel\t\t\t<\/a>\n\t\t<\/h3>\n\t\t\n\t\t<a class=\"elementor-post__read-more\" href=\"https:\/\/packagingbucket.com\/pt\/factory-direct-sale-10l-plastic-pails\/\" aria-label=\"Read more about Factory Direct Sale: Customizable 10L Plastic Pails for Bulk Orders\" tabindex=\"-1\" >\n\t\t\tLer mais \"\t\t<\/a>\n\n\t\t\t\t<\/div>\n\t\t\t\t<\/article>\n\t\t\t\t<\/div>\n\t\t\n\t\t\t\t\t\t<\/div>\n\t\t\t\t<\/div>\n\t\t\t\t\t<\/div>\n\t\t\t\t<\/div>\n\t\t\t\t<\/div>","protected":false},"excerpt":{"rendered":"<p>In\u00edcio Anterior Pr\u00f3ximo 1. Qualidade inigual\u00e1vel: Por que nossos baldes quadrados de pl\u00e1stico de 5 gal\u00f5es e 20 litros s\u00e3o a melhor escolha em<\/p>","protected":false},"author":2,"featured_media":1917,"comment_status":"open","ping_status":"open","sticky":false,"template":"elementor_header_footer","format":"standard","meta":{"site-sidebar-layout":"default","site-content-layout":"","ast-site-content-layout":"default","site-content-style":"default","site-sidebar-style":"default","ast-global-header-display":"","ast-banner-title-visibility":"","ast-main-header-display":"","ast-hfb-above-header-display":"","ast-hfb-below-header-display":"","ast-hfb-mobile-header-display":"","site-post-title":"","ast-breadcrumbs-content":"","ast-featured-img":"","footer-sml-layout":"","ast-disable-related-posts":"","theme-transparent-header-meta":"","adv-header-id-meta":"","stick-header-meta":"","header-above-stick-meta":"","header-main-stick-meta":"","header-below-stick-meta":"","astra-migrate-meta-layouts":"default","ast-page-background-enabled":"default","ast-page-background-meta":{"desktop":{"background-color":"var(--ast-global-color-4)","background-image":"","background-repeat":"repeat","background-position":"center center","background-size":"auto","background-attachment":"scroll","background-type":"","background-media":"","overlay-type":"","overlay-color":"","overlay-opacity":"","overlay-gradient":""},"tablet":{"background-color":"","background-image":"","background-repeat":"repeat","background-position":"center center","background-size":"auto","background-attachment":"scroll","background-type":"","background-media":"","overlay-type":"","overlay-color":"","overlay-opacity":"","overlay-gradient":""},"mobile":{"background-color":"","background-image":"","background-repeat":"repeat","background-position":"center center","background-size":"auto","background-attachment":"scroll","background-type":"","background-media":"","overlay-type":"","overlay-color":"","overlay-opacity":"","overlay-gradient":""}},"ast-content-background-meta":{"desktop":{"background-color":"var(--ast-global-color-5)","background-image":"","background-repeat":"repeat","background-position":"center center","background-size":"auto","background-attachment":"scroll","background-type":"","background-media":"","overlay-type":"","overlay-color":"","overlay-opacity":"","overlay-gradient":""},"tablet":{"background-color":"var(--ast-global-color-5)","background-image":"","background-repeat":"repeat","background-position":"center center","background-size":"auto","background-attachment":"scroll","background-type":"","background-media":"","overlay-type":"","overlay-color":"","overlay-opacity":"","overlay-gradient":""},"mobile":{"background-color":"var(--ast-global-color-5)","background-image":"","background-repeat":"repeat","background-position":"center center","background-size":"auto","background-attachment":"scroll","background-type":"","background-media":"","overlay-type":"","overlay-color":"","overlay-opacity":"","overlay-gradient":""}},"footnotes":""},"categories":[6,48,4,8,31,3,30,5],"tags":[61,23,16,25,18,20],"class_list":["post-1916","post","type-post","status-publish","format-standard","has-post-thumbnail","hentry","category-square-plastic-buckets","category-20l-square-plastic-buckets","category-cleaning-buckets","category-food-and-beverage-buckets","category-health-care-buckets","category-packaging-buckets","category-paint-and-coating-buckets","category-pet-food-buckets","tag-20l-square-plastic-packaging-buckets","tag-food-and-beverage-buckets","tag-household-cleaning-buckets","tag-paint-and-coating-buckets","tag-pet-food-buckets","tag-square-platic-buckets"],"_links":{"self":[{"href":"https:\/\/packagingbucket.com\/pt\/wp-json\/wp\/v2\/posts\/1916","targetHints":{"allow":["GET"]}}],"collection":[{"href":"https:\/\/packagingbucket.com\/pt\/wp-json\/wp\/v2\/posts"}],"about":[{"href":"https:\/\/packagingbucket.com\/pt\/wp-json\/wp\/v2\/types\/post"}],"author":[{"embeddable":true,"href":"https:\/\/packagingbucket.com\/pt\/wp-json\/wp\/v2\/users\/2"}],"replies":[{"embeddable":true,"href":"https:\/\/packagingbucket.com\/pt\/wp-json\/wp\/v2\/comments?post=1916"}],"version-history":[{"count":0,"href":"https:\/\/packagingbucket.com\/pt\/wp-json\/wp\/v2\/posts\/1916\/revisions"}],"wp:featuredmedia":[{"embeddable":true,"href":"https:\/\/packagingbucket.com\/pt\/wp-json\/wp\/v2\/media\/1917"}],"wp:attachment":[{"href":"https:\/\/packagingbucket.com\/pt\/wp-json\/wp\/v2\/media?parent=1916"}],"wp:term":[{"taxonomy":"category","embeddable":true,"href":"https:\/\/packagingbucket.com\/pt\/wp-json\/wp\/v2\/categories?post=1916"},{"taxonomy":"post_tag","embeddable":true,"href":"https:\/\/packagingbucket.com\/pt\/wp-json\/wp\/v2\/tags?post=1916"}],"curies":[{"name":"wp","href":"https:\/\/api.w.org\/{rel}","templated":true}]}}