{"id":1900,"date":"2024-08-30T07:28:54","date_gmt":"2024-08-30T07:28:54","guid":{"rendered":"https:\/\/packagingbucket.com\/?p=1900"},"modified":"2024-11-24T09:26:48","modified_gmt":"2024-11-24T09:26:48","slug":"hot-sale-20l-thickened-plastic-square-buckets","status":"publish","type":"post","link":"https:\/\/packagingbucket.com\/pt\/hot-sale-20l-thickened-plastic-square-buckets\/","title":{"rendered":"Venda Quente 20L Baldes Quadrados de Pl\u00e1stico Engrossado com Tampa Baldes da Ind\u00fastria Balde de Pl\u00e1stico de Grau Alimentar Barril Quadrado"},"content":{"rendered":"<div data-elementor-type=\"wp-post\" data-elementor-id=\"1900\" class=\"elementor elementor-1900\" data-elementor-settings=\"{&quot;ha_cmc_init_switcher&quot;:&quot;no&quot;}\" data-elementor-post-type=\"post\">\n\t\t\t\t<div class=\"elementor-element elementor-element-1b9c29b e-flex e-con-boxed e-con e-parent\" data-id=\"1b9c29b\" data-element_type=\"container\" data-settings=\"{&quot;_ha_eqh_enable&quot;:false}\">\n\t\t\t\t\t<div class=\"e-con-inner\">\n\t\t\t\t<div class=\"elementor-element elementor-element-6bc93a4 elementor-widget elementor-widget-theme-post-title elementor-page-title elementor-widget-heading\" data-id=\"6bc93a4\" data-element_type=\"widget\" data-widget_type=\"theme-post-title.default\">\n\t\t\t\t<div class=\"elementor-widget-container\">\n\t\t\t\t\t<h1 class=\"elementor-heading-title elementor-size-default\">Venda Quente 20L Baldes Quadrados de Pl\u00e1stico Engrossado com Tampa Baldes da Ind\u00fastria Balde de Pl\u00e1stico de Grau Alimentar Barril Quadrado<\/h1>\t\t\t\t<\/div>\n\t\t\t\t<\/div>\n\t\t\t\t\t<\/div>\n\t\t\t\t<\/div>\n\t\t<div class=\"elementor-element elementor-element-9dad755 e-flex e-con-boxed e-con e-parent\" data-id=\"9dad755\" data-element_type=\"container\" data-settings=\"{&quot;_ha_eqh_enable&quot;:false}\">\n\t\t\t\t\t<div class=\"e-con-inner\">\n\t\t<div class=\"elementor-element elementor-element-8dd9f38 e-con-full e-flex e-con e-child\" data-id=\"8dd9f38\" data-element_type=\"container\" data-settings=\"{&quot;_ha_eqh_enable&quot;:false}\">\n\t\t\t\t<div class=\"elementor-element elementor-element-ee65b6e elementor-skin-slideshow elementor-arrows-yes elementor-widget elementor-widget-media-carousel\" data-id=\"ee65b6e\" data-element_type=\"widget\" data-settings=\"{&quot;skin&quot;:&quot;slideshow&quot;,&quot;autoplay_speed&quot;:3000,&quot;effect&quot;:&quot;slide&quot;,&quot;show_arrows&quot;:&quot;yes&quot;,&quot;speed&quot;:500,&quot;autoplay&quot;:&quot;yes&quot;,&quot;loop&quot;:&quot;yes&quot;,&quot;pause_on_hover&quot;:&quot;yes&quot;,&quot;pause_on_interaction&quot;:&quot;yes&quot;,&quot;space_between&quot;:{&quot;unit&quot;:&quot;px&quot;,&quot;size&quot;:10,&quot;sizes&quot;:[]},&quot;space_between_tablet&quot;:{&quot;unit&quot;:&quot;px&quot;,&quot;size&quot;:10,&quot;sizes&quot;:[]},&quot;space_between_mobile&quot;:{&quot;unit&quot;:&quot;px&quot;,&quot;size&quot;:10,&quot;sizes&quot;:[]}}\" data-widget_type=\"media-carousel.default\">\n\t\t\t\t<div class=\"elementor-widget-container\">\n\t\t\t\t\t\t\t\t\t<div class=\"elementor-swiper\">\n\t\t\t\t\t<div class=\"elementor-main-swiper swiper\" role=\"region\" aria-roledescription=\"carousel\" aria-label=\"Slides\" data-no-translation-aria-label=\"\">\n\t\t\t\t<div class=\"swiper-wrapper\">\n\t\t\t\t\t\t\t\t\t\t\t<div class=\"swiper-slide\" role=\"group\" aria-roledescription=\"slide\">\n\t\t\t\t\t\t\t\t\t<div class=\"elementor-carousel-image\" role=\"img\" aria-label=\"Thickened Plastic Square Bucket with Lid Industry Bucket Food Grade Plastic Pail Barrel Square (1)\" style=\"background-image: url(&#039;https:\/\/packagingbucket.com\/wp-content\/uploads\/2024\/08\/Thickened-Plastic-Square-Bucket-with-Lid-Industry-Bucket-Food-Grade-Plastic-Pail-Barrel-Square-1.jpg&#039;)\">\n\n\t\t\t\n\t\t\t\t\t<\/div>\n\t\t\t\t\t\t\t\t<\/div>\n\t\t\t\t\t\t\t\t\t\t\t<div class=\"swiper-slide\" role=\"group\" aria-roledescription=\"slide\">\n\t\t\t\t\t\t\t\t\t<div class=\"elementor-carousel-image\" role=\"img\" aria-label=\"food grade or custom used mini plastic wine barrels for sale (3)\" style=\"background-image: url(&#039;https:\/\/packagingbucket.com\/wp-content\/uploads\/2024\/08\/Thickened-Plastic-Square-Bucket-with-Lid-Industry-Bucket-Food-Grade-Plastic-Pail-Barrel-Square-2.jpg&#039;)\">\n\n\t\t\t\n\t\t\t\t\t<\/div>\n\t\t\t\t\t\t\t\t<\/div>\n\t\t\t\t\t\t\t\t\t\t\t<div class=\"swiper-slide\" role=\"group\" aria-roledescription=\"slide\">\n\t\t\t\t\t\t\t\t\t<div class=\"elementor-carousel-image\" role=\"img\" aria-label=\"5 Gallon 20 Litre Plastic Square Buckets Food Grade Plastic Pail With Lid And Handle (3)\" style=\"background-image: url(&#039;https:\/\/packagingbucket.com\/wp-content\/uploads\/2024\/08\/5-Gallon-20-Litre-Plastic-Square-Buckets-Food-Grade-Plastic-Pail-With-Lid-And-Handle-2.jpg&#039;)\">\n\n\t\t\t\n\t\t\t\t\t<\/div>\n\t\t\t\t\t\t\t\t<\/div>\n\t\t\t\t\t\t\t\t\t<\/div>\n\t\t\t\t\t\t\t\t\t\t\t\t\t\t\t<div class=\"elementor-swiper-button elementor-swiper-button-prev\" role=\"button\" tabindex=\"0\" aria-label=\"\u0627\u0644\u0633\u0627\u0628\u0642\" data-no-translation-aria-label=\"\">\n\t\t\t\t\t\t\t<svg aria-hidden=\"true\" class=\"e-font-icon-svg e-eicon-chevron-right\" viewbox=\"0 0 1000 1000\" xmlns=\"http:\/\/www.w3.org\/2000\/svg\"><path d=\"M696 533C708 521 713 504 713 487 713 471 708 454 696 446L400 146C388 133 375 125 354 125 338 125 325 129 313 142 300 154 292 171 292 187 292 204 296 221 308 233L563 492 304 771C292 783 288 800 288 817 288 833 296 850 308 863 321 871 338 875 354 875 371 875 388 867 400 854L696 533Z\"><\/path><\/svg>\t\t\t\t\t\t<\/div>\n\t\t\t\t\t\t<div class=\"elementor-swiper-button elementor-swiper-button-next\" role=\"button\" tabindex=\"0\" aria-label=\"\u0627\u0644\u062a\u0627\u0644\u064a\" data-no-translation-aria-label=\"\">\n\t\t\t\t\t\t\t<svg aria-hidden=\"true\" class=\"e-font-icon-svg e-eicon-chevron-left\" viewbox=\"0 0 1000 1000\" xmlns=\"http:\/\/www.w3.org\/2000\/svg\"><path d=\"M646 125C629 125 613 133 604 142L308 442C296 454 292 471 292 487 292 504 296 521 308 533L604 854C617 867 629 875 646 875 663 875 679 871 692 858 704 846 713 829 713 812 713 796 708 779 692 767L438 487 692 225C700 217 708 204 708 187 708 171 704 154 692 142 675 129 663 125 646 125Z\"><\/path><\/svg>\t\t\t\t\t\t<\/div>\n\t\t\t\t\t\t\t\t\t\t\t\t\t\t\t\t\t<\/div>\n\t\t\t\t<\/div>\n\t\t\t\t\t\t\t\t<div class=\"elementor-swiper\">\n\t\t\t\t\t<div class=\"elementor-main-swiper swiper elementor-thumbnails-swiper swiper\" role=\"region region\" aria-roledescription=\"carousel carousel\" aria-label=\"Slides Slides\" data-no-translation-aria-label=\"\">\n\t\t\t\t<div class=\"swiper-wrapper\">\n\t\t\t\t\t\t\t\t\t\t\t<div class=\"swiper-slide\" role=\"group\" aria-roledescription=\"slide\">\n\t\t\t\t\t\t\t\t\t<div class=\"elementor-carousel-image\" role=\"img\" aria-label=\"Thickened Plastic Square Bucket with Lid Industry Bucket Food Grade Plastic Pail Barrel Square (1)\" style=\"background-image: url(&#039;https:\/\/packagingbucket.com\/wp-content\/uploads\/2024\/08\/Thickened-Plastic-Square-Bucket-with-Lid-Industry-Bucket-Food-Grade-Plastic-Pail-Barrel-Square-1.jpg&#039;)\">\n\n\t\t\t\n\t\t\t\t\t<\/div>\n\t\t\t\t\t\t\t\t<\/div>\n\t\t\t\t\t\t\t\t\t\t\t<div class=\"swiper-slide\" role=\"group\" aria-roledescription=\"slide\">\n\t\t\t\t\t\t\t\t\t<div class=\"elementor-carousel-image\" role=\"img\" aria-label=\"food grade or custom used mini plastic wine barrels for sale (3)\" style=\"background-image: url(&#039;https:\/\/packagingbucket.com\/wp-content\/uploads\/2024\/08\/Thickened-Plastic-Square-Bucket-with-Lid-Industry-Bucket-Food-Grade-Plastic-Pail-Barrel-Square-2.jpg&#039;)\">\n\n\t\t\t\n\t\t\t\t\t<\/div>\n\t\t\t\t\t\t\t\t<\/div>\n\t\t\t\t\t\t\t\t\t\t\t<div class=\"swiper-slide\" role=\"group\" aria-roledescription=\"slide\">\n\t\t\t\t\t\t\t\t\t<div class=\"elementor-carousel-image\" role=\"img\" aria-label=\"5 Gallon 20 Litre Plastic Square Buckets Food Grade Plastic Pail With Lid And Handle (3)\" style=\"background-image: url(&#039;https:\/\/packagingbucket.com\/wp-content\/uploads\/2024\/08\/5-Gallon-20-Litre-Plastic-Square-Buckets-Food-Grade-Plastic-Pail-With-Lid-And-Handle-2.jpg&#039;)\">\n\n\t\t\t\n\t\t\t\t\t<\/div>\n\t\t\t\t\t\t\t\t<\/div>\n\t\t\t\t\t\t\t\t\t<\/div>\n\t\t\t\t\t\t\t\t\t\t\t\t\t\t\t\t\t\t\t\t\t<\/div>\n\t\t\t\t<\/div>\n\t\t\t\t\t\t\t\t<\/div>\n\t\t\t\t<\/div>\n\t\t\t\t<\/div>\n\t\t<div class=\"elementor-element elementor-element-d8cf1ea e-con-full e-flex e-con e-child\" data-id=\"d8cf1ea\" data-element_type=\"container\" data-settings=\"{&quot;_ha_eqh_enable&quot;:false}\">\n\t\t\t\t<div class=\"elementor-element elementor-element-c5bae44 elementor-button-align-stretch elementor-widget elementor-widget-form\" data-id=\"c5bae44\" data-element_type=\"widget\" data-settings=\"{&quot;step_next_label&quot;:&quot;Next&quot;,&quot;step_previous_label&quot;:&quot;Previous&quot;,&quot;button_width&quot;:&quot;100&quot;,&quot;step_type&quot;:&quot;number_text&quot;,&quot;step_icon_shape&quot;:&quot;circle&quot;}\" data-widget_type=\"form.default\">\n\t\t\t\t<div class=\"elementor-widget-container\">\n\t\t\t\t\t\t\t<form class=\"elementor-form\" method=\"post\" name=\"New Form\" aria-label=\"New Form\" action=\"\">\n\t\t\t<input type=\"hidden\" name=\"post_id\" value=\"1900\"\/>\n\t\t\t<input type=\"hidden\" name=\"form_id\" value=\"c5bae44\"\/>\n\t\t\t<input type=\"hidden\" name=\"referer_title\" value=\"Hot Sale 20L Thickened Plastic Square Buckets with Lid Industry Buckets Food Grade Plastic Pail Barrel Square\" \/>\n\n\t\t\t\t\t\t\t<input type=\"hidden\" name=\"queried_id\" value=\"1900\"\/>\n\t\t\t\n\t\t\t<div class=\"elementor-form-fields-wrapper elementor-labels-above\">\n\t\t\t\t\t\t\t\t<div class=\"elementor-field-type-text elementor-field-group elementor-column elementor-field-group-name elementor-col-50\">\n\t\t\t\t\t\t\t\t\t\t\t\t<label for=\"form-field-name\" class=\"elementor-field-label\">\n\t\t\t\t\t\t\t\tNome\t\t\t\t\t\t\t<\/label>\n\t\t\t\t\t\t\t\t\t\t\t\t\t\t<input size=\"1\" type=\"text\" name=\"form_fields[name]\" id=\"form-field-name\" class=\"elementor-field elementor-size-sm  elementor-field-textual\" placeholder=\"Nome\">\n\t\t\t\t\t\t\t\t\t\t\t<\/div>\n\t\t\t\t\t\t\t\t<div class=\"elementor-field-type-text elementor-field-group elementor-column elementor-field-group-field_927622f elementor-col-50\">\n\t\t\t\t\t\t\t\t\t\t\t\t<label for=\"form-field-field_927622f\" class=\"elementor-field-label\">\n\t\t\t\t\t\t\t\tEmpresa\t\t\t\t\t\t\t<\/label>\n\t\t\t\t\t\t\t\t\t\t\t\t\t\t<input size=\"1\" type=\"text\" name=\"form_fields[field_927622f]\" id=\"form-field-field_927622f\" class=\"elementor-field elementor-size-sm  elementor-field-textual\" placeholder=\"Empresa\">\n\t\t\t\t\t\t\t\t\t\t\t<\/div>\n\t\t\t\t\t\t\t\t<div class=\"elementor-field-type-text elementor-field-group elementor-column elementor-field-group-field_b349b74 elementor-col-50\">\n\t\t\t\t\t\t\t\t\t\t\t\t<label for=\"form-field-field_b349b74\" class=\"elementor-field-label\">\n\t\t\t\t\t\t\t\tTelefone\t\t\t\t\t\t\t<\/label>\n\t\t\t\t\t\t\t\t\t\t\t\t\t\t<input size=\"1\" type=\"text\" name=\"form_fields[field_b349b74]\" id=\"form-field-field_b349b74\" class=\"elementor-field elementor-size-sm  elementor-field-textual\" placeholder=\"Telefone\">\n\t\t\t\t\t\t\t\t\t\t\t<\/div>\n\t\t\t\t\t\t\t\t<div class=\"elementor-field-type-email elementor-field-group elementor-column elementor-field-group-email elementor-col-50 elementor-field-required\">\n\t\t\t\t\t\t\t\t\t\t\t\t<label for=\"form-field-email\" class=\"elementor-field-label\">\n\t\t\t\t\t\t\t\tCorreio eletr\u00f3nico\t\t\t\t\t\t\t<\/label>\n\t\t\t\t\t\t\t\t\t\t\t\t\t\t<input size=\"1\" type=\"email\" name=\"form_fields[email]\" id=\"form-field-email\" class=\"elementor-field elementor-size-sm  elementor-field-textual\" placeholder=\"Correio eletr\u00f3nico\" required=\"required\">\n\t\t\t\t\t\t\t\t\t\t\t<\/div>\n\t\t\t\t\t\t\t\t<div class=\"elementor-field-type-text elementor-field-group elementor-column elementor-field-group-field_6127c68 elementor-col-50\">\n\t\t\t\t\t\t\t\t\t\t\t\t<label for=\"form-field-field_6127c68\" class=\"elementor-field-label\">\n\t\t\t\t\t\t\t\tQuantidade\t\t\t\t\t\t\t<\/label>\n\t\t\t\t\t\t\t\t\t\t\t\t\t\t<input size=\"1\" type=\"text\" name=\"form_fields[field_6127c68]\" id=\"form-field-field_6127c68\" class=\"elementor-field elementor-size-sm  elementor-field-textual\" placeholder=\"Para o pre\u00e7o unit\u00e1rio\">\n\t\t\t\t\t\t\t\t\t\t\t<\/div>\n\t\t\t\t\t\t\t\t<div class=\"elementor-field-type-text elementor-field-group elementor-column elementor-field-group-field_60832b6 elementor-col-50\">\n\t\t\t\t\t\t\t\t\t\t\t\t<label for=\"form-field-field_60832b6\" class=\"elementor-field-label\">\n\t\t\t\t\t\t\t\tEndere\u00e7o\t\t\t\t\t\t\t<\/label>\n\t\t\t\t\t\t\t\t\t\t\t\t\t\t<input size=\"1\" type=\"text\" name=\"form_fields[field_60832b6]\" id=\"form-field-field_60832b6\" class=\"elementor-field elementor-size-sm  elementor-field-textual\" placeholder=\"Para expedi\u00e7\u00e3o\">\n\t\t\t\t\t\t\t\t\t\t\t<\/div>\n\t\t\t\t\t\t\t\t<div class=\"elementor-field-type-textarea elementor-field-group elementor-column elementor-field-group-message elementor-col-100\">\n\t\t\t\t\t\t\t\t\t\t\t\t<label for=\"form-field-message\" class=\"elementor-field-label\">\n\t\t\t\t\t\t\t\tMensagem\t\t\t\t\t\t\t<\/label>\n\t\t\t\t\t\t<textarea class=\"elementor-field-textual elementor-field  elementor-size-sm\" name=\"form_fields[message]\" id=\"form-field-message\" rows=\"7\" placeholder=\"Mensagem\"><\/textarea>\t\t\t\t<\/div>\n\t\t\t\t\t\t\t\t<div class=\"elementor-field-type-recaptcha elementor-field-group elementor-column elementor-field-group-field_d02733a elementor-col-100\">\n\t\t\t\t\t<div class=\"elementor-field\" id=\"form-field-field_d02733a\"><div class=\"elementor-g-recaptcha\" data-sitekey=\"6Ldyb4wqAAAAAC7k_YINJmhbMfzGr0RRN6LnvDEy\" data-type=\"v2_checkbox\" data-theme=\"light\" data-size=\"normal\"><\/div><\/div>\t\t\t\t<\/div>\n\t\t\t\t\t\t\t\t<div class=\"elementor-field-group elementor-column elementor-field-type-submit elementor-col-100 e-form__buttons\">\n\t\t\t\t\t<button class=\"elementor-button elementor-size-sm\" type=\"submit\">\n\t\t\t\t\t\t<span class=\"elementor-button-content-wrapper\">\n\t\t\t\t\t\t\t\t\t\t\t\t\t\t\t\t\t\t\t\t\t\t<span class=\"elementor-button-text\">Enviar<\/span>\n\t\t\t\t\t\t\t\t\t\t\t\t\t<\/span>\n\t\t\t\t\t<\/button>\n\t\t\t\t<\/div>\n\t\t\t<\/div>\n\t\t<input type=\"hidden\" name=\"trp-form-language\" value=\"pt\"\/><\/form>\n\t\t\t\t\t\t<\/div>\n\t\t\t\t<\/div>\n\t\t<div class=\"elementor-element elementor-element-06a6cb6 e-con-full e-flex e-con e-child\" data-id=\"06a6cb6\" data-element_type=\"container\" data-settings=\"{&quot;_ha_eqh_enable&quot;:false}\">\n\t\t<div class=\"elementor-element elementor-element-e6843ea e-con-full e-flex e-con e-child\" data-id=\"e6843ea\" data-element_type=\"container\" data-settings=\"{&quot;_ha_eqh_enable&quot;:false}\">\n\t\t\t\t<div class=\"elementor-element elementor-element-d5a2ed0 elementor-widget elementor-widget-post-info\" data-id=\"d5a2ed0\" data-element_type=\"widget\" data-widget_type=\"post-info.default\">\n\t\t\t\t<div class=\"elementor-widget-container\">\n\t\t\t\t\t\t\t<ul class=\"elementor-inline-items elementor-icon-list-items elementor-post-info\">\n\t\t\t\t\t\t\t\t<li class=\"elementor-icon-list-item elementor-repeater-item-bb696c5 elementor-inline-item\" itemprop=\"about\">\n\t\t\t\t\t\t\t\t\t\t<span class=\"elementor-icon-list-icon\">\n\t\t\t\t\t\t\t\t<svg aria-hidden=\"true\" class=\"e-font-icon-svg e-fas-tags\" viewbox=\"0 0 640 512\" xmlns=\"http:\/\/www.w3.org\/2000\/svg\"><path d=\"M497.941 225.941L286.059 14.059A48 48 0 0 0 252.118 0H48C21.49 0 0 21.49 0 48v204.118a48 48 0 0 0 14.059 33.941l211.882 211.882c18.744 18.745 49.136 18.746 67.882 0l204.118-204.118c18.745-18.745 18.745-49.137 0-67.882zM112 160c-26.51 0-48-21.49-48-48s21.49-48 48-48 48 21.49 48 48-21.49 48-48 48zm513.941 133.823L421.823 497.941c-18.745 18.745-49.137 18.745-67.882 0l-.36-.36L527.64 323.522c16.999-16.999 26.36-39.6 26.36-63.64s-9.362-46.641-26.36-63.64L331.397 0h48.721a48 48 0 0 1 33.941 14.059l211.882 211.882c18.745 18.745 18.745 49.137 0 67.882z\"><\/path><\/svg>\t\t\t\t\t\t\t<\/span>\n\t\t\t\t\t\t\t\t\t<span class=\"elementor-icon-list-text elementor-post-info__item elementor-post-info__item--type-terms\">\n\t\t\t\t\t\t\t\t\t\t<span class=\"elementor-post-info__terms-list\">\n\t\t\t\t<a href=\"https:\/\/packagingbucket.com\/pt\/packaging-buckets\/square-plastic-buckets\/20l-square-plastic-buckets\/\" class=\"elementor-post-info__terms-list-item\">Baldes de pl\u00e1stico quadrados de 20L<\/a>, <a href=\"https:\/\/packagingbucket.com\/pt\/packaging-buckets\/cleaning-buckets\/\" class=\"elementor-post-info__terms-list-item\">Baldes de limpeza<\/a>, <a href=\"https:\/\/packagingbucket.com\/pt\/packaging-buckets\/food-and-beverage-buckets\/\" class=\"elementor-post-info__terms-list-item\">Baldes para alimentos e bebidas<\/a>, <a href=\"https:\/\/packagingbucket.com\/pt\/packaging-buckets\/health-care-buckets\/\" class=\"elementor-post-info__terms-list-item\">Baldes de cuidados de sa\u00fade<\/a>, <a href=\"https:\/\/packagingbucket.com\/pt\/packaging-buckets\/\" class=\"elementor-post-info__terms-list-item\">Baldes de embalagem<\/a>, <a href=\"https:\/\/packagingbucket.com\/pt\/packaging-buckets\/paint-and-coating-buckets\/\" class=\"elementor-post-info__terms-list-item\">Baldes para tintas e revestimentos<\/a>, <a href=\"https:\/\/packagingbucket.com\/pt\/packaging-buckets\/pet-food-buckets\/\" class=\"elementor-post-info__terms-list-item\">Baldes PET para alimentos<\/a>, <a href=\"https:\/\/packagingbucket.com\/pt\/packaging-buckets\/square-plastic-buckets\/\" class=\"elementor-post-info__terms-list-item\">Baldes de pl\u00e1stico quadrados<\/a>\t\t\t\t<\/span>\n\t\t\t\t\t<\/span>\n\t\t\t\t\t\t\t\t<\/li>\n\t\t\t\t<\/ul>\n\t\t\t\t\t\t<\/div>\n\t\t\t\t<\/div>\n\t\t\t\t<\/div>\n\t\t<div class=\"elementor-element elementor-element-818edd9 e-con-full e-flex e-con e-child\" data-id=\"818edd9\" data-element_type=\"container\" data-settings=\"{&quot;_ha_eqh_enable&quot;:false}\">\n\t\t\t\t<div class=\"elementor-element elementor-element-9c89e0d elementor-widget elementor-widget-post-info\" data-id=\"9c89e0d\" data-element_type=\"widget\" data-widget_type=\"post-info.default\">\n\t\t\t\t<div class=\"elementor-widget-container\">\n\t\t\t\t\t\t\t<ul class=\"elementor-inline-items elementor-icon-list-items elementor-post-info\">\n\t\t\t\t\t\t\t\t<li class=\"elementor-icon-list-item elementor-repeater-item-bb696c5 elementor-inline-item\" itemprop=\"about\">\n\t\t\t\t\t\t\t\t\t\t<span class=\"elementor-icon-list-icon\">\n\t\t\t\t\t\t\t\t<svg aria-hidden=\"true\" class=\"e-font-icon-svg e-fas-tags\" viewbox=\"0 0 640 512\" xmlns=\"http:\/\/www.w3.org\/2000\/svg\"><path d=\"M497.941 225.941L286.059 14.059A48 48 0 0 0 252.118 0H48C21.49 0 0 21.49 0 48v204.118a48 48 0 0 0 14.059 33.941l211.882 211.882c18.744 18.745 49.136 18.746 67.882 0l204.118-204.118c18.745-18.745 18.745-49.137 0-67.882zM112 160c-26.51 0-48-21.49-48-48s21.49-48 48-48 48 21.49 48 48-21.49 48-48 48zm513.941 133.823L421.823 497.941c-18.745 18.745-49.137 18.745-67.882 0l-.36-.36L527.64 323.522c16.999-16.999 26.36-39.6 26.36-63.64s-9.362-46.641-26.36-63.64L331.397 0h48.721a48 48 0 0 1 33.941 14.059l211.882 211.882c18.745 18.745 18.745 49.137 0 67.882z\"><\/path><\/svg>\t\t\t\t\t\t\t<\/span>\n\t\t\t\t\t\t\t\t\t<span class=\"elementor-icon-list-text elementor-post-info__item elementor-post-info__item--type-terms\">\n\t\t\t\t\t\t\t\t\t\t<span class=\"elementor-post-info__terms-list\">\n\t\t\t\t<a href=\"https:\/\/packagingbucket.com\/pt\/tag\/20l-square-plastic-packaging-buckets\/\" class=\"elementor-post-info__terms-list-item\">Baldes quadrados de 20L para embalagens de pl\u00e1stico<\/a>, <a href=\"https:\/\/packagingbucket.com\/pt\/tag\/food-and-beverage-buckets\/\" class=\"elementor-post-info__terms-list-item\">Baldes para alimentos e bebidas<\/a>, <a href=\"https:\/\/packagingbucket.com\/pt\/tag\/household-cleaning-buckets\/\" class=\"elementor-post-info__terms-list-item\">Baldes para limpeza dom\u00e9stica<\/a>, <a href=\"https:\/\/packagingbucket.com\/pt\/tag\/paint-and-coating-buckets\/\" class=\"elementor-post-info__terms-list-item\">Baldes para tintas e revestimentos<\/a>, <a href=\"https:\/\/packagingbucket.com\/pt\/tag\/pet-food-buckets\/\" class=\"elementor-post-info__terms-list-item\">Baldes PET para alimentos<\/a>, <a href=\"https:\/\/packagingbucket.com\/pt\/tag\/square-platic-buckets\/\" class=\"elementor-post-info__terms-list-item\">Baldes de pl\u00e1stico quadrados<\/a>\t\t\t\t<\/span>\n\t\t\t\t\t<\/span>\n\t\t\t\t\t\t\t\t<\/li>\n\t\t\t\t<\/ul>\n\t\t\t\t\t\t<\/div>\n\t\t\t\t<\/div>\n\t\t\t\t<\/div>\n\t\t\t\t<\/div>\n\t\t\t\t<\/div>\n\t\t\t\t\t<\/div>\n\t\t\t\t<\/div>\n\t\t<div class=\"elementor-element elementor-element-780f46c e-flex e-con-boxed e-con e-parent\" data-id=\"780f46c\" data-element_type=\"container\" data-settings=\"{&quot;_ha_eqh_enable&quot;:false}\">\n\t\t\t\t\t<div class=\"e-con-inner\">\n\t\t\t\t<div class=\"elementor-element elementor-element-a94a725 elementor-widget elementor-widget-heading\" data-id=\"a94a725\" data-element_type=\"widget\" data-widget_type=\"heading.default\">\n\t\t\t\t<div class=\"elementor-widget-container\">\n\t\t\t\t\t<h2 class=\"elementor-heading-title elementor-size-default\">1. Porqu\u00ea escolher o nosso balde quadrado de pl\u00e1stico espessado de 20L?<\/h2>\t\t\t\t<\/div>\n\t\t\t\t<\/div>\n\t\t\t\t<div class=\"elementor-element elementor-element-80e335a elementor-widget elementor-widget-text-editor\" data-id=\"80e335a\" data-element_type=\"widget\" data-widget_type=\"text-editor.default\">\n\t\t\t\t<div class=\"elementor-widget-container\">\n\t\t\t\t\t\t\t\t\t<p>A embalagem que escolhe para os seus produtos \u00e9 crucial para garantir a qualidade, a seguran\u00e7a e a efici\u00eancia. As <strong>Balde quadrado de pl\u00e1stico espessado de 20L com tampa Balde para a ind\u00fastria Balde de pl\u00e1stico de qualidade alimentar Barril quadrado<\/strong> \u00e9 uma solu\u00e7\u00e3o vers\u00e1til e fi\u00e1vel para empresas de v\u00e1rios sectores. Quer esteja envolvido na produ\u00e7\u00e3o alimentar, fabrico industrial ou armazenamento de produtos qu\u00edmicos, estes baldes quadrados proporcionam a durabilidade e a funcionalidade necess\u00e1rias para satisfazer as exig\u00eancias das suas opera\u00e7\u00f5es.<\/p><p>Este guia abrangente analisa os pontos de venda \u00fanicos dos nossos baldes quadrados de pl\u00e1stico espessado de 20L, real\u00e7ando a sua durabilidade, versatilidade e capacidade de personaliza\u00e7\u00e3o. Iremos explorar a forma como estes baldes podem beneficiar a sua empresa, oferecendo um armazenamento seguro, um manuseamento f\u00e1cil e o potencial de melhoria da marca atrav\u00e9s da personaliza\u00e7\u00e3o. Al\u00e9m disso, destacaremos a natureza econ\u00f3mica e ecol\u00f3gica dos nossos produtos, tornando-os uma excelente escolha para as empresas que procuram investir em solu\u00e7\u00f5es de embalagem sustent\u00e1veis.<\/p><p>Selecionar o contentor certo para os seus produtos pode ter um impacto significativo na sua efici\u00eancia operacional e na qualidade do produto. Os nossos baldes quadrados de pl\u00e1stico espessado de 20L foram concebidos para satisfazer os mais elevados padr\u00f5es de qualidade e desempenho, proporcionando uma solu\u00e7\u00e3o fi\u00e1vel para uma vasta gama de ind\u00fastrias.<\/p><p><strong>1.1. Qualidade superior dos materiais<\/strong><\/p><p>Os nossos baldes s\u00e3o fabricados com material de polipropileno (PP) de alta qualidade e de qualidade alimentar. Isto garante que os baldes s\u00e3o seguros para armazenar consum\u00edveis e outros produtos sens\u00edveis. O material PP \u00e9 conhecido pela sua for\u00e7a, resist\u00eancia a produtos qu\u00edmicos e durabilidade, o que o torna uma escolha ideal para aplica\u00e7\u00f5es alimentares e industriais. O design espessado aumenta ainda mais a robustez do balde, garantindo que pode suportar cargas pesadas e condi\u00e7\u00f5es adversas.<\/p><p><strong>1.2. Capacidade generosa de 20L<\/strong><\/p><p>A capacidade de 20L dos nossos baldes quadrados oferece um espa\u00e7o amplo para armazenar uma variedade de produtos, desde produtos alimentares a granel a produtos qu\u00edmicos industriais. A forma quadrada \u00e9 particularmente vantajosa, uma vez que maximiza a efici\u00eancia de armazenamento, permitindo armazenar mais produtos numa determinada \u00e1rea, em compara\u00e7\u00e3o com os contentores redondos. Isto faz com que os nossos baldes sejam uma excelente escolha para as empresas que procuram otimizar os seus processos de armazenamento e transporte.<\/p><p><strong>1.3. Tampa segura para maior seguran\u00e7a<\/strong><\/p><p>Cada balde \u00e9 fornecido com uma tampa bem ajustada que assegura que o conte\u00fado est\u00e1 bem fechado. Isto \u00e9 crucial para manter a qualidade e a seguran\u00e7a dos produtos armazenados, especialmente para alimentos e produtos qu\u00edmicos que requerem prote\u00e7\u00e3o contra contaminantes. A tampa foi concebida para ser f\u00e1cil de aplicar e remover, ao mesmo tempo que proporciona uma veda\u00e7\u00e3o estanque que evita fugas e derrames.<\/p><p><strong>1.4. Conce\u00e7\u00e3o ergon\u00f3mica para um manuseamento f\u00e1cil<\/strong><\/p><p>Os nossos baldes est\u00e3o equipados com pegas robustas que os tornam f\u00e1ceis de transportar, mesmo quando cheios at\u00e9 \u00e0 capacidade m\u00e1xima. O design quadrado tamb\u00e9m contribui para um manuseamento e empilhamento mais f\u00e1ceis, reduzindo o risco de acidentes durante o transporte. Este design ergon\u00f3mico garante que o seu pessoal possa manusear os baldes de forma segura e eficiente, melhorando o fluxo de trabalho geral e reduzindo a probabilidade de les\u00f5es no local de trabalho.<\/p><p><strong>1.5. Conformidade com as normas do sector<\/strong><\/p><p>Compreendemos a import\u00e2ncia de cumprir as normas da ind\u00fastria, raz\u00e3o pela qual os nossos baldes s\u00e3o fabricados em conformidade com os regulamentos relevantes. Isto inclui normas de seguran\u00e7a alimentar, garantindo que os nossos baldes s\u00e3o adequados para armazenar produtos consum\u00edveis sem o risco de contamina\u00e7\u00e3o. A conformidade com as normas da ind\u00fastria tamb\u00e9m significa que os nossos baldes podem ser utilizados com confian\u00e7a em v\u00e1rios sectores, desde a produ\u00e7\u00e3o alimentar ao armazenamento de produtos qu\u00edmicos.<\/p>\t\t\t\t\t\t\t\t<\/div>\n\t\t\t\t<\/div>\n\t\t\t\t\t<\/div>\n\t\t\t\t<\/div>\n\t\t<div class=\"elementor-element elementor-element-7b4fd66 e-flex e-con-boxed e-con e-parent\" data-id=\"7b4fd66\" data-element_type=\"container\" data-settings=\"{&quot;_ha_eqh_enable&quot;:false}\">\n\t\t\t\t\t<div class=\"e-con-inner\">\n\t\t\t\t<div class=\"elementor-element elementor-element-6f2702a elementor-widget elementor-widget-heading\" data-id=\"6f2702a\" data-element_type=\"widget\" data-widget_type=\"heading.default\">\n\t\t\t\t<div class=\"elementor-widget-container\">\n\t\t\t\t\t<h2 class=\"elementor-heading-title elementor-size-default\">2. Maior durabilidade: Constru\u00eddo para utiliza\u00e7\u00e3o intensiva<\/h2>\t\t\t\t<\/div>\n\t\t\t\t<\/div>\n\t\t\t\t<div class=\"elementor-element elementor-element-eb7c906 elementor-widget elementor-widget-text-editor\" data-id=\"eb7c906\" data-element_type=\"widget\" data-widget_type=\"text-editor.default\">\n\t\t\t\t<div class=\"elementor-widget-container\">\n\t\t\t\t\t\t\t\t\t<div class=\"flex-shrink-0 flex flex-col relative items-end\"><div class=\"pt-0\"><div class=\"gizmo-bot-avatar flex h-8 w-8 items-center justify-center overflow-hidden rounded-full\"><div class=\"relative p-1 rounded-sm flex items-center justify-center bg-token-main-surface-primary text-token-text-primary h-8 w-8\"><p>A durabilidade \u00e9 uma considera\u00e7\u00e3o fundamental na escolha de contentores, especialmente para empresas que exigem solu\u00e7\u00f5es fi\u00e1veis e duradouras. Os nossos baldes quadrados de pl\u00e1stico espessado de 20L foram concebidos para suportar os rigores da utiliza\u00e7\u00e3o industrial, proporcionando uma op\u00e7\u00e3o duradoura e fi\u00e1vel para a sua empresa.<\/p><p><strong>2.1. Constru\u00e7\u00e3o resistente ao impacto<\/strong><\/p><p>As paredes espessas dos nossos baldes proporcionam uma resist\u00eancia superior ao impacto, tornando-os menos propensos a danos durante o manuseamento e o transporte. Esta durabilidade garante que os baldes mant\u00eam a sua integridade estrutural, mesmo sob cargas pesadas ou quando sujeitos a um manuseamento brusco. Como resultado, os seus produtos permanecem protegidos e evita os custos e interrup\u00e7\u00f5es associados a embalagens danificadas.<\/p><p><strong>2.2. Resist\u00eancia a produtos qu\u00edmicos agressivos<\/strong><\/p><p>Os nossos baldes s\u00e3o fabricados em polipropileno, um material conhecido pela sua excelente resist\u00eancia qu\u00edmica. Isto torna os nossos baldes adequados para armazenar uma vasta gama de produtos qu\u00edmicos e outros produtos industriais sem o risco de degrada\u00e7\u00e3o ou contamina\u00e7\u00e3o. Quer esteja a armazenar agentes de limpeza, \u00f3leos ou outras subst\u00e2ncias corrosivas, os nossos baldes proporcionam um recipiente seguro e fi\u00e1vel que pode suportar a exposi\u00e7\u00e3o a produtos qu\u00edmicos agressivos.<\/p><p><strong>2.3. Resist\u00eancia aos UV e \u00e0s intemp\u00e9ries<\/strong><\/p><p>Para as empresas que armazenam produtos no exterior, a resist\u00eancia aos raios UV e \u00e0s condi\u00e7\u00f5es climat\u00e9ricas s\u00e3o carater\u00edsticas essenciais. Os nossos baldes s\u00e3o concebidos para resistir \u00e0 degrada\u00e7\u00e3o provocada pela exposi\u00e7\u00e3o \u00e0 luz solar e a outros factores ambientais. Isto significa que podem ser armazenados no exterior sem ficarem quebradi\u00e7os ou descolorados, garantindo que mant\u00eam a sua for\u00e7a e apar\u00eancia ao longo do tempo.<\/p><p><strong>2.4. Tampa refor\u00e7ada para maior seguran\u00e7a<\/strong><\/p><p>A tampa dos nossos baldes foi concebida n\u00e3o s\u00f3 para vedar bem, mas tamb\u00e9m para resistir \u00e0 press\u00e3o e ao impacto. Este design refor\u00e7ado garante que a tampa se mant\u00e9m firmemente no lugar, mesmo durante o manuseamento ou transporte. Esta seguran\u00e7a acrescida \u00e9 particularmente importante para as empresas que necessitam de armazenar e transportar produtos a longas dist\u00e2ncias ou em ambientes dif\u00edceis.<\/p><p><strong>2.5. Vida \u00fatil longa para uma utiliza\u00e7\u00e3o econ\u00f3mica<\/strong><\/p><p>Uma das principais vantagens dos nossos baldes quadrados de pl\u00e1stico espessado \u00e9 a sua longa vida \u00fatil. A constru\u00e7\u00e3o duradoura significa que os baldes podem ser reutilizados v\u00e1rias vezes, reduzindo a necessidade de substitui\u00e7\u00f5es frequentes. Isto n\u00e3o s\u00f3 permite poupar dinheiro, como tamb\u00e9m reduz os res\u00edduos, tornando os nossos baldes numa op\u00e7\u00e3o econ\u00f3mica e amiga do ambiente para a sua empresa.<\/p><\/div><\/div><\/div><\/div>\t\t\t\t\t\t\t\t<\/div>\n\t\t\t\t<\/div>\n\t\t\t\t\t<\/div>\n\t\t\t\t<\/div>\n\t\t<div class=\"elementor-element elementor-element-10a3c46 e-flex e-con-boxed e-con e-parent\" data-id=\"10a3c46\" data-element_type=\"container\" data-settings=\"{&quot;_ha_eqh_enable&quot;:false}\">\n\t\t\t\t\t<div class=\"e-con-inner\">\n\t\t\t\t<div class=\"elementor-element elementor-element-7e80bba elementor-widget elementor-widget-heading\" data-id=\"7e80bba\" data-element_type=\"widget\" data-widget_type=\"heading.default\">\n\t\t\t\t<div class=\"elementor-widget-container\">\n\t\t\t\t\t<h2 class=\"elementor-heading-title elementor-size-default\">3. Aplica\u00e7\u00f5es vers\u00e1teis em v\u00e1rios sectores<\/h2>\t\t\t\t<\/div>\n\t\t\t\t<\/div>\n\t\t\t\t<div class=\"elementor-element elementor-element-da49909 elementor-widget elementor-widget-text-editor\" data-id=\"da49909\" data-element_type=\"widget\" data-widget_type=\"text-editor.default\">\n\t\t\t\t<div class=\"elementor-widget-container\">\n\t\t\t\t\t\t\t\t\t<p>A versatilidade dos nossos baldes quadrados de pl\u00e1stico espessado de 20L torna-os uma excelente escolha para empresas de uma vasta gama de sectores. Desde o armazenamento de alimentos \u00e0 utiliza\u00e7\u00e3o industrial, estes baldes proporcionam uma solu\u00e7\u00e3o fi\u00e1vel que pode ser adaptada a v\u00e1rias aplica\u00e7\u00f5es.<\/p><p><strong>3.1. Ideal para armazenamento e processamento de alimentos<\/strong><\/p><p>Os nossos baldes de qualidade alimentar s\u00e3o perfeitos para armazenar e processar uma variedade de produtos alimentares. A veda\u00e7\u00e3o herm\u00e9tica garante que o conte\u00fado permanece fresco e livre de contaminantes, enquanto o material seguro para alimentos evita qualquer lixivia\u00e7\u00e3o qu\u00edmica. Estas carater\u00edsticas tornam os nossos baldes ideais para utiliza\u00e7\u00e3o na ind\u00fastria alimentar e de bebidas, quer esteja a armazenar ingredientes em bruto, alimentos preparados ou l\u00edquidos.<\/p><p><strong>3.2. Adequado para utiliza\u00e7\u00e3o qu\u00edmica e industrial<\/strong><\/p><p>A resist\u00eancia qu\u00edmica e a durabilidade dos nossos baldes tornam-nos adequados para armazenar uma vasta gama de produtos industriais. Quer esteja a manusear produtos qu\u00edmicos, tintas ou outros materiais industriais, os nossos baldes fornecem um recipiente seguro e fi\u00e1vel que pode suportar as exig\u00eancias da utiliza\u00e7\u00e3o industrial. O design quadrado tamb\u00e9m permite um empilhamento e armazenamento eficientes, ajudando-o a otimizar o seu espa\u00e7o de trabalho.<\/p><p><strong>3.3. Versatilidade nas aplica\u00e7\u00f5es agr\u00edcolas<\/strong><\/p><p>Os nossos baldes tamb\u00e9m s\u00e3o ideais para utiliza\u00e7\u00e3o agr\u00edcola, proporcionando um contentor dur\u00e1vel e resistente \u00e0s intemp\u00e9ries para armazenar ra\u00e7\u00f5es, fertilizantes e outros produtos agr\u00edcolas. A tampa segura garante que o conte\u00fado permanece protegido da humidade e das pragas, enquanto a constru\u00e7\u00e3o robusta pode suportar os rigores da utiliza\u00e7\u00e3o agr\u00edcola.<\/p><p><strong>3.4. Pr\u00e1tico para projectos dom\u00e9sticos e de bricolage<\/strong><\/p><p>Para al\u00e9m das aplica\u00e7\u00f5es industriais, os nossos baldes tamb\u00e9m s\u00e3o adequados para utiliza\u00e7\u00e3o dom\u00e9stica e de bricolage. A constru\u00e7\u00e3o duradoura e a tampa segura tornam-nos ideais para armazenar ferramentas, material de limpeza e outros artigos dom\u00e9sticos. O design ergon\u00f3mico garante que s\u00e3o f\u00e1ceis de manusear, mesmo quando cheios com artigos pesados ou volumosos.<\/p><p><strong>3.5. Perfeito para o retalho e a distribui\u00e7\u00e3o<\/strong><\/p><p>Para retalhistas e distribuidores, os nossos baldes oferecem uma solu\u00e7\u00e3o de embalagem pr\u00e1tica e atractiva. O design personaliz\u00e1vel permite-lhe adicionar marcas e etiquetas, tornando-os uma excelente escolha para produtos de retalho. A constru\u00e7\u00e3o duradoura garante que os baldes podem suportar as exig\u00eancias do transporte e manuseamento, assegurando que os seus produtos chegam aos clientes em perfeitas condi\u00e7\u00f5es.<\/p>\t\t\t\t\t\t\t\t<\/div>\n\t\t\t\t<\/div>\n\t\t\t\t<div class=\"elementor-element elementor-element-1ed92a2 elementor-widget elementor-widget-heading\" data-id=\"1ed92a2\" data-element_type=\"widget\" data-widget_type=\"heading.default\">\n\t\t\t\t<div class=\"elementor-widget-container\">\n\t\t\t\t\t<h2 class=\"elementor-heading-title elementor-size-default\">4. Op\u00e7\u00f5es personaliz\u00e1veis: Marca e design feitos \u00e0 medida<\/h2>\t\t\t\t<\/div>\n\t\t\t\t<\/div>\n\t\t\t\t<div class=\"elementor-element elementor-element-7f6cef6 elementor-widget elementor-widget-text-editor\" data-id=\"7f6cef6\" data-element_type=\"widget\" data-widget_type=\"text-editor.default\">\n\t\t\t\t<div class=\"elementor-widget-container\">\n\t\t\t\t\t\t\t\t\t<p>No mercado competitivo de hoje, a marca \u00e9 mais importante do que nunca. Os nossos baldes quadrados de pl\u00e1stico espessado de 20L oferecem uma gama de op\u00e7\u00f5es de personaliza\u00e7\u00e3o que lhe permitem criar um produto \u00fanico e reconhec\u00edvel.<\/p><p><strong>4.1. Cores personalizadas para reconhecimento da marca<\/strong><\/p><p>Oferecemos uma vasta gama de op\u00e7\u00f5es de cores para os nossos baldes, permitindo-lhe escolher uma cor que corresponda \u00e0 identidade da sua marca. As cores personalizadas n\u00e3o s\u00f3 melhoram a atra\u00e7\u00e3o visual do seu produto, como tamb\u00e9m ajudam a criar uma imagem de marca coesa que se destaca nas prateleiras. Quer necessite de uma cor ousada e apelativa ou de uma tonalidade subtil e discreta, podemos fornecer a solu\u00e7\u00e3o perfeita.<\/p><p><strong>4.2. Impress\u00e3o de log\u00f3tipo de alta qualidade<\/strong><\/p><p>O seu log\u00f3tipo \u00e9 uma parte crucial da sua marca, e os nossos baldes oferecem a tela perfeita para a impress\u00e3o de log\u00f3tipos de alta qualidade. O nosso processo de impress\u00e3o garante que o seu log\u00f3tipo \u00e9 claro, vibrante e duradouro, mantendo o seu aspeto durante toda a utiliza\u00e7\u00e3o do balde. Isto ajuda a refor\u00e7ar a presen\u00e7a da sua marca e a criar uma impress\u00e3o duradoura nos seus clientes.<\/p><p><strong>4.3. Rotulagem privada de produtos exclusivos<\/strong><\/p><p>Para as empresas que pretendem criar linhas de produtos exclusivas, oferecemos op\u00e7\u00f5es de rotulagem privada que lhe permitem criar um produto \u00fanico que reflecte a identidade da sua marca. A rotulagem privada \u00e9 particularmente vantajosa para retalhistas e distribuidores que pretendam oferecer um produto distinto sob a sua pr\u00f3pria marca. Esta op\u00e7\u00e3o de personaliza\u00e7\u00e3o ajuda-o a diferenciar os seus produtos da concorr\u00eancia e a fidelizar os clientes.<\/p><p><strong>4.4. Designs de tampas personalizados para maior funcionalidade<\/strong><\/p><p>Para al\u00e9m da personaliza\u00e7\u00e3o do balde, tamb\u00e9m oferecemos designs de tampa personalizados que melhoram a funcionalidade do balde. Quer necessite de um selo inviol\u00e1vel, de um bico para verter facilmente ou de pegas adicionais, podemos adaptar a tampa para satisfazer os seus requisitos espec\u00edficos. As tampas personalizadas n\u00e3o s\u00f3 melhoram a experi\u00eancia do utilizador, como tamb\u00e9m acrescentam valor ao seu produto.<\/p><p><strong>4.5. Servi\u00e7o completo de suporte \u00e0 personaliza\u00e7\u00e3o<\/strong><\/p><p>A nossa equipa dedica-se a ajud\u00e1-lo a criar o produto perfeito para o seu neg\u00f3cio. Desde os conceitos iniciais de design at\u00e9 \u00e0 produ\u00e7\u00e3o final, oferecemos um servi\u00e7o completo de apoio \u00e0 personaliza\u00e7\u00e3o para garantir que os seus baldes cumprem as suas especifica\u00e7\u00f5es exactas. O nosso objetivo \u00e9 fornecer-lhe uma solu\u00e7\u00e3o de embalagem que valorize a sua marca e satisfa\u00e7a as necessidades dos seus clientes.<\/p>\t\t\t\t\t\t\t\t<\/div>\n\t\t\t\t<\/div>\n\t\t\t\t<div class=\"elementor-element elementor-element-07c4699 elementor-widget elementor-widget-heading\" data-id=\"07c4699\" data-element_type=\"widget\" data-widget_type=\"heading.default\">\n\t\t\t\t<div class=\"elementor-widget-container\">\n\t\t\t\t\t<h2 class=\"elementor-heading-title elementor-size-default\">5. Solu\u00e7\u00f5es grossistas rent\u00e1veis e ecol\u00f3gicas<\/h2>\t\t\t\t<\/div>\n\t\t\t\t<\/div>\n\t\t\t\t<div class=\"elementor-element elementor-element-ec7824b elementor-widget elementor-widget-text-editor\" data-id=\"ec7824b\" data-element_type=\"widget\" data-widget_type=\"text-editor.default\">\n\t\t\t\t<div class=\"elementor-widget-container\">\n\t\t\t\t\t\t\t\t\t<p>Para al\u00e9m da sua qualidade e versatilidade, os nossos baldes quadrados de pl\u00e1stico espessado de 20L oferecem uma solu\u00e7\u00e3o de embalagem econ\u00f3mica e ecol\u00f3gica que beneficia tanto a sua empresa como o ambiente.<\/p><p><strong>5.1. Compras em massa para poupan\u00e7a de custos<\/strong><\/p><p>A compra dos nossos baldes a granel permite-lhe tirar partido de economias de custos significativas. Oferecemos op\u00e7\u00f5es flex\u00edveis de compra a granel que lhe permitem encomendar as quantidades de que necessita a pre\u00e7os competitivos. Isto faz com que os nossos baldes sejam uma escolha acess\u00edvel para empresas de todas as dimens\u00f5es, desde pequenas empresas em fase de arranque a grandes empresas.<\/p><p><strong>5.2. A durabilidade a longo prazo reduz os custos de substitui\u00e7\u00e3o<\/strong><\/p><p>A longa durabilidade dos nossos baldes significa que podem ser reutilizados v\u00e1rias vezes, reduzindo a necessidade de substitui\u00e7\u00f5es frequentes. Isto n\u00e3o s\u00f3 permite poupar dinheiro nos custos de embalagem, como tamb\u00e9m minimiza os res\u00edduos, tornando os nossos baldes uma escolha sustent\u00e1vel para a sua empresa.<\/p><p><strong>5.3. Materiais recicl\u00e1veis para pr\u00e1ticas sustent\u00e1veis<\/strong><\/p><p>Os nossos baldes s\u00e3o feitos de polipropileno recicl\u00e1vel, o que os torna uma op\u00e7\u00e3o amiga do ambiente para as empresas que procuram implementar pr\u00e1ticas sustent\u00e1veis. Ap\u00f3s a sua vida \u00fatil, os baldes podem ser reciclados, reduzindo os res\u00edduos e apoiando iniciativas de economia circular. Este compromisso com a sustentabilidade \u00e9 uma considera\u00e7\u00e3o importante para as empresas que pretendem minimizar o seu impacto ambiental.<\/p><p><strong>5.4. Expedi\u00e7\u00e3o e distribui\u00e7\u00e3o eficientes<\/strong><\/p><p>Compreendemos a import\u00e2ncia de um envio e distribui\u00e7\u00e3o eficientes, especialmente para grandes encomendas por grosso. Os nossos baldes quadrados foram concebidos para facilitar o empilhamento, o que maximiza o espa\u00e7o durante o transporte e reduz os custos de envio. Este design eficiente tamb\u00e9m garante que os seus produtos s\u00e3o entregues de forma r\u00e1pida e segura, minimizando o risco de danos durante o transporte.<\/p><p><strong>5.5. Suporte dedicado ao com\u00e9rcio grossista<\/strong><\/p><p>A nossa equipa dedicada de apoio ao com\u00e9rcio grossista est\u00e1 aqui para o ajudar em todos os aspectos da sua encomenda, desde a sele\u00e7\u00e3o do produto at\u00e9 \u00e0 entrega. Estamos empenhados em prestar um servi\u00e7o excecional e em garantir que tem uma experi\u00eancia perfeita quando trabalha connosco. Quer necessite de ajuda com a personaliza\u00e7\u00e3o, encomendas em massa ou log\u00edstica, a nossa equipa est\u00e1 pronta para apoiar as suas necessidades comerciais.<\/p><hr \/><h3>Conclus\u00e3o<\/h3><p>O <strong>Balde quadrado de pl\u00e1stico espessado de 20L com tampa Balde para a ind\u00fastria Balde de pl\u00e1stico de qualidade alimentar Barril quadrado<\/strong> \u00e9 uma solu\u00e7\u00e3o de embalagem vers\u00e1til, dur\u00e1vel e personaliz\u00e1vel que satisfaz as necessidades de uma vasta gama de ind\u00fastrias. Desde o armazenamento de alimentos ao manuseamento de produtos qu\u00edmicos, estes baldes proporcionam a fiabilidade e a funcionalidade de que as empresas necessitam. Com op\u00e7\u00f5es de marca personalizada, compra a granel e entrega flex\u00edvel, os nossos baldes s\u00e3o a escolha ideal para fabricantes, distribuidores, importadores e retalhistas que procuram embalagens de alta qualidade.<\/p><p>Contacte-nos hoje para saber mais sobre como os nossos produtos podem apoiar a sua empresa e ajud\u00e1-lo a atingir os seus objectivos.<\/p>\t\t\t\t\t\t\t\t<\/div>\n\t\t\t\t<\/div>\n\t\t\t\t\t<\/div>\n\t\t\t\t<\/div>\n\t\t\t\t<section class=\"elementor-section elementor-top-section elementor-element elementor-element-2334e384 elementor-section-boxed elementor-section-height-default elementor-section-height-default\" data-id=\"2334e384\" data-element_type=\"section\" data-settings=\"{&quot;_ha_eqh_enable&quot;:false}\">\n\t\t\t\t\t\t<div class=\"elementor-container elementor-column-gap-default\">\n\t\t\t\t\t<div class=\"elementor-column elementor-col-50 elementor-top-column elementor-element elementor-element-58fce9e2\" data-id=\"58fce9e2\" data-element_type=\"column\">\n\t\t\t<div class=\"elementor-widget-wrap elementor-element-populated\">\n\t\t\t\t\t\t<div class=\"elementor-element elementor-element-651cbfba elementor-widget elementor-widget-image\" data-id=\"651cbfba\" data-element_type=\"widget\" data-widget_type=\"image.default\">\n\t\t\t\t<div class=\"elementor-widget-container\">\n\t\t\t\t\t\t\t\t\t\t\t\t\t\t\t<img fetchpriority=\"high\" decoding=\"async\" width=\"1400\" height=\"1000\" src=\"https:\/\/packagingbucket.com\/wp-content\/uploads\/2024\/08\/product-page-product.jpg\" class=\"attachment-large size-large wp-image-400\" alt=\"p\u00e1gina do produto-produto\" srcset=\"https:\/\/packagingbucket.com\/wp-content\/uploads\/2024\/08\/product-page-product.jpg 1400w, https:\/\/packagingbucket.com\/wp-content\/uploads\/2024\/08\/product-page-product-768x549.jpg 768w, https:\/\/packagingbucket.com\/wp-content\/uploads\/2024\/08\/product-page-product-18x12.jpg 18w\" sizes=\"(max-width: 1400px) 100vw, 1400px\" \/>\t\t\t\t\t\t\t\t\t\t\t\t\t\t\t<\/div>\n\t\t\t\t<\/div>\n\t\t\t\t\t<\/div>\n\t\t<\/div>\n\t\t\t\t<div class=\"elementor-column elementor-col-50 elementor-top-column elementor-element elementor-element-652b227\" data-id=\"652b227\" data-element_type=\"column\" data-settings=\"{&quot;background_background&quot;:&quot;classic&quot;}\">\n\t\t\t<div class=\"elementor-widget-wrap elementor-element-populated\">\n\t\t\t\t\t\t<div class=\"elementor-element elementor-element-344ce870 elementor-widget elementor-widget-heading\" data-id=\"344ce870\" data-element_type=\"widget\" data-widget_type=\"heading.default\">\n\t\t\t\t<div class=\"elementor-widget-container\">\n\t\t\t\t\t<h2 class=\"elementor-heading-title elementor-size-default\">Mais Baldes de embalagem<\/h2>\t\t\t\t<\/div>\n\t\t\t\t<\/div>\n\t\t\t\t<section class=\"elementor-section elementor-inner-section elementor-element elementor-element-b859674 elementor-section-boxed elementor-section-height-default elementor-section-height-default\" data-id=\"b859674\" data-element_type=\"section\" data-settings=\"{&quot;_ha_eqh_enable&quot;:false}\">\n\t\t\t\t\t\t<div class=\"elementor-container elementor-column-gap-default\">\n\t\t\t\t\t<div class=\"elementor-column elementor-col-100 elementor-inner-column elementor-element elementor-element-5ba189a\" data-id=\"5ba189a\" data-element_type=\"column\">\n\t\t\t<div class=\"elementor-widget-wrap elementor-element-populated\">\n\t\t\t\t\t\t<div class=\"elementor-element elementor-element-213e77f elementor-widget elementor-widget-text-editor\" data-id=\"213e77f\" data-element_type=\"widget\" data-widget_type=\"text-editor.default\">\n\t\t\t\t<div class=\"elementor-widget-container\">\n\t\t\t\t\t\t\t\t\t<p>Explore a nossa vasta gama de baldes para embalagens de pl\u00e1stico de alta qualidade, concebidos para v\u00e1rias ind\u00fastrias, incluindo a alimentar, a qu\u00edmica e a da constru\u00e7\u00e3o. Com op\u00e7\u00f5es personaliz\u00e1veis e normas de seguran\u00e7a certificadas, os nossos baldes garantem que os seus produtos s\u00e3o embalados de forma segura. Visite a nossa p\u00e1gina de produtos para rever todas as op\u00e7\u00f5es dispon\u00edveis e encontrar a solu\u00e7\u00e3o perfeita para as suas necessidades<\/p>\t\t\t\t\t\t\t\t<\/div>\n\t\t\t\t<\/div>\n\t\t\t\t<div class=\"elementor-element elementor-element-9f4ab7c elementor-widget elementor-widget-button\" data-id=\"9f4ab7c\" data-element_type=\"widget\" data-widget_type=\"button.default\">\n\t\t\t\t<div class=\"elementor-widget-container\">\n\t\t\t\t\t\t\t\t\t<div class=\"elementor-button-wrapper\">\n\t\t\t\t\t<a class=\"elementor-button elementor-button-link elementor-size-sm\" href=\"https:\/\/packagingbucket.com\/pt\/category\/packaging-buckets\/\">\n\t\t\t\t\t\t<span class=\"elementor-button-content-wrapper\">\n\t\t\t\t\t\t\t\t\t<span class=\"elementor-button-text\">Encontrar mais baldes de embalagem<\/span>\n\t\t\t\t\t<\/span>\n\t\t\t\t\t<\/a>\n\t\t\t\t<\/div>\n\t\t\t\t\t\t\t\t<\/div>\n\t\t\t\t<\/div>\n\t\t\t\t\t<\/div>\n\t\t<\/div>\n\t\t\t\t\t<\/div>\n\t\t<\/section>\n\t\t\t\t\t<\/div>\n\t\t<\/div>\n\t\t\t\t\t<\/div>\n\t\t<\/section>\n\t\t\t\t<section class=\"elementor-section elementor-top-section elementor-element elementor-element-19f10cb elementor-section-boxed elementor-section-height-default elementor-section-height-default\" data-id=\"19f10cb\" data-element_type=\"section\" data-settings=\"{&quot;_ha_eqh_enable&quot;:false}\">\n\t\t\t\t\t\t<div class=\"elementor-container elementor-column-gap-default\">\n\t\t\t\t\t<div class=\"elementor-column elementor-col-50 elementor-top-column elementor-element elementor-element-6f3d799\" data-id=\"6f3d799\" data-element_type=\"column\" data-settings=\"{&quot;background_background&quot;:&quot;classic&quot;}\">\n\t\t\t<div class=\"elementor-widget-wrap elementor-element-populated\">\n\t\t\t\t\t\t<div class=\"elementor-element elementor-element-e250ebf elementor-widget elementor-widget-heading\" data-id=\"e250ebf\" data-element_type=\"widget\" data-widget_type=\"heading.default\">\n\t\t\t\t<div class=\"elementor-widget-container\">\n\t\t\t\t\t<h2 class=\"elementor-heading-title elementor-size-default\">Acerca dos baldes para embalagens<\/h2>\t\t\t\t<\/div>\n\t\t\t\t<\/div>\n\t\t\t\t<section class=\"elementor-section elementor-inner-section elementor-element elementor-element-b4c36a7 elementor-section-boxed elementor-section-height-default elementor-section-height-default\" data-id=\"b4c36a7\" data-element_type=\"section\" data-settings=\"{&quot;_ha_eqh_enable&quot;:false}\">\n\t\t\t\t\t\t<div class=\"elementor-container elementor-column-gap-default\">\n\t\t\t\t\t<div class=\"elementor-column elementor-col-100 elementor-inner-column elementor-element elementor-element-28bfd2f\" data-id=\"28bfd2f\" data-element_type=\"column\">\n\t\t\t<div class=\"elementor-widget-wrap elementor-element-populated\">\n\t\t\t\t\t\t<div class=\"elementor-element elementor-element-c54564b elementor-widget elementor-widget-text-editor\" data-id=\"c54564b\" data-element_type=\"widget\" data-widget_type=\"text-editor.default\">\n\t\t\t\t<div class=\"elementor-widget-container\">\n\t\t\t\t\t\t\t\t\t<p>Com mais de 20 anos de experi\u00eancia, somos um fabricante l\u00edder de baldes para embalagens de pl\u00e1stico, oferecendo solu\u00e7\u00f5es personalizadas e de alta qualidade para v\u00e1rios sectores. O nosso compromisso com a qualidade, a inova\u00e7\u00e3o e a satisfa\u00e7\u00e3o do cliente distingue-nos. Explore a nossa extensa gama de produtos e descubra porque \u00e9 que somos uma escolha de topo para empresas em todo o mundo<\/p>\t\t\t\t\t\t\t\t<\/div>\n\t\t\t\t<\/div>\n\t\t\t\t<div class=\"elementor-element elementor-element-aba6a68 elementor-widget elementor-widget-button\" data-id=\"aba6a68\" data-element_type=\"widget\" data-widget_type=\"button.default\">\n\t\t\t\t<div class=\"elementor-widget-container\">\n\t\t\t\t\t\t\t\t\t<div class=\"elementor-button-wrapper\">\n\t\t\t\t\t<a class=\"elementor-button elementor-button-link elementor-size-sm\" href=\"https:\/\/packagingbucket.com\/pt\/about\/\">\n\t\t\t\t\t\t<span class=\"elementor-button-content-wrapper\">\n\t\t\t\t\t\t\t\t\t<span class=\"elementor-button-text\">Ler mais<\/span>\n\t\t\t\t\t<\/span>\n\t\t\t\t\t<\/a>\n\t\t\t\t<\/div>\n\t\t\t\t\t\t\t\t<\/div>\n\t\t\t\t<\/div>\n\t\t\t\t\t<\/div>\n\t\t<\/div>\n\t\t\t\t\t<\/div>\n\t\t<\/section>\n\t\t\t\t\t<\/div>\n\t\t<\/div>\n\t\t\t\t<div class=\"elementor-column elementor-col-50 elementor-top-column elementor-element elementor-element-d60fad3\" data-id=\"d60fad3\" data-element_type=\"column\">\n\t\t\t<div class=\"elementor-widget-wrap elementor-element-populated\">\n\t\t\t\t\t\t<div class=\"elementor-element elementor-element-73230d7 elementor-widget elementor-widget-image\" data-id=\"73230d7\" data-element_type=\"widget\" data-widget_type=\"image.default\">\n\t\t\t\t<div class=\"elementor-widget-container\">\n\t\t\t\t\t\t\t\t\t\t\t\t\t\t\t<img decoding=\"async\" width=\"1400\" height=\"1000\" src=\"https:\/\/packagingbucket.com\/wp-content\/uploads\/2024\/08\/page-about.jpg\" class=\"attachment-large size-large wp-image-414\" alt=\"sobre n\u00f3s\" srcset=\"https:\/\/packagingbucket.com\/wp-content\/uploads\/2024\/08\/page-about.jpg 1400w, https:\/\/packagingbucket.com\/wp-content\/uploads\/2024\/08\/page-about-768x549.jpg 768w, https:\/\/packagingbucket.com\/wp-content\/uploads\/2024\/08\/page-about-18x12.jpg 18w\" sizes=\"(max-width: 1400px) 100vw, 1400px\" \/>\t\t\t\t\t\t\t\t\t\t\t\t\t\t\t<\/div>\n\t\t\t\t<\/div>\n\t\t\t\t\t<\/div>\n\t\t<\/div>\n\t\t\t\t\t<\/div>\n\t\t<\/section>\n\t\t\t\t<section class=\"elementor-section elementor-top-section elementor-element elementor-element-506d9f5 elementor-section-boxed elementor-section-height-default elementor-section-height-default\" data-id=\"506d9f5\" data-element_type=\"section\" data-settings=\"{&quot;_ha_eqh_enable&quot;:false}\">\n\t\t\t\t\t\t<div class=\"elementor-container elementor-column-gap-default\">\n\t\t\t\t\t<div class=\"elementor-column elementor-col-50 elementor-top-column elementor-element elementor-element-3a8c853\" data-id=\"3a8c853\" data-element_type=\"column\">\n\t\t\t<div class=\"elementor-widget-wrap elementor-element-populated\">\n\t\t\t\t\t\t<div class=\"elementor-element elementor-element-26641c9 elementor-widget elementor-widget-image\" data-id=\"26641c9\" data-element_type=\"widget\" data-widget_type=\"image.default\">\n\t\t\t\t<div class=\"elementor-widget-container\">\n\t\t\t\t\t\t\t\t\t\t\t\t\t\t\t<img decoding=\"async\" width=\"1400\" height=\"1000\" src=\"https:\/\/packagingbucket.com\/wp-content\/uploads\/2024\/08\/page-about-1.jpg\" class=\"attachment-large size-large wp-image-415\" alt=\"p\u00e1gina sobre\" srcset=\"https:\/\/packagingbucket.com\/wp-content\/uploads\/2024\/08\/page-about-1.jpg 1400w, https:\/\/packagingbucket.com\/wp-content\/uploads\/2024\/08\/page-about-1-768x549.jpg 768w, https:\/\/packagingbucket.com\/wp-content\/uploads\/2024\/08\/page-about-1-18x12.jpg 18w\" sizes=\"(max-width: 1400px) 100vw, 1400px\" \/>\t\t\t\t\t\t\t\t\t\t\t\t\t\t\t<\/div>\n\t\t\t\t<\/div>\n\t\t\t\t\t<\/div>\n\t\t<\/div>\n\t\t\t\t<div class=\"elementor-column elementor-col-50 elementor-top-column elementor-element elementor-element-abeb936\" data-id=\"abeb936\" data-element_type=\"column\" data-settings=\"{&quot;background_background&quot;:&quot;classic&quot;}\">\n\t\t\t<div class=\"elementor-widget-wrap elementor-element-populated\">\n\t\t\t\t\t\t<div class=\"elementor-element elementor-element-ea328ac elementor-widget elementor-widget-heading\" data-id=\"ea328ac\" data-element_type=\"widget\" data-widget_type=\"heading.default\">\n\t\t\t\t<div class=\"elementor-widget-container\">\n\t\t\t\t\t<h2 class=\"elementor-heading-title elementor-size-default\">Contacto Baldes de embalagem<\/h2>\t\t\t\t<\/div>\n\t\t\t\t<\/div>\n\t\t\t\t<section class=\"elementor-section elementor-inner-section elementor-element elementor-element-0aa3329 elementor-section-boxed elementor-section-height-default elementor-section-height-default\" data-id=\"0aa3329\" data-element_type=\"section\" data-settings=\"{&quot;_ha_eqh_enable&quot;:false}\">\n\t\t\t\t\t\t<div class=\"elementor-container elementor-column-gap-default\">\n\t\t\t\t\t<div class=\"elementor-column elementor-col-100 elementor-inner-column elementor-element elementor-element-a22d228\" data-id=\"a22d228\" data-element_type=\"column\">\n\t\t\t<div class=\"elementor-widget-wrap elementor-element-populated\">\n\t\t\t\t\t\t<div class=\"elementor-element elementor-element-81cc9e5 elementor-widget elementor-widget-text-editor\" data-id=\"81cc9e5\" data-element_type=\"widget\" data-widget_type=\"text-editor.default\">\n\t\t\t\t<div class=\"elementor-widget-container\">\n\t\t\t\t\t\t\t\t\t<p>Para quaisquer quest\u00f5es ou para efetuar uma encomenda, contacte-nos. A nossa equipa est\u00e1 pronta para o ajudar com as suas necessidades de embalagem. Quer necessite de mais informa\u00e7\u00f5es ou de uma solu\u00e7\u00e3o personalizada, contacte-nos hoje mesmo e garantiremos uma resposta r\u00e1pida e \u00fatil<\/p>\t\t\t\t\t\t\t\t<\/div>\n\t\t\t\t<\/div>\n\t\t\t\t<div class=\"elementor-element elementor-element-f250cfa elementor-widget elementor-widget-button\" data-id=\"f250cfa\" data-element_type=\"widget\" data-widget_type=\"button.default\">\n\t\t\t\t<div class=\"elementor-widget-container\">\n\t\t\t\t\t\t\t\t\t<div class=\"elementor-button-wrapper\">\n\t\t\t\t\t<a class=\"elementor-button elementor-button-link elementor-size-sm\" href=\"https:\/\/packagingbucket.com\/pt\/contact\/\">\n\t\t\t\t\t\t<span class=\"elementor-button-content-wrapper\">\n\t\t\t\t\t\t\t\t\t<span class=\"elementor-button-text\">Ler mais<\/span>\n\t\t\t\t\t<\/span>\n\t\t\t\t\t<\/a>\n\t\t\t\t<\/div>\n\t\t\t\t\t\t\t\t<\/div>\n\t\t\t\t<\/div>\n\t\t\t\t\t<\/div>\n\t\t<\/div>\n\t\t\t\t\t<\/div>\n\t\t<\/section>\n\t\t\t\t\t<\/div>\n\t\t<\/div>\n\t\t\t\t\t<\/div>\n\t\t<\/section>\n\t\t\t\t<section class=\"elementor-section elementor-top-section elementor-element elementor-element-7afd70cf elementor-section-boxed elementor-section-height-default elementor-section-height-default\" data-id=\"7afd70cf\" data-element_type=\"section\" data-settings=\"{&quot;_ha_eqh_enable&quot;:false}\">\n\t\t\t\t\t\t<div class=\"elementor-container elementor-column-gap-default\">\n\t\t\t\t\t<div class=\"elementor-column elementor-col-100 elementor-top-column elementor-element elementor-element-303f5618\" data-id=\"303f5618\" data-element_type=\"column\">\n\t\t\t<div class=\"elementor-widget-wrap elementor-element-populated\">\n\t\t\t\t\t\t<section class=\"elementor-section elementor-inner-section elementor-element elementor-element-53709f24 elementor-section-boxed elementor-section-height-default elementor-section-height-default\" data-id=\"53709f24\" data-element_type=\"section\" data-settings=\"{&quot;_ha_eqh_enable&quot;:false}\">\n\t\t\t\t\t\t<div class=\"elementor-container elementor-column-gap-default\">\n\t\t\t\t\t<div class=\"elementor-column elementor-col-33 elementor-inner-column elementor-element elementor-element-6944659b\" data-id=\"6944659b\" data-element_type=\"column\">\n\t\t\t<div class=\"elementor-widget-wrap\">\n\t\t\t\t\t\t\t<\/div>\n\t\t<\/div>\n\t\t\t\t<div class=\"elementor-column elementor-col-33 elementor-inner-column elementor-element elementor-element-7226f58b\" data-id=\"7226f58b\" data-element_type=\"column\">\n\t\t\t<div class=\"elementor-widget-wrap elementor-element-populated\">\n\t\t\t\t\t\t<div class=\"elementor-element elementor-element-45745e3f elementor-widget elementor-widget-heading\" data-id=\"45745e3f\" data-element_type=\"widget\" data-widget_type=\"heading.default\">\n\t\t\t\t<div class=\"elementor-widget-container\">\n\t\t\t\t\t<h2 class=\"elementor-heading-title elementor-size-default\">Perguntas frequentes<\/h2>\t\t\t\t<\/div>\n\t\t\t\t<\/div>\n\t\t\t\t<div class=\"elementor-element elementor-element-f676124 elementor-widget elementor-widget-text-editor\" data-id=\"f676124\" data-element_type=\"widget\" data-widget_type=\"text-editor.default\">\n\t\t\t\t<div class=\"elementor-widget-container\">\n\t\t\t\t\t\t\t\t\t<p>Perguntas frequentes sobre o fabrico de baldes para embalagens<\/p>\t\t\t\t\t\t\t\t<\/div>\n\t\t\t\t<\/div>\n\t\t\t\t\t<\/div>\n\t\t<\/div>\n\t\t\t\t<div class=\"elementor-column elementor-col-33 elementor-inner-column elementor-element elementor-element-6177245\" data-id=\"6177245\" data-element_type=\"column\">\n\t\t\t<div class=\"elementor-widget-wrap\">\n\t\t\t\t\t\t\t<\/div>\n\t\t<\/div>\n\t\t\t\t\t<\/div>\n\t\t<\/section>\n\t\t\t\t<section class=\"elementor-section elementor-inner-section elementor-element elementor-element-24fb0746 elementor-section-boxed elementor-section-height-default elementor-section-height-default\" data-id=\"24fb0746\" data-element_type=\"section\" data-settings=\"{&quot;_ha_eqh_enable&quot;:false}\">\n\t\t\t\t\t\t<div class=\"elementor-container elementor-column-gap-wide\">\n\t\t\t\t\t<div class=\"elementor-column elementor-col-50 elementor-inner-column elementor-element elementor-element-15d29bf4\" data-id=\"15d29bf4\" data-element_type=\"column\">\n\t\t\t<div class=\"elementor-widget-wrap elementor-element-populated\">\n\t\t\t\t\t\t<div class=\"elementor-element elementor-element-2aa200b3 elementor-widget elementor-widget-accordion\" data-id=\"2aa200b3\" data-element_type=\"widget\" data-widget_type=\"accordion.default\">\n\t\t\t\t<div class=\"elementor-widget-container\">\n\t\t\t\t\t\t\t<div class=\"elementor-accordion\">\n\t\t\t\t\t\t\t<div class=\"elementor-accordion-item\">\n\t\t\t\t\t<h2 id=\"elementor-tab-title-7151\" class=\"elementor-tab-title\" data-tab=\"1\" role=\"button\" aria-controls=\"elementor-tab-content-7151\" aria-expanded=\"false\">\n\t\t\t\t\t\t\t\t\t\t\t\t\t<span class=\"elementor-accordion-icon elementor-accordion-icon-right\" aria-hidden=\"true\">\n\t\t\t\t\t\t\t\t\t\t\t\t\t\t\t<span class=\"elementor-accordion-icon-closed\"><svg class=\"e-font-icon-svg e-fas-angle-right\" viewbox=\"0 0 256 512\" xmlns=\"http:\/\/www.w3.org\/2000\/svg\"><path d=\"M224.3 273l-136 136c-9.4 9.4-24.6 9.4-33.9 0l-22.6-22.6c-9.4-9.4-9.4-24.6 0-33.9l96.4-96.4-96.4-96.4c-9.4-9.4-9.4-24.6 0-33.9L54.3 103c9.4-9.4 24.6-9.4 33.9 0l136 136c9.5 9.4 9.5 24.6.1 34z\"><\/path><\/svg><\/span>\n\t\t\t\t\t\t\t\t<span class=\"elementor-accordion-icon-opened\"><svg class=\"e-font-icon-svg e-fas-angle-down\" viewbox=\"0 0 320 512\" xmlns=\"http:\/\/www.w3.org\/2000\/svg\"><path d=\"M143 352.3L7 216.3c-9.4-9.4-9.4-24.6 0-33.9l22.6-22.6c9.4-9.4 24.6-9.4 33.9 0l96.4 96.4 96.4-96.4c9.4-9.4 24.6-9.4 33.9 0l22.6 22.6c9.4 9.4 9.4 24.6 0 33.9l-136 136c-9.2 9.4-24.4 9.4-33.8 0z\"><\/path><\/svg><\/span>\n\t\t\t\t\t\t\t\t\t\t\t\t\t\t<\/span>\n\t\t\t\t\t\t\t\t\t\t\t\t<a class=\"elementor-accordion-title\" tabindex=\"0\">Que tipos de pl\u00e1stico s\u00e3o utilizados nos vossos baldes?<\/a>\n\t\t\t\t\t<\/h2>\n\t\t\t\t\t<div id=\"elementor-tab-content-7151\" class=\"elementor-tab-content elementor-clearfix\" data-tab=\"1\" role=\"region\" aria-labelledby=\"elementor-tab-title-7151\"><p>Os nossos baldes de pl\u00e1stico s\u00e3o normalmente fabricados com materiais de alta qualidade, como o polietileno (PE) e o polipropileno (PP). Estes materiais s\u00e3o selecionados pela sua durabilidade, resist\u00eancia a produtos qu\u00edmicos e capacidade de manter a integridade em v\u00e1rias condi\u00e7\u00f5es<\/p><\/div>\n\t\t\t\t<\/div>\n\t\t\t\t\t\t\t<div class=\"elementor-accordion-item\">\n\t\t\t\t\t<h2 id=\"elementor-tab-title-7152\" class=\"elementor-tab-title\" data-tab=\"2\" role=\"button\" aria-controls=\"elementor-tab-content-7152\" aria-expanded=\"false\">\n\t\t\t\t\t\t\t\t\t\t\t\t\t<span class=\"elementor-accordion-icon elementor-accordion-icon-right\" aria-hidden=\"true\">\n\t\t\t\t\t\t\t\t\t\t\t\t\t\t\t<span class=\"elementor-accordion-icon-closed\"><svg class=\"e-font-icon-svg e-fas-angle-right\" viewbox=\"0 0 256 512\" xmlns=\"http:\/\/www.w3.org\/2000\/svg\"><path d=\"M224.3 273l-136 136c-9.4 9.4-24.6 9.4-33.9 0l-22.6-22.6c-9.4-9.4-9.4-24.6 0-33.9l96.4-96.4-96.4-96.4c-9.4-9.4-9.4-24.6 0-33.9L54.3 103c9.4-9.4 24.6-9.4 33.9 0l136 136c9.5 9.4 9.5 24.6.1 34z\"><\/path><\/svg><\/span>\n\t\t\t\t\t\t\t\t<span class=\"elementor-accordion-icon-opened\"><svg class=\"e-font-icon-svg e-fas-angle-down\" viewbox=\"0 0 320 512\" xmlns=\"http:\/\/www.w3.org\/2000\/svg\"><path d=\"M143 352.3L7 216.3c-9.4-9.4-9.4-24.6 0-33.9l22.6-22.6c9.4-9.4 24.6-9.4 33.9 0l96.4 96.4 96.4-96.4c9.4-9.4 24.6-9.4 33.9 0l22.6 22.6c9.4 9.4 9.4 24.6 0 33.9l-136 136c-9.2 9.4-24.4 9.4-33.8 0z\"><\/path><\/svg><\/span>\n\t\t\t\t\t\t\t\t\t\t\t\t\t\t<\/span>\n\t\t\t\t\t\t\t\t\t\t\t\t<a class=\"elementor-accordion-title\" tabindex=\"0\">Posso personalizar o tamanho e o design dos baldes?<\/a>\n\t\t\t\t\t<\/h2>\n\t\t\t\t\t<div id=\"elementor-tab-content-7152\" class=\"elementor-tab-content elementor-clearfix\" data-tab=\"2\" role=\"region\" aria-labelledby=\"elementor-tab-title-7152\"><p>Sim, oferecemos uma gama de op\u00e7\u00f5es de personaliza\u00e7\u00e3o. Pode especificar dimens\u00f5es, cores e carater\u00edsticas de design, tais como pegas ou tampas. Contacte a nossa equipa de vendas com os seus requisitos e trabalharemos consigo para criar uma solu\u00e7\u00e3o que satisfa\u00e7a as suas necessidades<\/p><\/div>\n\t\t\t\t<\/div>\n\t\t\t\t\t\t\t<div class=\"elementor-accordion-item\">\n\t\t\t\t\t<h2 id=\"elementor-tab-title-7153\" class=\"elementor-tab-title\" data-tab=\"3\" role=\"button\" aria-controls=\"elementor-tab-content-7153\" aria-expanded=\"false\">\n\t\t\t\t\t\t\t\t\t\t\t\t\t<span class=\"elementor-accordion-icon elementor-accordion-icon-right\" aria-hidden=\"true\">\n\t\t\t\t\t\t\t\t\t\t\t\t\t\t\t<span class=\"elementor-accordion-icon-closed\"><svg class=\"e-font-icon-svg e-fas-angle-right\" viewbox=\"0 0 256 512\" xmlns=\"http:\/\/www.w3.org\/2000\/svg\"><path d=\"M224.3 273l-136 136c-9.4 9.4-24.6 9.4-33.9 0l-22.6-22.6c-9.4-9.4-9.4-24.6 0-33.9l96.4-96.4-96.4-96.4c-9.4-9.4-9.4-24.6 0-33.9L54.3 103c9.4-9.4 24.6-9.4 33.9 0l136 136c9.5 9.4 9.5 24.6.1 34z\"><\/path><\/svg><\/span>\n\t\t\t\t\t\t\t\t<span class=\"elementor-accordion-icon-opened\"><svg class=\"e-font-icon-svg e-fas-angle-down\" viewbox=\"0 0 320 512\" xmlns=\"http:\/\/www.w3.org\/2000\/svg\"><path d=\"M143 352.3L7 216.3c-9.4-9.4-9.4-24.6 0-33.9l22.6-22.6c9.4-9.4 24.6-9.4 33.9 0l96.4 96.4 96.4-96.4c9.4-9.4 24.6-9.4 33.9 0l22.6 22.6c9.4 9.4 9.4 24.6 0 33.9l-136 136c-9.2 9.4-24.4 9.4-33.8 0z\"><\/path><\/svg><\/span>\n\t\t\t\t\t\t\t\t\t\t\t\t\t\t<\/span>\n\t\t\t\t\t\t\t\t\t\t\t\t<a class=\"elementor-accordion-title\" tabindex=\"0\">Os seus baldes s\u00e3o seguros para alimentos?<\/a>\n\t\t\t\t\t<\/h2>\n\t\t\t\t\t<div id=\"elementor-tab-content-7153\" class=\"elementor-tab-content elementor-clearfix\" data-tab=\"3\" role=\"region\" aria-labelledby=\"elementor-tab-title-7153\"><p>Sim, fornecemos baldes de qualidade alimentar que cumprem as normas e regulamentos de seguran\u00e7a relevantes. Se precisar de baldes para armazenamento ou processamento de alimentos, certifique-se de que especifica este requisito para que possamos fornecer a certifica\u00e7\u00e3o e os materiais adequados<\/p><\/div>\n\t\t\t\t<\/div>\n\t\t\t\t\t\t\t\t<\/div>\n\t\t\t\t\t\t<\/div>\n\t\t\t\t<\/div>\n\t\t\t\t\t<\/div>\n\t\t<\/div>\n\t\t\t\t<div class=\"elementor-column elementor-col-50 elementor-inner-column elementor-element elementor-element-e2a54cc\" data-id=\"e2a54cc\" data-element_type=\"column\">\n\t\t\t<div class=\"elementor-widget-wrap elementor-element-populated\">\n\t\t\t\t\t\t<div class=\"elementor-element elementor-element-4968f91a elementor-widget elementor-widget-accordion\" data-id=\"4968f91a\" data-element_type=\"widget\" data-widget_type=\"accordion.default\">\n\t\t\t\t<div class=\"elementor-widget-container\">\n\t\t\t\t\t\t\t<div class=\"elementor-accordion\">\n\t\t\t\t\t\t\t<div class=\"elementor-accordion-item\">\n\t\t\t\t\t<h2 id=\"elementor-tab-title-1231\" class=\"elementor-tab-title\" data-tab=\"1\" role=\"button\" aria-controls=\"elementor-tab-content-1231\" aria-expanded=\"false\">\n\t\t\t\t\t\t\t\t\t\t\t\t\t<span class=\"elementor-accordion-icon elementor-accordion-icon-right\" aria-hidden=\"true\">\n\t\t\t\t\t\t\t\t\t\t\t\t\t\t\t<span class=\"elementor-accordion-icon-closed\"><svg class=\"e-font-icon-svg e-fas-angle-right\" viewbox=\"0 0 256 512\" xmlns=\"http:\/\/www.w3.org\/2000\/svg\"><path d=\"M224.3 273l-136 136c-9.4 9.4-24.6 9.4-33.9 0l-22.6-22.6c-9.4-9.4-9.4-24.6 0-33.9l96.4-96.4-96.4-96.4c-9.4-9.4-9.4-24.6 0-33.9L54.3 103c9.4-9.4 24.6-9.4 33.9 0l136 136c9.5 9.4 9.5 24.6.1 34z\"><\/path><\/svg><\/span>\n\t\t\t\t\t\t\t\t<span class=\"elementor-accordion-icon-opened\"><svg class=\"e-font-icon-svg e-fas-angle-down\" viewbox=\"0 0 320 512\" xmlns=\"http:\/\/www.w3.org\/2000\/svg\"><path d=\"M143 352.3L7 216.3c-9.4-9.4-9.4-24.6 0-33.9l22.6-22.6c9.4-9.4 24.6-9.4 33.9 0l96.4 96.4 96.4-96.4c9.4-9.4 24.6-9.4 33.9 0l22.6 22.6c9.4 9.4 9.4 24.6 0 33.9l-136 136c-9.2 9.4-24.4 9.4-33.8 0z\"><\/path><\/svg><\/span>\n\t\t\t\t\t\t\t\t\t\t\t\t\t\t<\/span>\n\t\t\t\t\t\t\t\t\t\t\t\t<a class=\"elementor-accordion-title\" tabindex=\"0\">Quais s\u00e3o as quantidades m\u00ednimas de encomenda para baldes personalizados?<\/a>\n\t\t\t\t\t<\/h2>\n\t\t\t\t\t<div id=\"elementor-tab-content-1231\" class=\"elementor-tab-content elementor-clearfix\" data-tab=\"1\" role=\"region\" aria-labelledby=\"elementor-tab-title-1231\"><p>As quantidades m\u00ednimas de encomenda variam consoante o tipo de personaliza\u00e7\u00e3o e o tamanho do balde. Geralmente, as encomendas maiores beneficiam de melhores pre\u00e7os. Contacte-nos para discutir as suas necessidades espec\u00edficas e receber um or\u00e7amento com base no tamanho da sua encomenda.<\/p><\/div>\n\t\t\t\t<\/div>\n\t\t\t\t\t\t\t<div class=\"elementor-accordion-item\">\n\t\t\t\t\t<h2 id=\"elementor-tab-title-1232\" class=\"elementor-tab-title\" data-tab=\"2\" role=\"button\" aria-controls=\"elementor-tab-content-1232\" aria-expanded=\"false\">\n\t\t\t\t\t\t\t\t\t\t\t\t\t<span class=\"elementor-accordion-icon elementor-accordion-icon-right\" aria-hidden=\"true\">\n\t\t\t\t\t\t\t\t\t\t\t\t\t\t\t<span class=\"elementor-accordion-icon-closed\"><svg class=\"e-font-icon-svg e-fas-angle-right\" viewbox=\"0 0 256 512\" xmlns=\"http:\/\/www.w3.org\/2000\/svg\"><path d=\"M224.3 273l-136 136c-9.4 9.4-24.6 9.4-33.9 0l-22.6-22.6c-9.4-9.4-9.4-24.6 0-33.9l96.4-96.4-96.4-96.4c-9.4-9.4-9.4-24.6 0-33.9L54.3 103c9.4-9.4 24.6-9.4 33.9 0l136 136c9.5 9.4 9.5 24.6.1 34z\"><\/path><\/svg><\/span>\n\t\t\t\t\t\t\t\t<span class=\"elementor-accordion-icon-opened\"><svg class=\"e-font-icon-svg e-fas-angle-down\" viewbox=\"0 0 320 512\" xmlns=\"http:\/\/www.w3.org\/2000\/svg\"><path d=\"M143 352.3L7 216.3c-9.4-9.4-9.4-24.6 0-33.9l22.6-22.6c9.4-9.4 24.6-9.4 33.9 0l96.4 96.4 96.4-96.4c9.4-9.4 24.6-9.4 33.9 0l22.6 22.6c9.4 9.4 9.4 24.6 0 33.9l-136 136c-9.2 9.4-24.4 9.4-33.8 0z\"><\/path><\/svg><\/span>\n\t\t\t\t\t\t\t\t\t\t\t\t\t\t<\/span>\n\t\t\t\t\t\t\t\t\t\t\t\t<a class=\"elementor-accordion-title\" tabindex=\"0\">Os vossos baldes s\u00e3o fornecidos com tampas e outros acess\u00f3rios?<\/a>\n\t\t\t\t\t<\/h2>\n\t\t\t\t\t<div id=\"elementor-tab-content-1232\" class=\"elementor-tab-content elementor-clearfix\" data-tab=\"2\" role=\"region\" aria-labelledby=\"elementor-tab-title-1232\"><p>Sim, oferecemos baldes com v\u00e1rias op\u00e7\u00f5es de acess\u00f3rios, incluindo tampas herm\u00e9ticas, tampas de encaixe e bicos. Por favor, especifique o tipo de acess\u00f3rios de que necessita quando efetuar a sua encomenda.<\/p><\/div>\n\t\t\t\t<\/div>\n\t\t\t\t\t\t\t<div class=\"elementor-accordion-item\">\n\t\t\t\t\t<h2 id=\"elementor-tab-title-1233\" class=\"elementor-tab-title\" data-tab=\"3\" role=\"button\" aria-controls=\"elementor-tab-content-1233\" aria-expanded=\"false\">\n\t\t\t\t\t\t\t\t\t\t\t\t\t<span class=\"elementor-accordion-icon elementor-accordion-icon-right\" aria-hidden=\"true\">\n\t\t\t\t\t\t\t\t\t\t\t\t\t\t\t<span class=\"elementor-accordion-icon-closed\"><svg class=\"e-font-icon-svg e-fas-angle-right\" viewbox=\"0 0 256 512\" xmlns=\"http:\/\/www.w3.org\/2000\/svg\"><path d=\"M224.3 273l-136 136c-9.4 9.4-24.6 9.4-33.9 0l-22.6-22.6c-9.4-9.4-9.4-24.6 0-33.9l96.4-96.4-96.4-96.4c-9.4-9.4-9.4-24.6 0-33.9L54.3 103c9.4-9.4 24.6-9.4 33.9 0l136 136c9.5 9.4 9.5 24.6.1 34z\"><\/path><\/svg><\/span>\n\t\t\t\t\t\t\t\t<span class=\"elementor-accordion-icon-opened\"><svg class=\"e-font-icon-svg e-fas-angle-down\" viewbox=\"0 0 320 512\" xmlns=\"http:\/\/www.w3.org\/2000\/svg\"><path d=\"M143 352.3L7 216.3c-9.4-9.4-9.4-24.6 0-33.9l22.6-22.6c9.4-9.4 24.6-9.4 33.9 0l96.4 96.4 96.4-96.4c9.4-9.4 24.6-9.4 33.9 0l22.6 22.6c9.4 9.4 9.4 24.6 0 33.9l-136 136c-9.2 9.4-24.4 9.4-33.8 0z\"><\/path><\/svg><\/span>\n\t\t\t\t\t\t\t\t\t\t\t\t\t\t<\/span>\n\t\t\t\t\t\t\t\t\t\t\t\t<a class=\"elementor-accordion-title\" tabindex=\"0\">Qual \u00e9 o prazo de entrega t\u00edpico das encomendas?<\/a>\n\t\t\t\t\t<\/h2>\n\t\t\t\t\t<div id=\"elementor-tab-content-1233\" class=\"elementor-tab-content elementor-clearfix\" data-tab=\"3\" role=\"region\" aria-labelledby=\"elementor-tab-title-1233\"><p>Os prazos de entrega dependem da complexidade da sua encomenda e dos calend\u00e1rios de produ\u00e7\u00e3o actuais. As encomendas padr\u00e3o s\u00e3o normalmente enviadas no prazo de 4 semanas, enquanto as encomendas personalizadas podem demorar mais tempo. Forneceremos uma data de entrega estimada quando efetuar a sua encomenda<\/p><\/div>\n\t\t\t\t<\/div>\n\t\t\t\t\t\t\t\t<\/div>\n\t\t\t\t\t\t<\/div>\n\t\t\t\t<\/div>\n\t\t\t\t\t<\/div>\n\t\t<\/div>\n\t\t\t\t\t<\/div>\n\t\t<\/section>\n\t\t\t\t\t<\/div>\n\t\t<\/div>\n\t\t\t\t\t<\/div>\n\t\t<\/section>\n\t\t\t\t<section class=\"elementor-section elementor-top-section elementor-element elementor-element-fa85247 elementor-section-boxed elementor-section-height-default elementor-section-height-default\" data-id=\"fa85247\" data-element_type=\"section\" data-settings=\"{&quot;_ha_eqh_enable&quot;:false}\">\n\t\t\t\t\t\t<div class=\"elementor-container elementor-column-gap-default\">\n\t\t\t\t\t<div class=\"elementor-column elementor-col-100 elementor-top-column elementor-element elementor-element-ab029c7\" data-id=\"ab029c7\" data-element_type=\"column\">\n\t\t\t<div class=\"elementor-widget-wrap elementor-element-populated\">\n\t\t\t\t\t\t<div class=\"elementor-element elementor-element-b0d10a0 elementor-widget elementor-widget-heading\" data-id=\"b0d10a0\" data-element_type=\"widget\" data-widget_type=\"heading.default\">\n\t\t\t\t<div class=\"elementor-widget-container\">\n\t\t\t\t\t<h2 class=\"elementor-heading-title elementor-size-default\">Produtos relacionados<\/h2>\t\t\t\t<\/div>\n\t\t\t\t<\/div>\n\t\t\t\t<div class=\"elementor-element elementor-element-89d50f2 elementor-widget elementor-widget-text-editor\" data-id=\"89d50f2\" data-element_type=\"widget\" data-widget_type=\"text-editor.default\">\n\t\t\t\t<div class=\"elementor-widget-container\">\n\t\t\t\t\t\t\t\t\t<p>Perguntas frequentes sobre o fabrico de caixas de madeira<\/p>\t\t\t\t\t\t\t\t<\/div>\n\t\t\t\t<\/div>\n\t\t\t\t\t<\/div>\n\t\t<\/div>\n\t\t\t\t\t<\/div>\n\t\t<\/section>\n\t\t<div class=\"elementor-element elementor-element-09c5fc7 e-flex e-con-boxed e-con e-parent\" data-id=\"09c5fc7\" data-element_type=\"container\" data-settings=\"{&quot;_ha_eqh_enable&quot;:false}\">\n\t\t\t\t\t<div class=\"e-con-inner\">\n\t\t\t\t<div class=\"elementor-element elementor-element-8baed4b elementor-grid-3 elementor-grid-tablet-2 elementor-grid-mobile-1 elementor-posts--thumbnail-top elementor-widget elementor-widget-posts\" data-id=\"8baed4b\" data-element_type=\"widget\" data-settings=\"{&quot;classic_columns&quot;:&quot;3&quot;,&quot;classic_columns_tablet&quot;:&quot;2&quot;,&quot;classic_columns_mobile&quot;:&quot;1&quot;,&quot;classic_row_gap&quot;:{&quot;unit&quot;:&quot;px&quot;,&quot;size&quot;:35,&quot;sizes&quot;:[]},&quot;classic_row_gap_tablet&quot;:{&quot;unit&quot;:&quot;px&quot;,&quot;size&quot;:&quot;&quot;,&quot;sizes&quot;:[]},&quot;classic_row_gap_mobile&quot;:{&quot;unit&quot;:&quot;px&quot;,&quot;size&quot;:&quot;&quot;,&quot;sizes&quot;:[]}}\" data-widget_type=\"posts.classic\">\n\t\t\t\t<div class=\"elementor-widget-container\">\n\t\t\t\t\t\t\t<div class=\"elementor-posts-container elementor-posts elementor-posts--skin-classic elementor-grid\" role=\"list\">\n\t\t\t\t<article class=\"elementor-post elementor-grid-item post-1803 post type-post status-publish format-standard has-post-thumbnail hentry category-square-plastic-buckets category-2l-square-plastic-buckets category-cleaning-buckets category-food-and-beverage-buckets category-health-care-buckets category-packaging-buckets category-paint-and-coating-buckets category-pet-food-buckets tag-2l-square-plastic-packaging-buckets tag-food-and-beverage-buckets tag-household-cleaning-buckets tag-paint-and-coating-buckets tag-pet-food-buckets tag-square-platic-buckets\" role=\"listitem\">\n\t\t\t\t<a class=\"elementor-post__thumbnail__link\" href=\"https:\/\/packagingbucket.com\/pt\/hot-sale-2l-print-paint-plastic-buckets\/\" tabindex=\"-1\" >\n\t\t\t<div class=\"elementor-post__thumbnail\"><img loading=\"lazy\" decoding=\"async\" width=\"750\" height=\"750\" src=\"https:\/\/packagingbucket.com\/wp-content\/uploads\/2024\/08\/heat-transfer-print-paint-yellow-plastic-bucket-price-with-lid-1.jpg\" class=\"attachment-full size-full wp-image-1804\" alt=\"tinta de transfer\u00eancia t\u00e9rmica pre\u00e7o balde de pl\u00e1stico amarelo com tampa (1)\" srcset=\"https:\/\/packagingbucket.com\/wp-content\/uploads\/2024\/08\/heat-transfer-print-paint-yellow-plastic-bucket-price-with-lid-1.jpg 750w, https:\/\/packagingbucket.com\/wp-content\/uploads\/2024\/08\/heat-transfer-print-paint-yellow-plastic-bucket-price-with-lid-1-12x12.jpg 12w\" sizes=\"(max-width: 750px) 100vw, 750px\" \/><\/div>\n\t\t<\/a>\n\t\t\t\t<div class=\"elementor-post__text\">\n\t\t\t\t<h3 class=\"elementor-post__title\">\n\t\t\t<a href=\"https:\/\/packagingbucket.com\/pt\/hot-sale-2l-print-paint-plastic-buckets\/\" >\n\t\t\t\tVenda Quente 2L Tinta com Impress\u00e3o por Transfer\u00eancia T\u00e9rmica Baldes de Pl\u00e1stico Amarelo com Tampa\t\t\t<\/a>\n\t\t<\/h3>\n\t\t\n\t\t<a class=\"elementor-post__read-more\" href=\"https:\/\/packagingbucket.com\/pt\/hot-sale-2l-print-paint-plastic-buckets\/\" aria-label=\"Read more about Hot Sale 2L Heat Transfer Print Paint Yellow Plastic Buckets Price with Lid\" tabindex=\"-1\" >\n\t\t\tLer mais \"\t\t<\/a>\n\n\t\t\t\t<\/div>\n\t\t\t\t<\/article>\n\t\t\t\t<article class=\"elementor-post elementor-grid-item post-1756 post type-post status-publish format-standard has-post-thumbnail hentry category-packaging-buckets category-18l-round-plastic-buckets category-cleaning-buckets category-food-and-beverage-buckets category-health-care-buckets category-paint-and-coating-buckets category-pet-food-buckets category-round-plastic-buckets tag-18l-round-plastic-packaging-buckets tag-food-and-beverage-buckets tag-household-cleaning-buckets tag-paint-and-coating-buckets tag-pet-food-buckets\" role=\"listitem\">\n\t\t\t\t<a class=\"elementor-post__thumbnail__link\" href=\"https:\/\/packagingbucket.com\/pt\/hot-sale-18l-outdoors-premium-fishing-buckets\/\" tabindex=\"-1\" >\n\t\t\t<div class=\"elementor-post__thumbnail\"><img loading=\"lazy\" decoding=\"async\" width=\"689\" height=\"713\" src=\"https:\/\/packagingbucket.com\/wp-content\/uploads\/2024\/08\/outdoors-premium-fishing-bucket-with-swivel-lid-1.png\" class=\"attachment-full size-full wp-image-1758\" alt=\"balde de pesca premium outdoors com tampa girat\u00f3ria (1)\" srcset=\"https:\/\/packagingbucket.com\/wp-content\/uploads\/2024\/08\/outdoors-premium-fishing-bucket-with-swivel-lid-1.png 689w, https:\/\/packagingbucket.com\/wp-content\/uploads\/2024\/08\/outdoors-premium-fishing-bucket-with-swivel-lid-1-12x12.png 12w\" sizes=\"(max-width: 689px) 100vw, 689px\" \/><\/div>\n\t\t<\/a>\n\t\t\t\t<div class=\"elementor-post__text\">\n\t\t\t\t<h3 class=\"elementor-post__title\">\n\t\t\t<a href=\"https:\/\/packagingbucket.com\/pt\/hot-sale-18l-outdoors-premium-fishing-buckets\/\" >\n\t\t\t\tBaldes de pesca Premium 18L para exterior com tampa girat\u00f3ria\t\t\t<\/a>\n\t\t<\/h3>\n\t\t\n\t\t<a class=\"elementor-post__read-more\" href=\"https:\/\/packagingbucket.com\/pt\/hot-sale-18l-outdoors-premium-fishing-buckets\/\" aria-label=\"Read more about Hot Sale 18L Outdoors Premium Fishing Buckets with Swivel Lid\" tabindex=\"-1\" >\n\t\t\tLer mais \"\t\t<\/a>\n\n\t\t\t\t<\/div>\n\t\t\t\t<\/article>\n\t\t\t\t<article class=\"elementor-post elementor-grid-item post-1924 post type-post status-publish format-standard has-post-thumbnail hentry category-square-plastic-buckets category-20l-square-plastic-buckets category-cleaning-buckets category-food-and-beverage-buckets category-health-care-buckets category-packaging-buckets category-paint-and-coating-buckets category-pet-food-buckets tag-20l-square-plastic-packaging-buckets tag-food-and-beverage-buckets tag-household-cleaning-buckets tag-paint-and-coating-buckets tag-pet-food-buckets tag-square-platic-buckets\" role=\"listitem\">\n\t\t\t\t<a class=\"elementor-post__thumbnail__link\" href=\"https:\/\/packagingbucket.com\/pt\/hot-sale-20l-bpa-food-grade-plastic-buckets\/\" tabindex=\"-1\" >\n\t\t\t<div class=\"elementor-post__thumbnail\"><img loading=\"lazy\" decoding=\"async\" width=\"480\" height=\"480\" src=\"https:\/\/packagingbucket.com\/wp-content\/uploads\/2024\/09\/China-Manufacture-Wholesales-Square-Plastic-Pail-With-Lid-Food-Grade-Paint-Buckets-2.jpg\" class=\"attachment-full size-full wp-image-2080\" alt=\"Balde de pl\u00e1stico quadrado de 5 gal\u00f5es branco, sem bpa, dur\u00e1vel e de qualidade alimentar-1\" srcset=\"https:\/\/packagingbucket.com\/wp-content\/uploads\/2024\/09\/China-Manufacture-Wholesales-Square-Plastic-Pail-With-Lid-Food-Grade-Paint-Buckets-2.jpg 480w, https:\/\/packagingbucket.com\/wp-content\/uploads\/2024\/09\/China-Manufacture-Wholesales-Square-Plastic-Pail-With-Lid-Food-Grade-Paint-Buckets-2-12x12.jpg 12w\" sizes=\"(max-width: 480px) 100vw, 480px\" \/><\/div>\n\t\t<\/a>\n\t\t\t\t<div class=\"elementor-post__text\">\n\t\t\t\t<h3 class=\"elementor-post__title\">\n\t\t\t<a href=\"https:\/\/packagingbucket.com\/pt\/hot-sale-20l-bpa-food-grade-plastic-buckets\/\" >\n\t\t\t\tVenda quente 20L 5 gal\u00f5es branco BPA Free Durable Food Grade Square Plastic Buckets\t\t\t<\/a>\n\t\t<\/h3>\n\t\t\n\t\t<a class=\"elementor-post__read-more\" href=\"https:\/\/packagingbucket.com\/pt\/hot-sale-20l-bpa-food-grade-plastic-buckets\/\" aria-label=\"Read more about Hot Sale 20L 5 gallon white BPA Free Durable Food Grade Square Plastic Buckets\" tabindex=\"-1\" >\n\t\t\tLer mais \"\t\t<\/a>\n\n\t\t\t\t<\/div>\n\t\t\t\t<\/article>\n\t\t\t\t<\/div>\n\t\t\n\t\t\t\t\t\t<\/div>\n\t\t\t\t<\/div>\n\t\t\t\t\t<\/div>\n\t\t\t\t<\/div>\n\t\t\t\t<\/div>","protected":false},"excerpt":{"rendered":"<p>In\u00edcio Anterior Pr\u00f3ximo 1. Porqu\u00ea escolher o nosso balde quadrado de pl\u00e1stico espessado de 20L? A embalagem que escolhe para os seus produtos \u00e9<\/p>","protected":false},"author":2,"featured_media":1901,"comment_status":"open","ping_status":"open","sticky":false,"template":"elementor_header_footer","format":"standard","meta":{"site-sidebar-layout":"default","site-content-layout":"","ast-site-content-layout":"default","site-content-style":"default","site-sidebar-style":"default","ast-global-header-display":"","ast-banner-title-visibility":"","ast-main-header-display":"","ast-hfb-above-header-display":"","ast-hfb-below-header-display":"","ast-hfb-mobile-header-display":"","site-post-title":"","ast-breadcrumbs-content":"","ast-featured-img":"","footer-sml-layout":"","ast-disable-related-posts":"","theme-transparent-header-meta":"","adv-header-id-meta":"","stick-header-meta":"","header-above-stick-meta":"","header-main-stick-meta":"","header-below-stick-meta":"","astra-migrate-meta-layouts":"default","ast-page-background-enabled":"default","ast-page-background-meta":{"desktop":{"background-color":"var(--ast-global-color-4)","background-image":"","background-repeat":"repeat","background-position":"center center","background-size":"auto","background-attachment":"scroll","background-type":"","background-media":"","overlay-type":"","overlay-color":"","overlay-opacity":"","overlay-gradient":""},"tablet":{"background-color":"","background-image":"","background-repeat":"repeat","background-position":"center center","background-size":"auto","background-attachment":"scroll","background-type":"","background-media":"","overlay-type":"","overlay-color":"","overlay-opacity":"","overlay-gradient":""},"mobile":{"background-color":"","background-image":"","background-repeat":"repeat","background-position":"center center","background-size":"auto","background-attachment":"scroll","background-type":"","background-media":"","overlay-type":"","overlay-color":"","overlay-opacity":"","overlay-gradient":""}},"ast-content-background-meta":{"desktop":{"background-color":"var(--ast-global-color-5)","background-image":"","background-repeat":"repeat","background-position":"center center","background-size":"auto","background-attachment":"scroll","background-type":"","background-media":"","overlay-type":"","overlay-color":"","overlay-opacity":"","overlay-gradient":""},"tablet":{"background-color":"var(--ast-global-color-5)","background-image":"","background-repeat":"repeat","background-position":"center center","background-size":"auto","background-attachment":"scroll","background-type":"","background-media":"","overlay-type":"","overlay-color":"","overlay-opacity":"","overlay-gradient":""},"mobile":{"background-color":"var(--ast-global-color-5)","background-image":"","background-repeat":"repeat","background-position":"center center","background-size":"auto","background-attachment":"scroll","background-type":"","background-media":"","overlay-type":"","overlay-color":"","overlay-opacity":"","overlay-gradient":""}},"footnotes":""},"categories":[6,48,4,8,31,3,30,5],"tags":[61,23,16,25,18,20],"class_list":["post-1900","post","type-post","status-publish","format-standard","has-post-thumbnail","hentry","category-square-plastic-buckets","category-20l-square-plastic-buckets","category-cleaning-buckets","category-food-and-beverage-buckets","category-health-care-buckets","category-packaging-buckets","category-paint-and-coating-buckets","category-pet-food-buckets","tag-20l-square-plastic-packaging-buckets","tag-food-and-beverage-buckets","tag-household-cleaning-buckets","tag-paint-and-coating-buckets","tag-pet-food-buckets","tag-square-platic-buckets"],"_links":{"self":[{"href":"https:\/\/packagingbucket.com\/pt\/wp-json\/wp\/v2\/posts\/1900","targetHints":{"allow":["GET"]}}],"collection":[{"href":"https:\/\/packagingbucket.com\/pt\/wp-json\/wp\/v2\/posts"}],"about":[{"href":"https:\/\/packagingbucket.com\/pt\/wp-json\/wp\/v2\/types\/post"}],"author":[{"embeddable":true,"href":"https:\/\/packagingbucket.com\/pt\/wp-json\/wp\/v2\/users\/2"}],"replies":[{"embeddable":true,"href":"https:\/\/packagingbucket.com\/pt\/wp-json\/wp\/v2\/comments?post=1900"}],"version-history":[{"count":0,"href":"https:\/\/packagingbucket.com\/pt\/wp-json\/wp\/v2\/posts\/1900\/revisions"}],"wp:featuredmedia":[{"embeddable":true,"href":"https:\/\/packagingbucket.com\/pt\/wp-json\/wp\/v2\/media\/1901"}],"wp:attachment":[{"href":"https:\/\/packagingbucket.com\/pt\/wp-json\/wp\/v2\/media?parent=1900"}],"wp:term":[{"taxonomy":"category","embeddable":true,"href":"https:\/\/packagingbucket.com\/pt\/wp-json\/wp\/v2\/categories?post=1900"},{"taxonomy":"post_tag","embeddable":true,"href":"https:\/\/packagingbucket.com\/pt\/wp-json\/wp\/v2\/tags?post=1900"}],"curies":[{"name":"wp","href":"https:\/\/api.w.org\/{rel}","templated":true}]}}