{"id":1850,"date":"2024-08-30T06:10:16","date_gmt":"2024-08-30T06:10:16","guid":{"rendered":"https:\/\/packagingbucket.com\/?p=1850"},"modified":"2024-11-24T09:27:32","modified_gmt":"2024-11-24T09:27:32","slug":"hot-sale-custom-8l-plastic-buckets","status":"publish","type":"post","link":"https:\/\/packagingbucket.com\/pt\/hot-sale-custom-8l-plastic-buckets\/","title":{"rendered":"Venda Quente Embalagem Personalizada de Alimentos 8L Baldes de Pl\u00e1stico Baldes de Pl\u00e1stico Quadrados"},"content":{"rendered":"<div data-elementor-type=\"wp-post\" data-elementor-id=\"1850\" class=\"elementor elementor-1850\" data-elementor-settings=\"{&quot;ha_cmc_init_switcher&quot;:&quot;no&quot;}\" data-elementor-post-type=\"post\">\n\t\t\t\t<div class=\"elementor-element elementor-element-1b9c29b e-flex e-con-boxed e-con e-parent\" data-id=\"1b9c29b\" data-element_type=\"container\" data-settings=\"{&quot;_ha_eqh_enable&quot;:false}\">\n\t\t\t\t\t<div class=\"e-con-inner\">\n\t\t\t\t<div class=\"elementor-element elementor-element-6bc93a4 elementor-widget elementor-widget-theme-post-title elementor-page-title elementor-widget-heading\" data-id=\"6bc93a4\" data-element_type=\"widget\" data-widget_type=\"theme-post-title.default\">\n\t\t\t\t<div class=\"elementor-widget-container\">\n\t\t\t\t\t<h1 class=\"elementor-heading-title elementor-size-default\">Venda Quente Embalagem Personalizada de Alimentos 8L Baldes de Pl\u00e1stico Baldes de Pl\u00e1stico Quadrados<\/h1>\t\t\t\t<\/div>\n\t\t\t\t<\/div>\n\t\t\t\t\t<\/div>\n\t\t\t\t<\/div>\n\t\t<div class=\"elementor-element elementor-element-9dad755 e-flex e-con-boxed e-con e-parent\" data-id=\"9dad755\" data-element_type=\"container\" data-settings=\"{&quot;_ha_eqh_enable&quot;:false}\">\n\t\t\t\t\t<div class=\"e-con-inner\">\n\t\t<div class=\"elementor-element elementor-element-8dd9f38 e-con-full e-flex e-con e-child\" data-id=\"8dd9f38\" data-element_type=\"container\" data-settings=\"{&quot;_ha_eqh_enable&quot;:false}\">\n\t\t\t\t<div class=\"elementor-element elementor-element-ee65b6e elementor-skin-slideshow elementor-arrows-yes elementor-widget elementor-widget-media-carousel\" data-id=\"ee65b6e\" data-element_type=\"widget\" data-settings=\"{&quot;skin&quot;:&quot;slideshow&quot;,&quot;autoplay_speed&quot;:3000,&quot;effect&quot;:&quot;slide&quot;,&quot;show_arrows&quot;:&quot;yes&quot;,&quot;speed&quot;:500,&quot;autoplay&quot;:&quot;yes&quot;,&quot;loop&quot;:&quot;yes&quot;,&quot;pause_on_hover&quot;:&quot;yes&quot;,&quot;pause_on_interaction&quot;:&quot;yes&quot;,&quot;space_between&quot;:{&quot;unit&quot;:&quot;px&quot;,&quot;size&quot;:10,&quot;sizes&quot;:[]},&quot;space_between_tablet&quot;:{&quot;unit&quot;:&quot;px&quot;,&quot;size&quot;:10,&quot;sizes&quot;:[]},&quot;space_between_mobile&quot;:{&quot;unit&quot;:&quot;px&quot;,&quot;size&quot;:10,&quot;sizes&quot;:[]}}\" data-widget_type=\"media-carousel.default\">\n\t\t\t\t<div class=\"elementor-widget-container\">\n\t\t\t\t\t\t\t\t\t<div class=\"elementor-swiper\">\n\t\t\t\t\t<div class=\"elementor-main-swiper swiper\" role=\"region\" aria-roledescription=\"carousel\" aria-label=\"Slides\" data-no-translation-aria-label=\"\">\n\t\t\t\t<div class=\"swiper-wrapper\">\n\t\t\t\t\t\t\t\t\t\t\t<div class=\"swiper-slide\" role=\"group\" aria-roledescription=\"slide\">\n\t\t\t\t\t\t\t\t\t<div class=\"elementor-carousel-image\" role=\"img\" aria-label=\"Custom Food Packing 8L plastic bucket Square Plastic Bucket (1)\" style=\"background-image: url(&#039;https:\/\/packagingbucket.com\/wp-content\/uploads\/2024\/08\/Custom-Food-Packing-8L-plastic-bucket-Square-Plastic-Bucket-1.jpg&#039;)\">\n\n\t\t\t\n\t\t\t\t\t<\/div>\n\t\t\t\t\t\t\t\t<\/div>\n\t\t\t\t\t\t\t\t\t\t\t<div class=\"swiper-slide\" role=\"group\" aria-roledescription=\"slide\">\n\t\t\t\t\t\t\t\t\t<div class=\"elementor-carousel-image\" role=\"img\" aria-label=\"Custom Food Packing 8L plastic bucket Square Plastic Bucket (2\" style=\"background-image: url(&#039;https:\/\/packagingbucket.com\/wp-content\/uploads\/2024\/08\/Custom-Food-Packing-8L-plastic-bucket-Square-Plastic-Bucket-1.png&#039;)\">\n\n\t\t\t\n\t\t\t\t\t<\/div>\n\t\t\t\t\t\t\t\t<\/div>\n\t\t\t\t\t\t\t\t\t\t\t<div class=\"swiper-slide\" role=\"group\" aria-roledescription=\"slide\">\n\t\t\t\t\t\t\t\t\t<div class=\"elementor-carousel-image\" role=\"img\" aria-label=\"Custom Food Packing 8L plastic bucket Square Plastic Bucket (3)\" style=\"background-image: url(&#039;https:\/\/packagingbucket.com\/wp-content\/uploads\/2024\/08\/Custom-Food-Packing-8L-plastic-bucket-Square-Plastic-Bucket-2.png&#039;)\">\n\n\t\t\t\n\t\t\t\t\t<\/div>\n\t\t\t\t\t\t\t\t<\/div>\n\t\t\t\t\t\t\t\t\t<\/div>\n\t\t\t\t\t\t\t\t\t\t\t\t\t\t\t<div class=\"elementor-swiper-button elementor-swiper-button-prev\" role=\"button\" tabindex=\"0\" aria-label=\"Vorherige\" data-no-translation-aria-label=\"\">\n\t\t\t\t\t\t\t<svg aria-hidden=\"true\" class=\"e-font-icon-svg e-eicon-chevron-left\" viewbox=\"0 0 1000 1000\" xmlns=\"http:\/\/www.w3.org\/2000\/svg\"><path d=\"M646 125C629 125 613 133 604 142L308 442C296 454 292 471 292 487 292 504 296 521 308 533L604 854C617 867 629 875 646 875 663 875 679 871 692 858 704 846 713 829 713 812 713 796 708 779 692 767L438 487 692 225C700 217 708 204 708 187 708 171 704 154 692 142 675 129 663 125 646 125Z\"><\/path><\/svg>\t\t\t\t\t\t<\/div>\n\t\t\t\t\t\t<div class=\"elementor-swiper-button elementor-swiper-button-next\" role=\"button\" tabindex=\"0\" aria-label=\"Weiter\" data-no-translation-aria-label=\"\">\n\t\t\t\t\t\t\t<svg aria-hidden=\"true\" class=\"e-font-icon-svg e-eicon-chevron-right\" viewbox=\"0 0 1000 1000\" xmlns=\"http:\/\/www.w3.org\/2000\/svg\"><path d=\"M696 533C708 521 713 504 713 487 713 471 708 454 696 446L400 146C388 133 375 125 354 125 338 125 325 129 313 142 300 154 292 171 292 187 292 204 296 221 308 233L563 492 304 771C292 783 288 800 288 817 288 833 296 850 308 863 321 871 338 875 354 875 371 875 388 867 400 854L696 533Z\"><\/path><\/svg>\t\t\t\t\t\t<\/div>\n\t\t\t\t\t\t\t\t\t\t\t\t\t\t\t\t\t<\/div>\n\t\t\t\t<\/div>\n\t\t\t\t\t\t\t\t<div class=\"elementor-swiper\">\n\t\t\t\t\t<div class=\"elementor-main-swiper swiper elementor-thumbnails-swiper swiper\" role=\"region region\" aria-roledescription=\"carousel carousel\" aria-label=\"Slides Slides\" data-no-translation-aria-label=\"\">\n\t\t\t\t<div class=\"swiper-wrapper\">\n\t\t\t\t\t\t\t\t\t\t\t<div class=\"swiper-slide\" role=\"group\" aria-roledescription=\"slide\">\n\t\t\t\t\t\t\t\t\t<div class=\"elementor-carousel-image\" role=\"img\" aria-label=\"Custom Food Packing 8L plastic bucket Square Plastic Bucket (1)\" style=\"background-image: url(&#039;https:\/\/packagingbucket.com\/wp-content\/uploads\/2024\/08\/Custom-Food-Packing-8L-plastic-bucket-Square-Plastic-Bucket-1.jpg&#039;)\">\n\n\t\t\t\n\t\t\t\t\t<\/div>\n\t\t\t\t\t\t\t\t<\/div>\n\t\t\t\t\t\t\t\t\t\t\t<div class=\"swiper-slide\" role=\"group\" aria-roledescription=\"slide\">\n\t\t\t\t\t\t\t\t\t<div class=\"elementor-carousel-image\" role=\"img\" aria-label=\"Custom Food Packing 8L plastic bucket Square Plastic Bucket (2\" style=\"background-image: url(&#039;https:\/\/packagingbucket.com\/wp-content\/uploads\/2024\/08\/Custom-Food-Packing-8L-plastic-bucket-Square-Plastic-Bucket-1.png&#039;)\">\n\n\t\t\t\n\t\t\t\t\t<\/div>\n\t\t\t\t\t\t\t\t<\/div>\n\t\t\t\t\t\t\t\t\t\t\t<div class=\"swiper-slide\" role=\"group\" aria-roledescription=\"slide\">\n\t\t\t\t\t\t\t\t\t<div class=\"elementor-carousel-image\" role=\"img\" aria-label=\"Custom Food Packing 8L plastic bucket Square Plastic Bucket (3)\" style=\"background-image: url(&#039;https:\/\/packagingbucket.com\/wp-content\/uploads\/2024\/08\/Custom-Food-Packing-8L-plastic-bucket-Square-Plastic-Bucket-2.png&#039;)\">\n\n\t\t\t\n\t\t\t\t\t<\/div>\n\t\t\t\t\t\t\t\t<\/div>\n\t\t\t\t\t\t\t\t\t<\/div>\n\t\t\t\t\t\t\t\t\t\t\t\t\t\t\t\t\t\t\t\t\t<\/div>\n\t\t\t\t<\/div>\n\t\t\t\t\t\t\t\t<\/div>\n\t\t\t\t<\/div>\n\t\t\t\t<\/div>\n\t\t<div class=\"elementor-element elementor-element-d8cf1ea e-con-full e-flex e-con e-child\" data-id=\"d8cf1ea\" data-element_type=\"container\" data-settings=\"{&quot;_ha_eqh_enable&quot;:false}\">\n\t\t\t\t<div class=\"elementor-element elementor-element-c5bae44 elementor-button-align-stretch elementor-widget elementor-widget-form\" data-id=\"c5bae44\" data-element_type=\"widget\" data-settings=\"{&quot;step_next_label&quot;:&quot;Next&quot;,&quot;step_previous_label&quot;:&quot;Previous&quot;,&quot;button_width&quot;:&quot;100&quot;,&quot;step_type&quot;:&quot;number_text&quot;,&quot;step_icon_shape&quot;:&quot;circle&quot;}\" data-widget_type=\"form.default\">\n\t\t\t\t<div class=\"elementor-widget-container\">\n\t\t\t\t\t\t\t<form class=\"elementor-form\" method=\"post\" name=\"New Form\" aria-label=\"New Form\" action=\"\">\n\t\t\t<input type=\"hidden\" name=\"post_id\" value=\"1850\"\/>\n\t\t\t<input type=\"hidden\" name=\"form_id\" value=\"c5bae44\"\/>\n\t\t\t<input type=\"hidden\" name=\"referer_title\" value=\"Hot Sale Custom Food Packing 8L Plastic Buckets Square Plastic Buckets\" \/>\n\n\t\t\t\t\t\t\t<input type=\"hidden\" name=\"queried_id\" value=\"1850\"\/>\n\t\t\t\n\t\t\t<div class=\"elementor-form-fields-wrapper elementor-labels-above\">\n\t\t\t\t\t\t\t\t<div class=\"elementor-field-type-text elementor-field-group elementor-column elementor-field-group-name elementor-col-50\">\n\t\t\t\t\t\t\t\t\t\t\t\t<label for=\"form-field-name\" class=\"elementor-field-label\">\n\t\t\t\t\t\t\t\tNome\t\t\t\t\t\t\t<\/label>\n\t\t\t\t\t\t\t\t\t\t\t\t\t\t<input size=\"1\" type=\"text\" name=\"form_fields[name]\" id=\"form-field-name\" class=\"elementor-field elementor-size-sm  elementor-field-textual\" placeholder=\"Nome\">\n\t\t\t\t\t\t\t\t\t\t\t<\/div>\n\t\t\t\t\t\t\t\t<div class=\"elementor-field-type-text elementor-field-group elementor-column elementor-field-group-field_927622f elementor-col-50\">\n\t\t\t\t\t\t\t\t\t\t\t\t<label for=\"form-field-field_927622f\" class=\"elementor-field-label\">\n\t\t\t\t\t\t\t\tEmpresa\t\t\t\t\t\t\t<\/label>\n\t\t\t\t\t\t\t\t\t\t\t\t\t\t<input size=\"1\" type=\"text\" name=\"form_fields[field_927622f]\" id=\"form-field-field_927622f\" class=\"elementor-field elementor-size-sm  elementor-field-textual\" placeholder=\"Empresa\">\n\t\t\t\t\t\t\t\t\t\t\t<\/div>\n\t\t\t\t\t\t\t\t<div class=\"elementor-field-type-text elementor-field-group elementor-column elementor-field-group-field_b349b74 elementor-col-50\">\n\t\t\t\t\t\t\t\t\t\t\t\t<label for=\"form-field-field_b349b74\" class=\"elementor-field-label\">\n\t\t\t\t\t\t\t\tTelefone\t\t\t\t\t\t\t<\/label>\n\t\t\t\t\t\t\t\t\t\t\t\t\t\t<input size=\"1\" type=\"text\" name=\"form_fields[field_b349b74]\" id=\"form-field-field_b349b74\" class=\"elementor-field elementor-size-sm  elementor-field-textual\" placeholder=\"Telefone\">\n\t\t\t\t\t\t\t\t\t\t\t<\/div>\n\t\t\t\t\t\t\t\t<div class=\"elementor-field-type-email elementor-field-group elementor-column elementor-field-group-email elementor-col-50 elementor-field-required\">\n\t\t\t\t\t\t\t\t\t\t\t\t<label for=\"form-field-email\" class=\"elementor-field-label\">\n\t\t\t\t\t\t\t\tCorreio eletr\u00f3nico\t\t\t\t\t\t\t<\/label>\n\t\t\t\t\t\t\t\t\t\t\t\t\t\t<input size=\"1\" type=\"email\" name=\"form_fields[email]\" id=\"form-field-email\" class=\"elementor-field elementor-size-sm  elementor-field-textual\" placeholder=\"Correio eletr\u00f3nico\" required=\"required\">\n\t\t\t\t\t\t\t\t\t\t\t<\/div>\n\t\t\t\t\t\t\t\t<div class=\"elementor-field-type-text elementor-field-group elementor-column elementor-field-group-field_6127c68 elementor-col-50\">\n\t\t\t\t\t\t\t\t\t\t\t\t<label for=\"form-field-field_6127c68\" class=\"elementor-field-label\">\n\t\t\t\t\t\t\t\tQuantidade\t\t\t\t\t\t\t<\/label>\n\t\t\t\t\t\t\t\t\t\t\t\t\t\t<input size=\"1\" type=\"text\" name=\"form_fields[field_6127c68]\" id=\"form-field-field_6127c68\" class=\"elementor-field elementor-size-sm  elementor-field-textual\" placeholder=\"Para o pre\u00e7o unit\u00e1rio\">\n\t\t\t\t\t\t\t\t\t\t\t<\/div>\n\t\t\t\t\t\t\t\t<div class=\"elementor-field-type-text elementor-field-group elementor-column elementor-field-group-field_60832b6 elementor-col-50\">\n\t\t\t\t\t\t\t\t\t\t\t\t<label for=\"form-field-field_60832b6\" class=\"elementor-field-label\">\n\t\t\t\t\t\t\t\tEndere\u00e7o\t\t\t\t\t\t\t<\/label>\n\t\t\t\t\t\t\t\t\t\t\t\t\t\t<input size=\"1\" type=\"text\" name=\"form_fields[field_60832b6]\" id=\"form-field-field_60832b6\" class=\"elementor-field elementor-size-sm  elementor-field-textual\" placeholder=\"Para expedi\u00e7\u00e3o\">\n\t\t\t\t\t\t\t\t\t\t\t<\/div>\n\t\t\t\t\t\t\t\t<div class=\"elementor-field-type-textarea elementor-field-group elementor-column elementor-field-group-message elementor-col-100\">\n\t\t\t\t\t\t\t\t\t\t\t\t<label for=\"form-field-message\" class=\"elementor-field-label\">\n\t\t\t\t\t\t\t\tMensagem\t\t\t\t\t\t\t<\/label>\n\t\t\t\t\t\t<textarea class=\"elementor-field-textual elementor-field  elementor-size-sm\" name=\"form_fields[message]\" id=\"form-field-message\" rows=\"7\" placeholder=\"Mensagem\"><\/textarea>\t\t\t\t<\/div>\n\t\t\t\t\t\t\t\t<div class=\"elementor-field-type-recaptcha elementor-field-group elementor-column elementor-field-group-field_d02733a elementor-col-100\">\n\t\t\t\t\t<div class=\"elementor-field\" id=\"form-field-field_d02733a\"><div class=\"elementor-g-recaptcha\" data-sitekey=\"6Ldyb4wqAAAAAC7k_YINJmhbMfzGr0RRN6LnvDEy\" data-type=\"v2_checkbox\" data-theme=\"light\" data-size=\"normal\"><\/div><\/div>\t\t\t\t<\/div>\n\t\t\t\t\t\t\t\t<div class=\"elementor-field-group elementor-column elementor-field-type-submit elementor-col-100 e-form__buttons\">\n\t\t\t\t\t<button class=\"elementor-button elementor-size-sm\" type=\"submit\">\n\t\t\t\t\t\t<span class=\"elementor-button-content-wrapper\">\n\t\t\t\t\t\t\t\t\t\t\t\t\t\t\t\t\t\t\t\t\t\t<span class=\"elementor-button-text\">Enviar<\/span>\n\t\t\t\t\t\t\t\t\t\t\t\t\t<\/span>\n\t\t\t\t\t<\/button>\n\t\t\t\t<\/div>\n\t\t\t<\/div>\n\t\t<input type=\"hidden\" name=\"trp-form-language\" value=\"pt\"\/><\/form>\n\t\t\t\t\t\t<\/div>\n\t\t\t\t<\/div>\n\t\t<div class=\"elementor-element elementor-element-06a6cb6 e-con-full e-flex e-con e-child\" data-id=\"06a6cb6\" data-element_type=\"container\" data-settings=\"{&quot;_ha_eqh_enable&quot;:false}\">\n\t\t<div class=\"elementor-element elementor-element-e6843ea e-con-full e-flex e-con e-child\" data-id=\"e6843ea\" data-element_type=\"container\" data-settings=\"{&quot;_ha_eqh_enable&quot;:false}\">\n\t\t\t\t<div class=\"elementor-element elementor-element-d5a2ed0 elementor-widget elementor-widget-post-info\" data-id=\"d5a2ed0\" data-element_type=\"widget\" data-widget_type=\"post-info.default\">\n\t\t\t\t<div class=\"elementor-widget-container\">\n\t\t\t\t\t\t\t<ul class=\"elementor-inline-items elementor-icon-list-items elementor-post-info\">\n\t\t\t\t\t\t\t\t<li class=\"elementor-icon-list-item elementor-repeater-item-bb696c5 elementor-inline-item\" itemprop=\"about\">\n\t\t\t\t\t\t\t\t\t\t<span class=\"elementor-icon-list-icon\">\n\t\t\t\t\t\t\t\t<svg aria-hidden=\"true\" class=\"e-font-icon-svg e-fas-tags\" viewbox=\"0 0 640 512\" xmlns=\"http:\/\/www.w3.org\/2000\/svg\"><path d=\"M497.941 225.941L286.059 14.059A48 48 0 0 0 252.118 0H48C21.49 0 0 21.49 0 48v204.118a48 48 0 0 0 14.059 33.941l211.882 211.882c18.744 18.745 49.136 18.746 67.882 0l204.118-204.118c18.745-18.745 18.745-49.137 0-67.882zM112 160c-26.51 0-48-21.49-48-48s21.49-48 48-48 48 21.49 48 48-21.49 48-48 48zm513.941 133.823L421.823 497.941c-18.745 18.745-49.137 18.745-67.882 0l-.36-.36L527.64 323.522c16.999-16.999 26.36-39.6 26.36-63.64s-9.362-46.641-26.36-63.64L331.397 0h48.721a48 48 0 0 1 33.941 14.059l211.882 211.882c18.745 18.745 18.745 49.137 0 67.882z\"><\/path><\/svg>\t\t\t\t\t\t\t<\/span>\n\t\t\t\t\t\t\t\t\t<span class=\"elementor-icon-list-text elementor-post-info__item elementor-post-info__item--type-terms\">\n\t\t\t\t\t\t\t\t\t\t<span class=\"elementor-post-info__terms-list\">\n\t\t\t\t<a href=\"https:\/\/packagingbucket.com\/pt\/packaging-buckets\/square-plastic-buckets\/8l-square-plastic-buckets\/\" class=\"elementor-post-info__terms-list-item\">Baldes de pl\u00e1stico quadrados de 8L<\/a>, <a href=\"https:\/\/packagingbucket.com\/pt\/packaging-buckets\/cleaning-buckets\/\" class=\"elementor-post-info__terms-list-item\">Baldes de limpeza<\/a>, <a href=\"https:\/\/packagingbucket.com\/pt\/packaging-buckets\/food-and-beverage-buckets\/\" class=\"elementor-post-info__terms-list-item\">Baldes para alimentos e bebidas<\/a>, <a href=\"https:\/\/packagingbucket.com\/pt\/packaging-buckets\/health-care-buckets\/\" class=\"elementor-post-info__terms-list-item\">Baldes de cuidados de sa\u00fade<\/a>, <a href=\"https:\/\/packagingbucket.com\/pt\/packaging-buckets\/\" class=\"elementor-post-info__terms-list-item\">Baldes de embalagem<\/a>, <a href=\"https:\/\/packagingbucket.com\/pt\/packaging-buckets\/paint-and-coating-buckets\/\" class=\"elementor-post-info__terms-list-item\">Baldes para tintas e revestimentos<\/a>, <a href=\"https:\/\/packagingbucket.com\/pt\/packaging-buckets\/pet-food-buckets\/\" class=\"elementor-post-info__terms-list-item\">Baldes PET para alimentos<\/a>, <a href=\"https:\/\/packagingbucket.com\/pt\/packaging-buckets\/square-plastic-buckets\/\" class=\"elementor-post-info__terms-list-item\">Baldes de pl\u00e1stico quadrados<\/a>\t\t\t\t<\/span>\n\t\t\t\t\t<\/span>\n\t\t\t\t\t\t\t\t<\/li>\n\t\t\t\t<\/ul>\n\t\t\t\t\t\t<\/div>\n\t\t\t\t<\/div>\n\t\t\t\t<\/div>\n\t\t<div class=\"elementor-element elementor-element-818edd9 e-con-full e-flex e-con e-child\" data-id=\"818edd9\" data-element_type=\"container\" data-settings=\"{&quot;_ha_eqh_enable&quot;:false}\">\n\t\t\t\t<div class=\"elementor-element elementor-element-9c89e0d elementor-widget elementor-widget-post-info\" data-id=\"9c89e0d\" data-element_type=\"widget\" data-widget_type=\"post-info.default\">\n\t\t\t\t<div class=\"elementor-widget-container\">\n\t\t\t\t\t\t\t<ul class=\"elementor-inline-items elementor-icon-list-items elementor-post-info\">\n\t\t\t\t\t\t\t\t<li class=\"elementor-icon-list-item elementor-repeater-item-bb696c5 elementor-inline-item\" itemprop=\"about\">\n\t\t\t\t\t\t\t\t\t\t<span class=\"elementor-icon-list-icon\">\n\t\t\t\t\t\t\t\t<svg aria-hidden=\"true\" class=\"e-font-icon-svg e-fas-tags\" viewbox=\"0 0 640 512\" xmlns=\"http:\/\/www.w3.org\/2000\/svg\"><path d=\"M497.941 225.941L286.059 14.059A48 48 0 0 0 252.118 0H48C21.49 0 0 21.49 0 48v204.118a48 48 0 0 0 14.059 33.941l211.882 211.882c18.744 18.745 49.136 18.746 67.882 0l204.118-204.118c18.745-18.745 18.745-49.137 0-67.882zM112 160c-26.51 0-48-21.49-48-48s21.49-48 48-48 48 21.49 48 48-21.49 48-48 48zm513.941 133.823L421.823 497.941c-18.745 18.745-49.137 18.745-67.882 0l-.36-.36L527.64 323.522c16.999-16.999 26.36-39.6 26.36-63.64s-9.362-46.641-26.36-63.64L331.397 0h48.721a48 48 0 0 1 33.941 14.059l211.882 211.882c18.745 18.745 18.745 49.137 0 67.882z\"><\/path><\/svg>\t\t\t\t\t\t\t<\/span>\n\t\t\t\t\t\t\t\t\t<span class=\"elementor-icon-list-text elementor-post-info__item elementor-post-info__item--type-terms\">\n\t\t\t\t\t\t\t\t\t\t<span class=\"elementor-post-info__terms-list\">\n\t\t\t\t<a href=\"https:\/\/packagingbucket.com\/pt\/tag\/8l-square-plastic-packaging-buckets\/\" class=\"elementor-post-info__terms-list-item\">Baldes de pl\u00e1stico quadrados de 8L para embalagem<\/a>, <a href=\"https:\/\/packagingbucket.com\/pt\/tag\/food-and-beverage-buckets\/\" class=\"elementor-post-info__terms-list-item\">Baldes para alimentos e bebidas<\/a>, <a href=\"https:\/\/packagingbucket.com\/pt\/tag\/household-cleaning-buckets\/\" class=\"elementor-post-info__terms-list-item\">Baldes para limpeza dom\u00e9stica<\/a>, <a href=\"https:\/\/packagingbucket.com\/pt\/tag\/paint-and-coating-buckets\/\" class=\"elementor-post-info__terms-list-item\">Baldes para tintas e revestimentos<\/a>, <a href=\"https:\/\/packagingbucket.com\/pt\/tag\/pet-food-buckets\/\" class=\"elementor-post-info__terms-list-item\">Baldes PET para alimentos<\/a>, <a href=\"https:\/\/packagingbucket.com\/pt\/tag\/square-platic-buckets\/\" class=\"elementor-post-info__terms-list-item\">Baldes de pl\u00e1stico quadrados<\/a>\t\t\t\t<\/span>\n\t\t\t\t\t<\/span>\n\t\t\t\t\t\t\t\t<\/li>\n\t\t\t\t<\/ul>\n\t\t\t\t\t\t<\/div>\n\t\t\t\t<\/div>\n\t\t\t\t<\/div>\n\t\t\t\t<\/div>\n\t\t\t\t<\/div>\n\t\t\t\t\t<\/div>\n\t\t\t\t<\/div>\n\t\t<div class=\"elementor-element elementor-element-780f46c e-flex e-con-boxed e-con e-parent\" data-id=\"780f46c\" data-element_type=\"container\" data-settings=\"{&quot;_ha_eqh_enable&quot;:false}\">\n\t\t\t\t\t<div class=\"e-con-inner\">\n\t\t\t\t<div class=\"elementor-element elementor-element-a94a725 elementor-widget elementor-widget-heading\" data-id=\"a94a725\" data-element_type=\"widget\" data-widget_type=\"heading.default\">\n\t\t\t\t<div class=\"elementor-widget-container\">\n\t\t\t\t\t<h2 class=\"elementor-heading-title elementor-size-default\">1. Baldes de pl\u00e1stico quadrados de 8L de qualidade alimentar para uma embalagem segura<\/h2>\t\t\t\t<\/div>\n\t\t\t\t<\/div>\n\t\t\t\t<div class=\"elementor-element elementor-element-80e335a elementor-widget elementor-widget-text-editor\" data-id=\"80e335a\" data-element_type=\"widget\" data-widget_type=\"text-editor.default\">\n\t\t\t\t<div class=\"elementor-widget-container\">\n\t\t\t\t\t\t\t\t\t<p>No mercado competitivo de hoje, a qualidade e a funcionalidade da embalagem desempenham um papel crucial no sucesso dos produtos alimentares. A <strong>Embalagem de alimentos personalizada Balde de pl\u00e1stico quadrado 8L<\/strong> oferece uma solu\u00e7\u00e3o ideal para fabricantes, distribuidores e retalhistas de produtos alimentares que procuram embalagens fi\u00e1veis, personaliz\u00e1veis e ecol\u00f3gicas. Este guia exaustivo explora os muitos pontos de venda do nosso balde quadrado de pl\u00e1stico de 8L, explicando porque \u00e9 que se destaca como a escolha preferida para embalagens de alimentos em v\u00e1rias ind\u00fastrias.<\/p><p>Os nossos baldes de pl\u00e1stico s\u00e3o fabricados com materiais de alta qualidade e de qualidade alimentar que garantem a seguran\u00e7a e a frescura dos produtos alimentares que cont\u00eam. Quer esteja a embalar produtos secos, l\u00edquidos ou alimentos semi-s\u00f3lidos, o nosso balde de pl\u00e1stico quadrado de 8L proporciona a durabilidade e a flexibilidade necess\u00e1rias para manter a integridade do produto. Este guia abordar\u00e1 as principais carater\u00edsticas, op\u00e7\u00f5es de personaliza\u00e7\u00e3o e benef\u00edcios ambientais da nossa solu\u00e7\u00e3o de embalagem, destacando a forma como esta pode apoiar os seus objectivos comerciais e melhorar a presen\u00e7a da sua marca no mercado.<\/p><p>Os nossos baldes de pl\u00e1stico quadrados de 8L s\u00e3o fabricados com materiais de alta qualidade, concebidos para cumprir as normas mais exigentes em mat\u00e9ria de seguran\u00e7a alimentar e efici\u00eancia de embalagem.<\/p><p><strong>1.1. Material de polipropileno (PP) de qualidade alimentar<\/strong><\/p><p>Utilizamos polipropileno (PP) de qualidade alimentar 100% no fabrico dos nossos baldes de pl\u00e1stico. Este material \u00e9 conhecido pela sua seguran\u00e7a, n\u00e3o toxicidade e conformidade com os regulamentos internacionais de seguran\u00e7a alimentar. O PP \u00e9 isento de BPA e de outros qu\u00edmicos nocivos, o que o torna ideal para embalar produtos alimentares que exigem normas de higiene rigorosas. Isto garante que os seus produtos permanecem seguros para consumo, mantendo a sua frescura e qualidade ao longo do tempo.<\/p><p><strong>1.2. Constru\u00e7\u00e3o robusta e duradoura<\/strong><\/p><p>O balde quadrado de pl\u00e1stico de 8 L foi concebido para ser robusto e dur\u00e1vel, capaz de suportar as exig\u00eancias do transporte e armazenamento sem comprometer a seguran\u00e7a do conte\u00fado. A constru\u00e7\u00e3o robusta reduz o risco de quebra ou fuga, o que \u00e9 essencial para manter a qualidade do produto durante o transporte. Al\u00e9m disso, a durabilidade do balde permite uma utiliza\u00e7\u00e3o repetida, oferecendo valor tanto para as empresas como para os consumidores.<\/p><p><strong>1.3. Desenho quadrado para armazenamento optimizado<\/strong><\/p><p>A forma quadrada do balde \u00e9 uma carater\u00edstica pr\u00e1tica que maximiza a efici\u00eancia do espa\u00e7o durante o armazenamento e o transporte. Ao contr\u00e1rio dos contentores redondos, os baldes quadrados podem ser facilmente empilhados e dispostos de forma a minimizar o desperd\u00edcio de espa\u00e7o, tanto nas instala\u00e7\u00f5es de armazenamento como nas prateleiras das lojas. Este design economizador de espa\u00e7o traduz-se em poupan\u00e7as de custos para as empresas, uma vez que permite uma utiliza\u00e7\u00e3o mais eficiente dos recursos de armazenamento e transporte.<\/p><p><strong>1.4. Tampa segura e herm\u00e9tica<\/strong><\/p><p>Cada balde \u00e9 fornecido com uma tampa segura e herm\u00e9tica que assegura a prote\u00e7\u00e3o do conte\u00fado contra contaminantes externos. A veda\u00e7\u00e3o herm\u00e9tica \u00e9 crucial para preservar a frescura dos produtos alimentares, impedindo a exposi\u00e7\u00e3o ao ar, \u00e0 humidade e a outros elementos que possam levar \u00e0 deteriora\u00e7\u00e3o. Esta carater\u00edstica \u00e9 especialmente importante para produtos com um prazo de validade mais longo ou para aqueles que requerem prote\u00e7\u00e3o contra factores ambientais.<\/p><p><strong>1.5. Resist\u00eancia qu\u00edmica e aos raios UV<\/strong><\/p><p>Os nossos baldes de pl\u00e1stico s\u00e3o resistentes a produtos qu\u00edmicos e \u00e0 luz UV, o que os torna adequados para uma vasta gama de produtos alimentares, incluindo os sens\u00edveis \u00e0 luz ou \u00e0 exposi\u00e7\u00e3o a produtos qu\u00edmicos. A resist\u00eancia aos raios UV garante que o conte\u00fado n\u00e3o \u00e9 degradado pela luz solar, o que \u00e9 particularmente importante para produtos armazenados em ambientes exteriores ou bem iluminados. Esta carater\u00edstica prolonga o prazo de validade dos produtos e garante que chegam ao consumidor em \u00f3ptimas condi\u00e7\u00f5es.<\/p>\t\t\t\t\t\t\t\t<\/div>\n\t\t\t\t<\/div>\n\t\t\t\t\t<\/div>\n\t\t\t\t<\/div>\n\t\t<div class=\"elementor-element elementor-element-7b4fd66 e-flex e-con-boxed e-con e-parent\" data-id=\"7b4fd66\" data-element_type=\"container\" data-settings=\"{&quot;_ha_eqh_enable&quot;:false}\">\n\t\t\t\t\t<div class=\"e-con-inner\">\n\t\t\t\t<div class=\"elementor-element elementor-element-6f2702a elementor-widget elementor-widget-heading\" data-id=\"6f2702a\" data-element_type=\"widget\" data-widget_type=\"heading.default\">\n\t\t\t\t<div class=\"elementor-widget-container\">\n\t\t\t\t\t<h2 class=\"elementor-heading-title elementor-size-default\">2. Design vers\u00e1til e duradouro para uma gama de produtos alimentares<\/h2>\t\t\t\t<\/div>\n\t\t\t\t<\/div>\n\t\t\t\t<div class=\"elementor-element elementor-element-eb7c906 elementor-widget elementor-widget-text-editor\" data-id=\"eb7c906\" data-element_type=\"widget\" data-widget_type=\"text-editor.default\">\n\t\t\t\t<div class=\"elementor-widget-container\">\n\t\t\t\t\t\t\t\t\t<div class=\"flex-shrink-0 flex flex-col relative items-end\"><div class=\"pt-0\"><div class=\"gizmo-bot-avatar flex h-8 w-8 items-center justify-center overflow-hidden rounded-full\"><div class=\"relative p-1 rounded-sm flex items-center justify-center bg-token-main-surface-primary text-token-text-primary h-8 w-8\"><p>Os nossos baldes de pl\u00e1stico quadrados de 8L s\u00e3o suficientemente vers\u00e1teis para acomodar uma variedade de produtos alimentares, oferecendo uma solu\u00e7\u00e3o pr\u00e1tica e duradoura para diferentes necessidades de embalagem.<\/p><p><strong>2.1. Adequado para v\u00e1rios tipos de alimentos<\/strong><\/p><p>O balde quadrado de pl\u00e1stico de 8L \u00e9 adequado para embalar uma vasta gama de produtos alimentares, incluindo produtos secos, l\u00edquidos e alimentos semi-s\u00f3lidos. Quer esteja a armazenar gr\u00e3os, molhos ou produtos l\u00e1cteos, o nosso balde garante que o conte\u00fado permanece seguro e protegido. O design vers\u00e1til torna-o uma escolha conveniente para empresas que produzem ou distribuem diferentes tipos de produtos alimentares.<\/p><p><strong>2.2. Perfeito para embalagens a granel e a retalho<\/strong><\/p><p>Os nossos baldes s\u00e3o ideais para embalagens a granel e a retalho. A capacidade de 8L \u00e9 perfeita para vendas a granel, oferecendo espa\u00e7o suficiente para grandes quantidades de produto, mantendo a facilidade de manuseamento. Para ambientes de venda a retalho, o design e o tamanho do balde facilitam a sua exposi\u00e7\u00e3o nas prateleiras e s\u00e3o convenientes para os consumidores utilizarem e armazenarem em casa.<\/p><p><strong>2.3. F\u00e1cil manuseamento e transporte<\/strong><\/p><p>O design ergon\u00f3mico dos nossos baldes de pl\u00e1stico, incluindo uma pega duradoura, torna-os f\u00e1ceis de transportar. Esta facilidade de manuseamento \u00e9 essencial para garantir que o processo de embalagem \u00e9 eficiente e que os produtos s\u00e3o entregues aos consumidores em perfeitas condi\u00e7\u00f5es. A pega robusta foi concebida para suportar o peso do conte\u00fado, garantindo que o balde pode ser transportado em seguran\u00e7a sem o risco de se partir.<\/p><p><strong>2.4. Reutiliz\u00e1vel para m\u00faltiplos fins<\/strong><\/p><p>Os nossos baldes de pl\u00e1stico n\u00e3o s\u00e3o apenas um artigo de utiliza\u00e7\u00e3o \u00fanica; foram concebidos para serem reutilizados, o que acrescenta valor para o consumidor final. Ap\u00f3s a utiliza\u00e7\u00e3o inicial, o balde pode ser limpo e reutilizado para v\u00e1rias aplica\u00e7\u00f5es, desde o armazenamento dom\u00e9stico \u00e0 jardinagem. Esta possibilidade de reutiliza\u00e7\u00e3o n\u00e3o s\u00f3 aumenta o valor do produto, como tamb\u00e9m contribui para a sustentabilidade, reduzindo a necessidade de embalagens descart\u00e1veis.<\/p><p><strong>2.5. Dispon\u00edvel em tamanhos personaliz\u00e1veis<\/strong><\/p><p>Para al\u00e9m do tamanho de 8L, oferecemos uma gama de tamanhos de baldes para satisfazer diferentes requisitos de embalagem. Esta flexibilidade permite \u00e0s empresas escolher o tamanho certo para as suas necessidades espec\u00edficas, garantindo que a embalagem n\u00e3o \u00e9 nem demasiado grande nem demasiado pequena para o produto. A oferta de uma gama de tamanhos tamb\u00e9m permite \u00e0s empresas manter uma marca consistente em diferentes linhas de produtos.<\/p><\/div><\/div><\/div><\/div>\t\t\t\t\t\t\t\t<\/div>\n\t\t\t\t<\/div>\n\t\t\t\t\t<\/div>\n\t\t\t\t<\/div>\n\t\t<div class=\"elementor-element elementor-element-10a3c46 e-flex e-con-boxed e-con e-parent\" data-id=\"10a3c46\" data-element_type=\"container\" data-settings=\"{&quot;_ha_eqh_enable&quot;:false}\">\n\t\t\t\t\t<div class=\"e-con-inner\">\n\t\t\t\t<div class=\"elementor-element elementor-element-7e80bba elementor-widget elementor-widget-heading\" data-id=\"7e80bba\" data-element_type=\"widget\" data-widget_type=\"heading.default\">\n\t\t\t\t<div class=\"elementor-widget-container\">\n\t\t\t\t\t<h2 class=\"elementor-heading-title elementor-size-default\">3. Marca personaliz\u00e1vel com op\u00e7\u00f5es de impress\u00e3o de alta qualidade<\/h2>\t\t\t\t<\/div>\n\t\t\t\t<\/div>\n\t\t\t\t<div class=\"elementor-element elementor-element-da49909 elementor-widget elementor-widget-text-editor\" data-id=\"da49909\" data-element_type=\"widget\" data-widget_type=\"text-editor.default\">\n\t\t\t\t<div class=\"elementor-widget-container\">\n\t\t\t\t\t\t\t\t\t<p>A marca \u00e9 um aspeto crucial da embalagem do produto, e os nossos baldes de pl\u00e1stico quadrados de 8L oferecem v\u00e1rias op\u00e7\u00f5es de personaliza\u00e7\u00e3o para ajudar os seus produtos a destacarem-se.<\/p><p><strong>3.1. Etiquetagem no molde (IML) para uma maior visibilidade da marca<\/strong><\/p><p>Oferecemos a etiquetagem no molde (IML) como uma op\u00e7\u00e3o de personaliza\u00e7\u00e3o, que permite que os desenhos a cores de alta qualidade sejam incorporados diretamente no pl\u00e1stico durante o fabrico. Este processo garante que a etiqueta \u00e9 dur\u00e1vel, resistente ao desgaste e visualmente apelativa. A IML proporciona um aspeto de primeira qualidade que pode mostrar o log\u00f3tipo da sua marca, os detalhes do produto e as mensagens de marketing de uma forma vibrante e profissional.<\/p><p><strong>3.2. Cores e desenhos personalizados<\/strong><\/p><p>Os nossos baldes de pl\u00e1stico podem ser produzidos em cores personalizadas que correspondem \u00e0 identidade da sua marca, proporcionando uma solu\u00e7\u00e3o de embalagem coesa e atractiva. Quer pretenda utilizar as cores carater\u00edsticas da sua marca ou criar um design \u00fanico que se destaque nas prateleiras, as nossas op\u00e7\u00f5es de personaliza\u00e7\u00e3o permitem-lhe obter o aspeto pretendido. Os designs personalizados tamb\u00e9m podem incluir acabamentos ou texturas especiais que acrescentam um elemento t\u00e1til \u00e0 embalagem.<\/p><p><strong>3.3. Etiquetas dur\u00e1veis e de longa dura\u00e7\u00e3o<\/strong><\/p><p>As etiquetas dos nossos baldes de pl\u00e1stico foram concebidas para durar. S\u00e3o resistentes ao desbotamento, \u00e0 descama\u00e7\u00e3o e aos danos provocados pela humidade ou por produtos qu\u00edmicos, garantindo que a sua marca permanece intacta durante todo o ciclo de vida do produto. Esta durabilidade \u00e9 crucial para manter o aspeto e o profissionalismo dos seus produtos, mesmo em condi\u00e7\u00f5es de armazenamento ou transporte dif\u00edceis.<\/p><p><strong>3.4. Formas e carater\u00edsticas \u00fanicas para diferencia\u00e7\u00e3o<\/strong><\/p><p>Para al\u00e9m de cores e etiquetas personalizadas, oferecemos a possibilidade de criar formas \u00fanicas ou adicionar carater\u00edsticas espec\u00edficas aos seus baldes de pl\u00e1stico. Quer necessite de um design especializado que se adapte \u00e0s carater\u00edsticas \u00fanicas do seu produto ou pretenda criar um recipiente que se destaque na prateleira, podemos trabalhar consigo para desenvolver uma solu\u00e7\u00e3o que satisfa\u00e7a as suas necessidades. Estas personaliza\u00e7\u00f5es ajudam a diferenciar os seus produtos num mercado concorrido.<\/p><p><strong>3.5. Coer\u00eancia entre linhas de produtos<\/strong><\/p><p>Com os nossos baldes de pl\u00e1stico personaliz\u00e1veis, pode manter uma marca consistente em todos os seus produtos, independentemente do tamanho ou do tipo de embalagem. Esta consist\u00eancia ajuda a criar o reconhecimento da marca e a confian\u00e7a dos consumidores, uma vez que os clientes podem identificar facilmente os seus produtos pela embalagem. Uma marca consistente tamb\u00e9m refor\u00e7a a presen\u00e7a da sua marca no mercado, ajudando a impulsionar as vendas e a fidelizar os clientes.<\/p>\t\t\t\t\t\t\t\t<\/div>\n\t\t\t\t<\/div>\n\t\t\t\t<div class=\"elementor-element elementor-element-1ed92a2 elementor-widget elementor-widget-heading\" data-id=\"1ed92a2\" data-element_type=\"widget\" data-widget_type=\"heading.default\">\n\t\t\t\t<div class=\"elementor-widget-container\">\n\t\t\t\t\t<h2 class=\"elementor-heading-title elementor-size-default\">4. Solu\u00e7\u00f5es de embalagem ecol\u00f3gicas e econ\u00f3micas<\/h2>\t\t\t\t<\/div>\n\t\t\t\t<\/div>\n\t\t\t\t<div class=\"elementor-element elementor-element-7f6cef6 elementor-widget elementor-widget-text-editor\" data-id=\"7f6cef6\" data-element_type=\"widget\" data-widget_type=\"text-editor.default\">\n\t\t\t\t<div class=\"elementor-widget-container\">\n\t\t\t\t\t\t\t\t\t<p>A sustentabilidade \u00e9 uma preocupa\u00e7\u00e3o fundamental para muitas empresas e consumidores atualmente. Os nossos baldes de pl\u00e1stico quadrados de 8L foram concebidos para serem simultaneamente ecol\u00f3gicos e econ\u00f3micos.<\/p><p><strong>4.1. Fabricado a partir de materiais recicl\u00e1veis<\/strong><\/p><p>Os nossos baldes de pl\u00e1stico s\u00e3o feitos de polipropileno recicl\u00e1vel, apoiando os objectivos ambientais da sua empresa. Ap\u00f3s a utiliza\u00e7\u00e3o, os baldes podem ser reciclados, reduzindo o impacto ambiental da sua embalagem. Este compromisso de utiliza\u00e7\u00e3o de materiais recicl\u00e1veis \u00e9 um aspeto importante da conce\u00e7\u00e3o dos nossos produtos, ajudando-o a satisfazer a procura dos consumidores por solu\u00e7\u00f5es de embalagem sustent\u00e1veis.<\/p><p><strong>4.2. Fabrico eficiente do ponto de vista energ\u00e9tico<\/strong><\/p><p>Utilizamos processos de fabrico energeticamente eficientes para produzir os nossos baldes de pl\u00e1stico, minimizando a nossa pegada de carbono e reduzindo os res\u00edduos. Ao escolher os nossos produtos, est\u00e1 a apoiar pr\u00e1ticas sustent\u00e1veis e a contribuir para um futuro mais verde. O nosso compromisso com a efici\u00eancia energ\u00e9tica estende-se a toda a nossa produ\u00e7\u00e3o e cadeia de fornecimento, garantindo que os nossos produtos s\u00e3o t\u00e3o amigos do ambiente quanto poss\u00edvel.<\/p><p><strong>4.3. Pre\u00e7os a granel rent\u00e1veis<\/strong><\/p><p>Oferecemos pre\u00e7os competitivos para encomendas de grandes volumes, tornando os nossos baldes de pl\u00e1stico uma escolha econ\u00f3mica para empresas de todas as dimens\u00f5es. Ao comprar a granel, pode tirar partido das economias de escala, reduzindo o custo global da sua embalagem. Esta acessibilidade permite-lhe otimizar o seu or\u00e7amento sem comprometer a qualidade ou a sustentabilidade.<\/p><p><strong>4.4. Conce\u00e7\u00e3o reutiliz\u00e1vel para um valor a longo prazo<\/strong><\/p><p>A constru\u00e7\u00e3o duradoura dos nossos baldes de pl\u00e1stico permite m\u00faltiplas utiliza\u00e7\u00f5es, proporcionando um valor a longo prazo tanto para as empresas como para os consumidores. Ao oferecer um produto reutiliz\u00e1vel, pode aumentar o valor percebido da sua embalagem e reduzir a necessidade de alternativas descart\u00e1veis. Esta reutiliza\u00e7\u00e3o \u00e9 um ponto de venda fundamental para os consumidores preocupados com o ambiente, que procuram cada vez mais op\u00e7\u00f5es de embalagem sustent\u00e1veis.<\/p><p><strong>4.5. Apoiar as iniciativas ecol\u00f3gicas da sua empresa<\/strong><\/p><p>Ao escolher os nossos baldes de pl\u00e1stico ecol\u00f3gicos, est\u00e1 a apoiar as iniciativas ecol\u00f3gicas da sua empresa e a demonstrar o seu compromisso com a sustentabilidade. As nossas solu\u00e7\u00f5es de embalagem alinham-se com os valores dos consumidores ambientalmente conscientes, ajudando-o a atrair uma base de clientes mais alargada. A parceria connosco permite-lhe melhorar a reputa\u00e7\u00e3o da sua marca como l\u00edder em sustentabilidade.<\/p>\t\t\t\t\t\t\t\t<\/div>\n\t\t\t\t<\/div>\n\t\t\t\t<div class=\"elementor-element elementor-element-07c4699 elementor-widget elementor-widget-heading\" data-id=\"07c4699\" data-element_type=\"widget\" data-widget_type=\"heading.default\">\n\t\t\t\t<div class=\"elementor-widget-container\">\n\t\t\t\t\t<h2 class=\"elementor-heading-title elementor-size-default\">5. Ideal para o armazenamento e transporte seguro e higi\u00e9nico de alimentos<\/h2>\t\t\t\t<\/div>\n\t\t\t\t<\/div>\n\t\t\t\t<div class=\"elementor-element elementor-element-ec7824b elementor-widget elementor-widget-text-editor\" data-id=\"ec7824b\" data-element_type=\"widget\" data-widget_type=\"text-editor.default\">\n\t\t\t\t<div class=\"elementor-widget-container\">\n\t\t\t\t\t\t\t\t\t<p>Garantir a seguran\u00e7a e a prote\u00e7\u00e3o dos produtos alimentares \u00e9 fundamental na ind\u00fastria da embalagem. Os nossos baldes de pl\u00e1stico quadrados de 8L s\u00e3o concebidos com carater\u00edsticas que protegem os seus produtos e mant\u00eam a sua qualidade.<\/p><p><strong>5.1. Veda\u00e7\u00f5es herm\u00e9ticas para evitar a contamina\u00e7\u00e3o<\/strong><\/p><p>Os nossos baldes de pl\u00e1stico possuem selos herm\u00e9ticos que impedem a entrada de contaminantes no contentor, garantindo que os produtos alimentares permanecem seguros e frescos. Isto \u00e9 particularmente importante para os produtos que s\u00e3o sens\u00edveis ao ar, \u00e0 humidade ou \u00e0 luz. O fecho seguro tamb\u00e9m evita fugas, derrames e adultera\u00e7\u00f5es, proporcionando tranquilidade tanto aos retalhistas como aos consumidores.<\/p><p><strong>5.2. Conce\u00e7\u00e3o inviol\u00e1vel para maior seguran\u00e7a<\/strong><\/p><p>Oferecemos carater\u00edsticas inviol\u00e1veis nos nossos baldes de pl\u00e1stico, proporcionando uma camada adicional de seguran\u00e7a para os seus produtos. Este design garante que qualquer acesso n\u00e3o autorizado ao contentor \u00e9 imediatamente vis\u00edvel, protegendo a integridade dos seus produtos alimentares. A embalagem inviol\u00e1vel \u00e9 uma considera\u00e7\u00e3o fundamental para as empresas da ind\u00fastria alimentar, onde a seguran\u00e7a dos produtos \u00e9 uma prioridade m\u00e1xima.<\/p><p><strong>5.3. Materiais em conformidade com a FDA e a UE<\/strong><\/p><p>Os nossos baldes de pl\u00e1stico s\u00e3o fabricados com materiais que cumprem os regulamentos da FDA e da UE relativos ao contacto com alimentos, garantindo que s\u00e3o seguros para armazenar e transportar produtos alimentares. Esta conformidade \u00e9 essencial para as empresas que operam em mercados internacionais ou que necessitam de cumprir requisitos regulamentares rigorosos. Ao escolher os nossos produtos, pode ter a certeza de que a sua embalagem cumpre os mais elevados padr\u00f5es de seguran\u00e7a e qualidade.<\/p><p><strong>5.4. Resistente \u00e0s varia\u00e7\u00f5es de temperatura<\/strong><\/p><p>Os materiais utilizados nos nossos baldes de pl\u00e1stico s\u00e3o resistentes a uma vasta gama de temperaturas, o que os torna adequados para armazenar produtos alimentares quentes e frios. Esta versatilidade \u00e9 importante para as empresas que necessitam de solu\u00e7\u00f5es de embalagem para diferentes tipos de produtos alimentares, incluindo os que requerem refrigera\u00e7\u00e3o ou tratamento t\u00e9rmico. A resist\u00eancia \u00e0 temperatura dos nossos baldes garante que permanecem est\u00e1veis e funcionais, mesmo em condi\u00e7\u00f5es dif\u00edceis.<\/p><p><strong>5.5. Design f\u00e1cil de limpar e higi\u00e9nico<\/strong><\/p><p>Os nossos baldes de pl\u00e1stico foram concebidos para uma limpeza f\u00e1cil, garantindo que permanecem higi\u00e9nicos e seguros para o armazenamento de alimentos. As superf\u00edcies lisas e o design simples facilitam a lavagem e a higieniza\u00e7\u00e3o dos contentores, reduzindo o risco de contamina\u00e7\u00e3o. Esta carater\u00edstica de f\u00e1cil limpeza \u00e9 particularmente importante para as empresas que necessitam de reutilizar os recipientes para v\u00e1rios lotes de produtos alimentares.<\/p><hr \/><h3>Conclus\u00e3o<\/h3><p>O nosso <strong>Embalagem de alimentos personalizada Balde de pl\u00e1stico quadrado 8L<\/strong> oferece uma solu\u00e7\u00e3o de embalagem excecional para empresas da ind\u00fastria alimentar. Com foco na qualidade, durabilidade, personaliza\u00e7\u00e3o e sustentabilidade, estes contentores s\u00e3o concebidos para satisfazer as diversas necessidades dos fabricantes, distribuidores e retalhistas.<\/p><p>Quer pretenda aumentar a visibilidade da sua marca, proteger a frescura dos seus produtos ou apoiar os seus objectivos de sustentabilidade, os nossos baldes de pl\u00e1stico constituem a solu\u00e7\u00e3o perfeita. Contacte-nos hoje para saber mais sobre como as nossas solu\u00e7\u00f5es de embalagem podem satisfazer as suas necessidades espec\u00edficas e ajud\u00e1-lo a atingir os seus objectivos comerciais. Seja nosso parceiro para obter embalagens ecol\u00f3gicas de alta qualidade que diferenciam os seus produtos e impulsionam o seu sucesso.<\/p>\t\t\t\t\t\t\t\t<\/div>\n\t\t\t\t<\/div>\n\t\t\t\t\t<\/div>\n\t\t\t\t<\/div>\n\t\t\t\t<section class=\"elementor-section elementor-top-section elementor-element elementor-element-2334e384 elementor-section-boxed elementor-section-height-default elementor-section-height-default\" data-id=\"2334e384\" data-element_type=\"section\" data-settings=\"{&quot;_ha_eqh_enable&quot;:false}\">\n\t\t\t\t\t\t<div class=\"elementor-container elementor-column-gap-default\">\n\t\t\t\t\t<div class=\"elementor-column elementor-col-50 elementor-top-column elementor-element elementor-element-58fce9e2\" data-id=\"58fce9e2\" data-element_type=\"column\">\n\t\t\t<div class=\"elementor-widget-wrap elementor-element-populated\">\n\t\t\t\t\t\t<div class=\"elementor-element elementor-element-651cbfba elementor-widget elementor-widget-image\" data-id=\"651cbfba\" data-element_type=\"widget\" data-widget_type=\"image.default\">\n\t\t\t\t<div class=\"elementor-widget-container\">\n\t\t\t\t\t\t\t\t\t\t\t\t\t\t\t<img fetchpriority=\"high\" decoding=\"async\" width=\"1400\" height=\"1000\" src=\"https:\/\/packagingbucket.com\/wp-content\/uploads\/2024\/08\/product-page-product.jpg\" class=\"attachment-large size-large wp-image-400\" alt=\"p\u00e1gina do produto-produto\" srcset=\"https:\/\/packagingbucket.com\/wp-content\/uploads\/2024\/08\/product-page-product.jpg 1400w, https:\/\/packagingbucket.com\/wp-content\/uploads\/2024\/08\/product-page-product-768x549.jpg 768w, https:\/\/packagingbucket.com\/wp-content\/uploads\/2024\/08\/product-page-product-18x12.jpg 18w\" sizes=\"(max-width: 1400px) 100vw, 1400px\" \/>\t\t\t\t\t\t\t\t\t\t\t\t\t\t\t<\/div>\n\t\t\t\t<\/div>\n\t\t\t\t\t<\/div>\n\t\t<\/div>\n\t\t\t\t<div class=\"elementor-column elementor-col-50 elementor-top-column elementor-element elementor-element-652b227\" data-id=\"652b227\" data-element_type=\"column\" data-settings=\"{&quot;background_background&quot;:&quot;classic&quot;}\">\n\t\t\t<div class=\"elementor-widget-wrap elementor-element-populated\">\n\t\t\t\t\t\t<div class=\"elementor-element elementor-element-344ce870 elementor-widget elementor-widget-heading\" data-id=\"344ce870\" data-element_type=\"widget\" data-widget_type=\"heading.default\">\n\t\t\t\t<div class=\"elementor-widget-container\">\n\t\t\t\t\t<h2 class=\"elementor-heading-title elementor-size-default\">Mais Baldes de embalagem<\/h2>\t\t\t\t<\/div>\n\t\t\t\t<\/div>\n\t\t\t\t<section class=\"elementor-section elementor-inner-section elementor-element elementor-element-b859674 elementor-section-boxed elementor-section-height-default elementor-section-height-default\" data-id=\"b859674\" data-element_type=\"section\" data-settings=\"{&quot;_ha_eqh_enable&quot;:false}\">\n\t\t\t\t\t\t<div class=\"elementor-container elementor-column-gap-default\">\n\t\t\t\t\t<div class=\"elementor-column elementor-col-100 elementor-inner-column elementor-element elementor-element-5ba189a\" data-id=\"5ba189a\" data-element_type=\"column\">\n\t\t\t<div class=\"elementor-widget-wrap elementor-element-populated\">\n\t\t\t\t\t\t<div class=\"elementor-element elementor-element-213e77f elementor-widget elementor-widget-text-editor\" data-id=\"213e77f\" data-element_type=\"widget\" data-widget_type=\"text-editor.default\">\n\t\t\t\t<div class=\"elementor-widget-container\">\n\t\t\t\t\t\t\t\t\t<p>Explore a nossa vasta gama de baldes para embalagens de pl\u00e1stico de alta qualidade, concebidos para v\u00e1rias ind\u00fastrias, incluindo a alimentar, a qu\u00edmica e a da constru\u00e7\u00e3o. Com op\u00e7\u00f5es personaliz\u00e1veis e normas de seguran\u00e7a certificadas, os nossos baldes garantem que os seus produtos s\u00e3o embalados de forma segura. Visite a nossa p\u00e1gina de produtos para rever todas as op\u00e7\u00f5es dispon\u00edveis e encontrar a solu\u00e7\u00e3o perfeita para as suas necessidades<\/p>\t\t\t\t\t\t\t\t<\/div>\n\t\t\t\t<\/div>\n\t\t\t\t<div class=\"elementor-element elementor-element-9f4ab7c elementor-widget elementor-widget-button\" data-id=\"9f4ab7c\" data-element_type=\"widget\" data-widget_type=\"button.default\">\n\t\t\t\t<div class=\"elementor-widget-container\">\n\t\t\t\t\t\t\t\t\t<div class=\"elementor-button-wrapper\">\n\t\t\t\t\t<a class=\"elementor-button elementor-button-link elementor-size-sm\" href=\"https:\/\/packagingbucket.com\/pt\/category\/packaging-buckets\/\">\n\t\t\t\t\t\t<span class=\"elementor-button-content-wrapper\">\n\t\t\t\t\t\t\t\t\t<span class=\"elementor-button-text\">Encontrar mais baldes de embalagem<\/span>\n\t\t\t\t\t<\/span>\n\t\t\t\t\t<\/a>\n\t\t\t\t<\/div>\n\t\t\t\t\t\t\t\t<\/div>\n\t\t\t\t<\/div>\n\t\t\t\t\t<\/div>\n\t\t<\/div>\n\t\t\t\t\t<\/div>\n\t\t<\/section>\n\t\t\t\t\t<\/div>\n\t\t<\/div>\n\t\t\t\t\t<\/div>\n\t\t<\/section>\n\t\t\t\t<section class=\"elementor-section elementor-top-section elementor-element elementor-element-19f10cb elementor-section-boxed elementor-section-height-default elementor-section-height-default\" data-id=\"19f10cb\" data-element_type=\"section\" data-settings=\"{&quot;_ha_eqh_enable&quot;:false}\">\n\t\t\t\t\t\t<div class=\"elementor-container elementor-column-gap-default\">\n\t\t\t\t\t<div class=\"elementor-column elementor-col-50 elementor-top-column elementor-element elementor-element-6f3d799\" data-id=\"6f3d799\" data-element_type=\"column\" data-settings=\"{&quot;background_background&quot;:&quot;classic&quot;}\">\n\t\t\t<div class=\"elementor-widget-wrap elementor-element-populated\">\n\t\t\t\t\t\t<div class=\"elementor-element elementor-element-e250ebf elementor-widget elementor-widget-heading\" data-id=\"e250ebf\" data-element_type=\"widget\" data-widget_type=\"heading.default\">\n\t\t\t\t<div class=\"elementor-widget-container\">\n\t\t\t\t\t<h2 class=\"elementor-heading-title elementor-size-default\">Acerca dos baldes para embalagens<\/h2>\t\t\t\t<\/div>\n\t\t\t\t<\/div>\n\t\t\t\t<section class=\"elementor-section elementor-inner-section elementor-element elementor-element-b4c36a7 elementor-section-boxed elementor-section-height-default elementor-section-height-default\" data-id=\"b4c36a7\" data-element_type=\"section\" data-settings=\"{&quot;_ha_eqh_enable&quot;:false}\">\n\t\t\t\t\t\t<div class=\"elementor-container elementor-column-gap-default\">\n\t\t\t\t\t<div class=\"elementor-column elementor-col-100 elementor-inner-column elementor-element elementor-element-28bfd2f\" data-id=\"28bfd2f\" data-element_type=\"column\">\n\t\t\t<div class=\"elementor-widget-wrap elementor-element-populated\">\n\t\t\t\t\t\t<div class=\"elementor-element elementor-element-c54564b elementor-widget elementor-widget-text-editor\" data-id=\"c54564b\" data-element_type=\"widget\" data-widget_type=\"text-editor.default\">\n\t\t\t\t<div class=\"elementor-widget-container\">\n\t\t\t\t\t\t\t\t\t<p>Com mais de 20 anos de experi\u00eancia, somos um fabricante l\u00edder de baldes para embalagens de pl\u00e1stico, oferecendo solu\u00e7\u00f5es personalizadas e de alta qualidade para v\u00e1rios sectores. O nosso compromisso com a qualidade, a inova\u00e7\u00e3o e a satisfa\u00e7\u00e3o do cliente distingue-nos. Explore a nossa extensa gama de produtos e descubra porque \u00e9 que somos uma escolha de topo para empresas em todo o mundo<\/p>\t\t\t\t\t\t\t\t<\/div>\n\t\t\t\t<\/div>\n\t\t\t\t<div class=\"elementor-element elementor-element-aba6a68 elementor-widget elementor-widget-button\" data-id=\"aba6a68\" data-element_type=\"widget\" data-widget_type=\"button.default\">\n\t\t\t\t<div class=\"elementor-widget-container\">\n\t\t\t\t\t\t\t\t\t<div class=\"elementor-button-wrapper\">\n\t\t\t\t\t<a class=\"elementor-button elementor-button-link elementor-size-sm\" href=\"https:\/\/packagingbucket.com\/pt\/about\/\">\n\t\t\t\t\t\t<span class=\"elementor-button-content-wrapper\">\n\t\t\t\t\t\t\t\t\t<span class=\"elementor-button-text\">Ler mais<\/span>\n\t\t\t\t\t<\/span>\n\t\t\t\t\t<\/a>\n\t\t\t\t<\/div>\n\t\t\t\t\t\t\t\t<\/div>\n\t\t\t\t<\/div>\n\t\t\t\t\t<\/div>\n\t\t<\/div>\n\t\t\t\t\t<\/div>\n\t\t<\/section>\n\t\t\t\t\t<\/div>\n\t\t<\/div>\n\t\t\t\t<div class=\"elementor-column elementor-col-50 elementor-top-column elementor-element elementor-element-d60fad3\" data-id=\"d60fad3\" data-element_type=\"column\">\n\t\t\t<div class=\"elementor-widget-wrap elementor-element-populated\">\n\t\t\t\t\t\t<div class=\"elementor-element elementor-element-73230d7 elementor-widget elementor-widget-image\" data-id=\"73230d7\" data-element_type=\"widget\" data-widget_type=\"image.default\">\n\t\t\t\t<div class=\"elementor-widget-container\">\n\t\t\t\t\t\t\t\t\t\t\t\t\t\t\t<img decoding=\"async\" width=\"1400\" height=\"1000\" src=\"https:\/\/packagingbucket.com\/wp-content\/uploads\/2024\/08\/page-about.jpg\" class=\"attachment-large size-large wp-image-414\" alt=\"sobre n\u00f3s\" srcset=\"https:\/\/packagingbucket.com\/wp-content\/uploads\/2024\/08\/page-about.jpg 1400w, https:\/\/packagingbucket.com\/wp-content\/uploads\/2024\/08\/page-about-768x549.jpg 768w, https:\/\/packagingbucket.com\/wp-content\/uploads\/2024\/08\/page-about-18x12.jpg 18w\" sizes=\"(max-width: 1400px) 100vw, 1400px\" \/>\t\t\t\t\t\t\t\t\t\t\t\t\t\t\t<\/div>\n\t\t\t\t<\/div>\n\t\t\t\t\t<\/div>\n\t\t<\/div>\n\t\t\t\t\t<\/div>\n\t\t<\/section>\n\t\t\t\t<section class=\"elementor-section elementor-top-section elementor-element elementor-element-506d9f5 elementor-section-boxed elementor-section-height-default elementor-section-height-default\" data-id=\"506d9f5\" data-element_type=\"section\" data-settings=\"{&quot;_ha_eqh_enable&quot;:false}\">\n\t\t\t\t\t\t<div class=\"elementor-container elementor-column-gap-default\">\n\t\t\t\t\t<div class=\"elementor-column elementor-col-50 elementor-top-column elementor-element elementor-element-3a8c853\" data-id=\"3a8c853\" data-element_type=\"column\">\n\t\t\t<div class=\"elementor-widget-wrap elementor-element-populated\">\n\t\t\t\t\t\t<div class=\"elementor-element elementor-element-26641c9 elementor-widget elementor-widget-image\" data-id=\"26641c9\" data-element_type=\"widget\" data-widget_type=\"image.default\">\n\t\t\t\t<div class=\"elementor-widget-container\">\n\t\t\t\t\t\t\t\t\t\t\t\t\t\t\t<img decoding=\"async\" width=\"1400\" height=\"1000\" src=\"https:\/\/packagingbucket.com\/wp-content\/uploads\/2024\/08\/page-about-1.jpg\" class=\"attachment-large size-large wp-image-415\" alt=\"p\u00e1gina sobre\" srcset=\"https:\/\/packagingbucket.com\/wp-content\/uploads\/2024\/08\/page-about-1.jpg 1400w, https:\/\/packagingbucket.com\/wp-content\/uploads\/2024\/08\/page-about-1-768x549.jpg 768w, https:\/\/packagingbucket.com\/wp-content\/uploads\/2024\/08\/page-about-1-18x12.jpg 18w\" sizes=\"(max-width: 1400px) 100vw, 1400px\" \/>\t\t\t\t\t\t\t\t\t\t\t\t\t\t\t<\/div>\n\t\t\t\t<\/div>\n\t\t\t\t\t<\/div>\n\t\t<\/div>\n\t\t\t\t<div class=\"elementor-column elementor-col-50 elementor-top-column elementor-element elementor-element-abeb936\" data-id=\"abeb936\" data-element_type=\"column\" data-settings=\"{&quot;background_background&quot;:&quot;classic&quot;}\">\n\t\t\t<div class=\"elementor-widget-wrap elementor-element-populated\">\n\t\t\t\t\t\t<div class=\"elementor-element elementor-element-ea328ac elementor-widget elementor-widget-heading\" data-id=\"ea328ac\" data-element_type=\"widget\" data-widget_type=\"heading.default\">\n\t\t\t\t<div class=\"elementor-widget-container\">\n\t\t\t\t\t<h2 class=\"elementor-heading-title elementor-size-default\">Contacto Baldes de embalagem<\/h2>\t\t\t\t<\/div>\n\t\t\t\t<\/div>\n\t\t\t\t<section class=\"elementor-section elementor-inner-section elementor-element elementor-element-0aa3329 elementor-section-boxed elementor-section-height-default elementor-section-height-default\" data-id=\"0aa3329\" data-element_type=\"section\" data-settings=\"{&quot;_ha_eqh_enable&quot;:false}\">\n\t\t\t\t\t\t<div class=\"elementor-container elementor-column-gap-default\">\n\t\t\t\t\t<div class=\"elementor-column elementor-col-100 elementor-inner-column elementor-element elementor-element-a22d228\" data-id=\"a22d228\" data-element_type=\"column\">\n\t\t\t<div class=\"elementor-widget-wrap elementor-element-populated\">\n\t\t\t\t\t\t<div class=\"elementor-element elementor-element-81cc9e5 elementor-widget elementor-widget-text-editor\" data-id=\"81cc9e5\" data-element_type=\"widget\" data-widget_type=\"text-editor.default\">\n\t\t\t\t<div class=\"elementor-widget-container\">\n\t\t\t\t\t\t\t\t\t<p>Para quaisquer quest\u00f5es ou para efetuar uma encomenda, contacte-nos. A nossa equipa est\u00e1 pronta para o ajudar com as suas necessidades de embalagem. Quer necessite de mais informa\u00e7\u00f5es ou de uma solu\u00e7\u00e3o personalizada, contacte-nos hoje mesmo e garantiremos uma resposta r\u00e1pida e \u00fatil<\/p>\t\t\t\t\t\t\t\t<\/div>\n\t\t\t\t<\/div>\n\t\t\t\t<div class=\"elementor-element elementor-element-f250cfa elementor-widget elementor-widget-button\" data-id=\"f250cfa\" data-element_type=\"widget\" data-widget_type=\"button.default\">\n\t\t\t\t<div class=\"elementor-widget-container\">\n\t\t\t\t\t\t\t\t\t<div class=\"elementor-button-wrapper\">\n\t\t\t\t\t<a class=\"elementor-button elementor-button-link elementor-size-sm\" href=\"https:\/\/packagingbucket.com\/pt\/contact\/\">\n\t\t\t\t\t\t<span class=\"elementor-button-content-wrapper\">\n\t\t\t\t\t\t\t\t\t<span class=\"elementor-button-text\">Ler mais<\/span>\n\t\t\t\t\t<\/span>\n\t\t\t\t\t<\/a>\n\t\t\t\t<\/div>\n\t\t\t\t\t\t\t\t<\/div>\n\t\t\t\t<\/div>\n\t\t\t\t\t<\/div>\n\t\t<\/div>\n\t\t\t\t\t<\/div>\n\t\t<\/section>\n\t\t\t\t\t<\/div>\n\t\t<\/div>\n\t\t\t\t\t<\/div>\n\t\t<\/section>\n\t\t\t\t<section class=\"elementor-section elementor-top-section elementor-element elementor-element-7afd70cf elementor-section-boxed elementor-section-height-default elementor-section-height-default\" data-id=\"7afd70cf\" data-element_type=\"section\" data-settings=\"{&quot;_ha_eqh_enable&quot;:false}\">\n\t\t\t\t\t\t<div class=\"elementor-container elementor-column-gap-default\">\n\t\t\t\t\t<div class=\"elementor-column elementor-col-100 elementor-top-column elementor-element elementor-element-303f5618\" data-id=\"303f5618\" data-element_type=\"column\">\n\t\t\t<div class=\"elementor-widget-wrap elementor-element-populated\">\n\t\t\t\t\t\t<section class=\"elementor-section elementor-inner-section elementor-element elementor-element-53709f24 elementor-section-boxed elementor-section-height-default elementor-section-height-default\" data-id=\"53709f24\" data-element_type=\"section\" data-settings=\"{&quot;_ha_eqh_enable&quot;:false}\">\n\t\t\t\t\t\t<div class=\"elementor-container elementor-column-gap-default\">\n\t\t\t\t\t<div class=\"elementor-column elementor-col-33 elementor-inner-column elementor-element elementor-element-6944659b\" data-id=\"6944659b\" data-element_type=\"column\">\n\t\t\t<div class=\"elementor-widget-wrap\">\n\t\t\t\t\t\t\t<\/div>\n\t\t<\/div>\n\t\t\t\t<div class=\"elementor-column elementor-col-33 elementor-inner-column elementor-element elementor-element-7226f58b\" data-id=\"7226f58b\" data-element_type=\"column\">\n\t\t\t<div class=\"elementor-widget-wrap elementor-element-populated\">\n\t\t\t\t\t\t<div class=\"elementor-element elementor-element-45745e3f elementor-widget elementor-widget-heading\" data-id=\"45745e3f\" data-element_type=\"widget\" data-widget_type=\"heading.default\">\n\t\t\t\t<div class=\"elementor-widget-container\">\n\t\t\t\t\t<h2 class=\"elementor-heading-title elementor-size-default\">Perguntas frequentes<\/h2>\t\t\t\t<\/div>\n\t\t\t\t<\/div>\n\t\t\t\t<div class=\"elementor-element elementor-element-f676124 elementor-widget elementor-widget-text-editor\" data-id=\"f676124\" data-element_type=\"widget\" data-widget_type=\"text-editor.default\">\n\t\t\t\t<div class=\"elementor-widget-container\">\n\t\t\t\t\t\t\t\t\t<p>Perguntas frequentes sobre o fabrico de baldes para embalagens<\/p>\t\t\t\t\t\t\t\t<\/div>\n\t\t\t\t<\/div>\n\t\t\t\t\t<\/div>\n\t\t<\/div>\n\t\t\t\t<div class=\"elementor-column elementor-col-33 elementor-inner-column elementor-element elementor-element-6177245\" data-id=\"6177245\" data-element_type=\"column\">\n\t\t\t<div class=\"elementor-widget-wrap\">\n\t\t\t\t\t\t\t<\/div>\n\t\t<\/div>\n\t\t\t\t\t<\/div>\n\t\t<\/section>\n\t\t\t\t<section class=\"elementor-section elementor-inner-section elementor-element elementor-element-24fb0746 elementor-section-boxed elementor-section-height-default elementor-section-height-default\" data-id=\"24fb0746\" data-element_type=\"section\" data-settings=\"{&quot;_ha_eqh_enable&quot;:false}\">\n\t\t\t\t\t\t<div class=\"elementor-container elementor-column-gap-wide\">\n\t\t\t\t\t<div class=\"elementor-column elementor-col-50 elementor-inner-column elementor-element elementor-element-15d29bf4\" data-id=\"15d29bf4\" data-element_type=\"column\">\n\t\t\t<div class=\"elementor-widget-wrap elementor-element-populated\">\n\t\t\t\t\t\t<div class=\"elementor-element elementor-element-2aa200b3 elementor-widget elementor-widget-accordion\" data-id=\"2aa200b3\" data-element_type=\"widget\" data-widget_type=\"accordion.default\">\n\t\t\t\t<div class=\"elementor-widget-container\">\n\t\t\t\t\t\t\t<div class=\"elementor-accordion\">\n\t\t\t\t\t\t\t<div class=\"elementor-accordion-item\">\n\t\t\t\t\t<h2 id=\"elementor-tab-title-7151\" class=\"elementor-tab-title\" data-tab=\"1\" role=\"button\" aria-controls=\"elementor-tab-content-7151\" aria-expanded=\"false\">\n\t\t\t\t\t\t\t\t\t\t\t\t\t<span class=\"elementor-accordion-icon elementor-accordion-icon-left\" aria-hidden=\"true\">\n\t\t\t\t\t\t\t\t\t\t\t\t\t\t\t<span class=\"elementor-accordion-icon-closed\"><svg class=\"e-font-icon-svg e-fas-angle-right\" viewbox=\"0 0 256 512\" xmlns=\"http:\/\/www.w3.org\/2000\/svg\"><path d=\"M224.3 273l-136 136c-9.4 9.4-24.6 9.4-33.9 0l-22.6-22.6c-9.4-9.4-9.4-24.6 0-33.9l96.4-96.4-96.4-96.4c-9.4-9.4-9.4-24.6 0-33.9L54.3 103c9.4-9.4 24.6-9.4 33.9 0l136 136c9.5 9.4 9.5 24.6.1 34z\"><\/path><\/svg><\/span>\n\t\t\t\t\t\t\t\t<span class=\"elementor-accordion-icon-opened\"><svg class=\"e-font-icon-svg e-fas-angle-down\" viewbox=\"0 0 320 512\" xmlns=\"http:\/\/www.w3.org\/2000\/svg\"><path d=\"M143 352.3L7 216.3c-9.4-9.4-9.4-24.6 0-33.9l22.6-22.6c9.4-9.4 24.6-9.4 33.9 0l96.4 96.4 96.4-96.4c9.4-9.4 24.6-9.4 33.9 0l22.6 22.6c9.4 9.4 9.4 24.6 0 33.9l-136 136c-9.2 9.4-24.4 9.4-33.8 0z\"><\/path><\/svg><\/span>\n\t\t\t\t\t\t\t\t\t\t\t\t\t\t<\/span>\n\t\t\t\t\t\t\t\t\t\t\t\t<a class=\"elementor-accordion-title\" tabindex=\"0\">Que tipos de pl\u00e1stico s\u00e3o utilizados nos vossos baldes?<\/a>\n\t\t\t\t\t<\/h2>\n\t\t\t\t\t<div id=\"elementor-tab-content-7151\" class=\"elementor-tab-content elementor-clearfix\" data-tab=\"1\" role=\"region\" aria-labelledby=\"elementor-tab-title-7151\"><p>Os nossos baldes de pl\u00e1stico s\u00e3o normalmente fabricados com materiais de alta qualidade, como o polietileno (PE) e o polipropileno (PP). Estes materiais s\u00e3o selecionados pela sua durabilidade, resist\u00eancia a produtos qu\u00edmicos e capacidade de manter a integridade em v\u00e1rias condi\u00e7\u00f5es<\/p><\/div>\n\t\t\t\t<\/div>\n\t\t\t\t\t\t\t<div class=\"elementor-accordion-item\">\n\t\t\t\t\t<h2 id=\"elementor-tab-title-7152\" class=\"elementor-tab-title\" data-tab=\"2\" role=\"button\" aria-controls=\"elementor-tab-content-7152\" aria-expanded=\"false\">\n\t\t\t\t\t\t\t\t\t\t\t\t\t<span class=\"elementor-accordion-icon elementor-accordion-icon-left\" aria-hidden=\"true\">\n\t\t\t\t\t\t\t\t\t\t\t\t\t\t\t<span class=\"elementor-accordion-icon-closed\"><svg class=\"e-font-icon-svg e-fas-angle-right\" viewbox=\"0 0 256 512\" xmlns=\"http:\/\/www.w3.org\/2000\/svg\"><path d=\"M224.3 273l-136 136c-9.4 9.4-24.6 9.4-33.9 0l-22.6-22.6c-9.4-9.4-9.4-24.6 0-33.9l96.4-96.4-96.4-96.4c-9.4-9.4-9.4-24.6 0-33.9L54.3 103c9.4-9.4 24.6-9.4 33.9 0l136 136c9.5 9.4 9.5 24.6.1 34z\"><\/path><\/svg><\/span>\n\t\t\t\t\t\t\t\t<span class=\"elementor-accordion-icon-opened\"><svg class=\"e-font-icon-svg e-fas-angle-down\" viewbox=\"0 0 320 512\" xmlns=\"http:\/\/www.w3.org\/2000\/svg\"><path d=\"M143 352.3L7 216.3c-9.4-9.4-9.4-24.6 0-33.9l22.6-22.6c9.4-9.4 24.6-9.4 33.9 0l96.4 96.4 96.4-96.4c9.4-9.4 24.6-9.4 33.9 0l22.6 22.6c9.4 9.4 9.4 24.6 0 33.9l-136 136c-9.2 9.4-24.4 9.4-33.8 0z\"><\/path><\/svg><\/span>\n\t\t\t\t\t\t\t\t\t\t\t\t\t\t<\/span>\n\t\t\t\t\t\t\t\t\t\t\t\t<a class=\"elementor-accordion-title\" tabindex=\"0\">Posso personalizar o tamanho e o design dos baldes?<\/a>\n\t\t\t\t\t<\/h2>\n\t\t\t\t\t<div id=\"elementor-tab-content-7152\" class=\"elementor-tab-content elementor-clearfix\" data-tab=\"2\" role=\"region\" aria-labelledby=\"elementor-tab-title-7152\"><p>Sim, oferecemos uma gama de op\u00e7\u00f5es de personaliza\u00e7\u00e3o. Pode especificar dimens\u00f5es, cores e carater\u00edsticas de design, tais como pegas ou tampas. Contacte a nossa equipa de vendas com os seus requisitos e trabalharemos consigo para criar uma solu\u00e7\u00e3o que satisfa\u00e7a as suas necessidades<\/p><\/div>\n\t\t\t\t<\/div>\n\t\t\t\t\t\t\t<div class=\"elementor-accordion-item\">\n\t\t\t\t\t<h2 id=\"elementor-tab-title-7153\" class=\"elementor-tab-title\" data-tab=\"3\" role=\"button\" aria-controls=\"elementor-tab-content-7153\" aria-expanded=\"false\">\n\t\t\t\t\t\t\t\t\t\t\t\t\t<span class=\"elementor-accordion-icon elementor-accordion-icon-left\" aria-hidden=\"true\">\n\t\t\t\t\t\t\t\t\t\t\t\t\t\t\t<span class=\"elementor-accordion-icon-closed\"><svg class=\"e-font-icon-svg e-fas-angle-right\" viewbox=\"0 0 256 512\" xmlns=\"http:\/\/www.w3.org\/2000\/svg\"><path d=\"M224.3 273l-136 136c-9.4 9.4-24.6 9.4-33.9 0l-22.6-22.6c-9.4-9.4-9.4-24.6 0-33.9l96.4-96.4-96.4-96.4c-9.4-9.4-9.4-24.6 0-33.9L54.3 103c9.4-9.4 24.6-9.4 33.9 0l136 136c9.5 9.4 9.5 24.6.1 34z\"><\/path><\/svg><\/span>\n\t\t\t\t\t\t\t\t<span class=\"elementor-accordion-icon-opened\"><svg class=\"e-font-icon-svg e-fas-angle-down\" viewbox=\"0 0 320 512\" xmlns=\"http:\/\/www.w3.org\/2000\/svg\"><path d=\"M143 352.3L7 216.3c-9.4-9.4-9.4-24.6 0-33.9l22.6-22.6c9.4-9.4 24.6-9.4 33.9 0l96.4 96.4 96.4-96.4c9.4-9.4 24.6-9.4 33.9 0l22.6 22.6c9.4 9.4 9.4 24.6 0 33.9l-136 136c-9.2 9.4-24.4 9.4-33.8 0z\"><\/path><\/svg><\/span>\n\t\t\t\t\t\t\t\t\t\t\t\t\t\t<\/span>\n\t\t\t\t\t\t\t\t\t\t\t\t<a class=\"elementor-accordion-title\" tabindex=\"0\">Os seus baldes s\u00e3o seguros para alimentos?<\/a>\n\t\t\t\t\t<\/h2>\n\t\t\t\t\t<div id=\"elementor-tab-content-7153\" class=\"elementor-tab-content elementor-clearfix\" data-tab=\"3\" role=\"region\" aria-labelledby=\"elementor-tab-title-7153\"><p>Sim, fornecemos baldes de qualidade alimentar que cumprem as normas e regulamentos de seguran\u00e7a relevantes. Se precisar de baldes para armazenamento ou processamento de alimentos, certifique-se de que especifica este requisito para que possamos fornecer a certifica\u00e7\u00e3o e os materiais adequados<\/p><\/div>\n\t\t\t\t<\/div>\n\t\t\t\t\t\t\t\t<\/div>\n\t\t\t\t\t\t<\/div>\n\t\t\t\t<\/div>\n\t\t\t\t\t<\/div>\n\t\t<\/div>\n\t\t\t\t<div class=\"elementor-column elementor-col-50 elementor-inner-column elementor-element elementor-element-e2a54cc\" data-id=\"e2a54cc\" data-element_type=\"column\">\n\t\t\t<div class=\"elementor-widget-wrap elementor-element-populated\">\n\t\t\t\t\t\t<div class=\"elementor-element elementor-element-4968f91a elementor-widget elementor-widget-accordion\" data-id=\"4968f91a\" data-element_type=\"widget\" data-widget_type=\"accordion.default\">\n\t\t\t\t<div class=\"elementor-widget-container\">\n\t\t\t\t\t\t\t<div class=\"elementor-accordion\">\n\t\t\t\t\t\t\t<div class=\"elementor-accordion-item\">\n\t\t\t\t\t<h2 id=\"elementor-tab-title-1231\" class=\"elementor-tab-title\" data-tab=\"1\" role=\"button\" aria-controls=\"elementor-tab-content-1231\" aria-expanded=\"false\">\n\t\t\t\t\t\t\t\t\t\t\t\t\t<span class=\"elementor-accordion-icon elementor-accordion-icon-left\" aria-hidden=\"true\">\n\t\t\t\t\t\t\t\t\t\t\t\t\t\t\t<span class=\"elementor-accordion-icon-closed\"><svg class=\"e-font-icon-svg e-fas-angle-right\" viewbox=\"0 0 256 512\" xmlns=\"http:\/\/www.w3.org\/2000\/svg\"><path d=\"M224.3 273l-136 136c-9.4 9.4-24.6 9.4-33.9 0l-22.6-22.6c-9.4-9.4-9.4-24.6 0-33.9l96.4-96.4-96.4-96.4c-9.4-9.4-9.4-24.6 0-33.9L54.3 103c9.4-9.4 24.6-9.4 33.9 0l136 136c9.5 9.4 9.5 24.6.1 34z\"><\/path><\/svg><\/span>\n\t\t\t\t\t\t\t\t<span class=\"elementor-accordion-icon-opened\"><svg class=\"e-font-icon-svg e-fas-angle-down\" viewbox=\"0 0 320 512\" xmlns=\"http:\/\/www.w3.org\/2000\/svg\"><path d=\"M143 352.3L7 216.3c-9.4-9.4-9.4-24.6 0-33.9l22.6-22.6c9.4-9.4 24.6-9.4 33.9 0l96.4 96.4 96.4-96.4c9.4-9.4 24.6-9.4 33.9 0l22.6 22.6c9.4 9.4 9.4 24.6 0 33.9l-136 136c-9.2 9.4-24.4 9.4-33.8 0z\"><\/path><\/svg><\/span>\n\t\t\t\t\t\t\t\t\t\t\t\t\t\t<\/span>\n\t\t\t\t\t\t\t\t\t\t\t\t<a class=\"elementor-accordion-title\" tabindex=\"0\">Quais s\u00e3o as quantidades m\u00ednimas de encomenda para baldes personalizados?<\/a>\n\t\t\t\t\t<\/h2>\n\t\t\t\t\t<div id=\"elementor-tab-content-1231\" class=\"elementor-tab-content elementor-clearfix\" data-tab=\"1\" role=\"region\" aria-labelledby=\"elementor-tab-title-1231\"><p>As quantidades m\u00ednimas de encomenda variam consoante o tipo de personaliza\u00e7\u00e3o e o tamanho do balde. Geralmente, as encomendas maiores beneficiam de melhores pre\u00e7os. Contacte-nos para discutir as suas necessidades espec\u00edficas e receber um or\u00e7amento com base no tamanho da sua encomenda.<\/p><\/div>\n\t\t\t\t<\/div>\n\t\t\t\t\t\t\t<div class=\"elementor-accordion-item\">\n\t\t\t\t\t<h2 id=\"elementor-tab-title-1232\" class=\"elementor-tab-title\" data-tab=\"2\" role=\"button\" aria-controls=\"elementor-tab-content-1232\" aria-expanded=\"false\">\n\t\t\t\t\t\t\t\t\t\t\t\t\t<span class=\"elementor-accordion-icon elementor-accordion-icon-left\" aria-hidden=\"true\">\n\t\t\t\t\t\t\t\t\t\t\t\t\t\t\t<span class=\"elementor-accordion-icon-closed\"><svg class=\"e-font-icon-svg e-fas-angle-right\" viewbox=\"0 0 256 512\" xmlns=\"http:\/\/www.w3.org\/2000\/svg\"><path d=\"M224.3 273l-136 136c-9.4 9.4-24.6 9.4-33.9 0l-22.6-22.6c-9.4-9.4-9.4-24.6 0-33.9l96.4-96.4-96.4-96.4c-9.4-9.4-9.4-24.6 0-33.9L54.3 103c9.4-9.4 24.6-9.4 33.9 0l136 136c9.5 9.4 9.5 24.6.1 34z\"><\/path><\/svg><\/span>\n\t\t\t\t\t\t\t\t<span class=\"elementor-accordion-icon-opened\"><svg class=\"e-font-icon-svg e-fas-angle-down\" viewbox=\"0 0 320 512\" xmlns=\"http:\/\/www.w3.org\/2000\/svg\"><path d=\"M143 352.3L7 216.3c-9.4-9.4-9.4-24.6 0-33.9l22.6-22.6c9.4-9.4 24.6-9.4 33.9 0l96.4 96.4 96.4-96.4c9.4-9.4 24.6-9.4 33.9 0l22.6 22.6c9.4 9.4 9.4 24.6 0 33.9l-136 136c-9.2 9.4-24.4 9.4-33.8 0z\"><\/path><\/svg><\/span>\n\t\t\t\t\t\t\t\t\t\t\t\t\t\t<\/span>\n\t\t\t\t\t\t\t\t\t\t\t\t<a class=\"elementor-accordion-title\" tabindex=\"0\">Os vossos baldes s\u00e3o fornecidos com tampas e outros acess\u00f3rios?<\/a>\n\t\t\t\t\t<\/h2>\n\t\t\t\t\t<div id=\"elementor-tab-content-1232\" class=\"elementor-tab-content elementor-clearfix\" data-tab=\"2\" role=\"region\" aria-labelledby=\"elementor-tab-title-1232\"><p>Sim, oferecemos baldes com v\u00e1rias op\u00e7\u00f5es de acess\u00f3rios, incluindo tampas herm\u00e9ticas, tampas de encaixe e bicos. Por favor, especifique o tipo de acess\u00f3rios de que necessita quando efetuar a sua encomenda.<\/p><\/div>\n\t\t\t\t<\/div>\n\t\t\t\t\t\t\t<div class=\"elementor-accordion-item\">\n\t\t\t\t\t<h2 id=\"elementor-tab-title-1233\" class=\"elementor-tab-title\" data-tab=\"3\" role=\"button\" aria-controls=\"elementor-tab-content-1233\" aria-expanded=\"false\">\n\t\t\t\t\t\t\t\t\t\t\t\t\t<span class=\"elementor-accordion-icon elementor-accordion-icon-left\" aria-hidden=\"true\">\n\t\t\t\t\t\t\t\t\t\t\t\t\t\t\t<span class=\"elementor-accordion-icon-closed\"><svg class=\"e-font-icon-svg e-fas-angle-right\" viewbox=\"0 0 256 512\" xmlns=\"http:\/\/www.w3.org\/2000\/svg\"><path d=\"M224.3 273l-136 136c-9.4 9.4-24.6 9.4-33.9 0l-22.6-22.6c-9.4-9.4-9.4-24.6 0-33.9l96.4-96.4-96.4-96.4c-9.4-9.4-9.4-24.6 0-33.9L54.3 103c9.4-9.4 24.6-9.4 33.9 0l136 136c9.5 9.4 9.5 24.6.1 34z\"><\/path><\/svg><\/span>\n\t\t\t\t\t\t\t\t<span class=\"elementor-accordion-icon-opened\"><svg class=\"e-font-icon-svg e-fas-angle-down\" viewbox=\"0 0 320 512\" xmlns=\"http:\/\/www.w3.org\/2000\/svg\"><path d=\"M143 352.3L7 216.3c-9.4-9.4-9.4-24.6 0-33.9l22.6-22.6c9.4-9.4 24.6-9.4 33.9 0l96.4 96.4 96.4-96.4c9.4-9.4 24.6-9.4 33.9 0l22.6 22.6c9.4 9.4 9.4 24.6 0 33.9l-136 136c-9.2 9.4-24.4 9.4-33.8 0z\"><\/path><\/svg><\/span>\n\t\t\t\t\t\t\t\t\t\t\t\t\t\t<\/span>\n\t\t\t\t\t\t\t\t\t\t\t\t<a class=\"elementor-accordion-title\" tabindex=\"0\">Qual \u00e9 o prazo de entrega t\u00edpico das encomendas?<\/a>\n\t\t\t\t\t<\/h2>\n\t\t\t\t\t<div id=\"elementor-tab-content-1233\" class=\"elementor-tab-content elementor-clearfix\" data-tab=\"3\" role=\"region\" aria-labelledby=\"elementor-tab-title-1233\"><p>Os prazos de entrega dependem da complexidade da sua encomenda e dos calend\u00e1rios de produ\u00e7\u00e3o actuais. As encomendas padr\u00e3o s\u00e3o normalmente enviadas no prazo de 4 semanas, enquanto as encomendas personalizadas podem demorar mais tempo. Forneceremos uma data de entrega estimada quando efetuar a sua encomenda<\/p><\/div>\n\t\t\t\t<\/div>\n\t\t\t\t\t\t\t\t<\/div>\n\t\t\t\t\t\t<\/div>\n\t\t\t\t<\/div>\n\t\t\t\t\t<\/div>\n\t\t<\/div>\n\t\t\t\t\t<\/div>\n\t\t<\/section>\n\t\t\t\t\t<\/div>\n\t\t<\/div>\n\t\t\t\t\t<\/div>\n\t\t<\/section>\n\t\t\t\t<section class=\"elementor-section elementor-top-section elementor-element elementor-element-fa85247 elementor-section-boxed elementor-section-height-default elementor-section-height-default\" data-id=\"fa85247\" data-element_type=\"section\" data-settings=\"{&quot;_ha_eqh_enable&quot;:false}\">\n\t\t\t\t\t\t<div class=\"elementor-container elementor-column-gap-default\">\n\t\t\t\t\t<div class=\"elementor-column elementor-col-100 elementor-top-column elementor-element elementor-element-ab029c7\" data-id=\"ab029c7\" data-element_type=\"column\">\n\t\t\t<div class=\"elementor-widget-wrap elementor-element-populated\">\n\t\t\t\t\t\t<div class=\"elementor-element elementor-element-b0d10a0 elementor-widget elementor-widget-heading\" data-id=\"b0d10a0\" data-element_type=\"widget\" data-widget_type=\"heading.default\">\n\t\t\t\t<div class=\"elementor-widget-container\">\n\t\t\t\t\t<h2 class=\"elementor-heading-title elementor-size-default\">Produtos relacionados<\/h2>\t\t\t\t<\/div>\n\t\t\t\t<\/div>\n\t\t\t\t<div class=\"elementor-element elementor-element-89d50f2 elementor-widget elementor-widget-text-editor\" data-id=\"89d50f2\" data-element_type=\"widget\" data-widget_type=\"text-editor.default\">\n\t\t\t\t<div class=\"elementor-widget-container\">\n\t\t\t\t\t\t\t\t\t<p>Perguntas frequentes sobre o fabrico de caixas de madeira<\/p>\t\t\t\t\t\t\t\t<\/div>\n\t\t\t\t<\/div>\n\t\t\t\t\t<\/div>\n\t\t<\/div>\n\t\t\t\t\t<\/div>\n\t\t<\/section>\n\t\t<div class=\"elementor-element elementor-element-09c5fc7 e-flex e-con-boxed e-con e-parent\" data-id=\"09c5fc7\" data-element_type=\"container\" data-settings=\"{&quot;_ha_eqh_enable&quot;:false}\">\n\t\t\t\t\t<div class=\"e-con-inner\">\n\t\t\t\t<div class=\"elementor-element elementor-element-8baed4b elementor-grid-3 elementor-grid-tablet-2 elementor-grid-mobile-1 elementor-posts--thumbnail-top elementor-widget elementor-widget-posts\" data-id=\"8baed4b\" data-element_type=\"widget\" data-settings=\"{&quot;classic_columns&quot;:&quot;3&quot;,&quot;classic_columns_tablet&quot;:&quot;2&quot;,&quot;classic_columns_mobile&quot;:&quot;1&quot;,&quot;classic_row_gap&quot;:{&quot;unit&quot;:&quot;px&quot;,&quot;size&quot;:35,&quot;sizes&quot;:[]},&quot;classic_row_gap_tablet&quot;:{&quot;unit&quot;:&quot;px&quot;,&quot;size&quot;:&quot;&quot;,&quot;sizes&quot;:[]},&quot;classic_row_gap_mobile&quot;:{&quot;unit&quot;:&quot;px&quot;,&quot;size&quot;:&quot;&quot;,&quot;sizes&quot;:[]}}\" data-widget_type=\"posts.classic\">\n\t\t\t\t<div class=\"elementor-widget-container\">\n\t\t\t\t\t\t\t<div class=\"elementor-posts-container elementor-posts elementor-posts--skin-classic elementor-grid\" role=\"list\">\n\t\t\t\t<article class=\"elementor-post elementor-grid-item post-1407 post type-post status-publish format-standard has-post-thumbnail hentry category-packaging-buckets category-5l-round-plastic-buckets category-cleaning-buckets category-food-and-beverage-buckets category-health-care-buckets category-paint-and-coating-buckets category-pet-food-buckets category-round-plastic-buckets tag-5l-round-plastic-packaging-buckets tag-food-and-beverage-buckets tag-household-cleaning-buckets tag-paint-and-coating-buckets tag-pet-food-buckets\" role=\"listitem\">\n\t\t\t\t<a class=\"elementor-post__thumbnail__link\" href=\"https:\/\/packagingbucket.com\/pt\/hot-sale-5l-durable-round-paint-buckets\/\" tabindex=\"-1\" >\n\t\t\t<div class=\"elementor-post__thumbnail\"><img loading=\"lazy\" decoding=\"async\" width=\"1080\" height=\"1440\" src=\"https:\/\/packagingbucket.com\/wp-content\/uploads\/2024\/08\/Empty-Plastic-Paint-Pail-5L-Durable-white-Round-Paint-Buckets-with-Lid-and-Handle-1.jpg\" class=\"attachment-full size-full wp-image-1408\" alt=\"Balde de tinta de pl\u00e1stico vazio 5L Baldes de tinta redondos brancos dur\u00e1veis com tampa e pega-1\" srcset=\"https:\/\/packagingbucket.com\/wp-content\/uploads\/2024\/08\/Empty-Plastic-Paint-Pail-5L-Durable-white-Round-Paint-Buckets-with-Lid-and-Handle-1.jpg 1080w, https:\/\/packagingbucket.com\/wp-content\/uploads\/2024\/08\/Empty-Plastic-Paint-Pail-5L-Durable-white-Round-Paint-Buckets-with-Lid-and-Handle-1-768x1024.jpg 768w, https:\/\/packagingbucket.com\/wp-content\/uploads\/2024\/08\/Empty-Plastic-Paint-Pail-5L-Durable-white-Round-Paint-Buckets-with-Lid-and-Handle-1-9x12.jpg 9w\" sizes=\"(max-width: 1080px) 100vw, 1080px\" \/><\/div>\n\t\t<\/a>\n\t\t\t\t<div class=\"elementor-post__text\">\n\t\t\t\t<h3 class=\"elementor-post__title\">\n\t\t\t<a href=\"https:\/\/packagingbucket.com\/pt\/hot-sale-5l-durable-round-paint-buckets\/\" >\n\t\t\t\tBalde de tinta de pl\u00e1stico vazio 5L Baldes de tinta redondos brancos dur\u00e1veis com tampa e al\u00e7a\t\t\t<\/a>\n\t\t<\/h3>\n\t\t\n\t\t<a class=\"elementor-post__read-more\" href=\"https:\/\/packagingbucket.com\/pt\/hot-sale-5l-durable-round-paint-buckets\/\" aria-label=\"Read more about Hot Sale Empty Plastic Paint Pail 5L Durable white Round Paint Buckets with Lid and Handle\" tabindex=\"-1\" >\n\t\t\tLer mais \"\t\t<\/a>\n\n\t\t\t\t<\/div>\n\t\t\t\t<\/article>\n\t\t\t\t<article class=\"elementor-post elementor-grid-item post-1480 post type-post status-publish format-standard has-post-thumbnail hentry category-packaging-buckets category-5l-round-plastic-buckets category-cleaning-buckets category-food-and-beverage-buckets category-health-care-buckets category-paint-and-coating-buckets category-pet-food-buckets category-round-plastic-buckets tag-5l-round-plastic-packaging-buckets tag-food-and-beverage-buckets tag-household-cleaning-buckets tag-paint-and-coating-buckets tag-pet-food-buckets\" role=\"listitem\">\n\t\t\t\t<a class=\"elementor-post__thumbnail__link\" href=\"https:\/\/packagingbucket.com\/pt\/custom-logo-food-grade-5l-airtight-buckets\/\" tabindex=\"-1\" >\n\t\t\t<div class=\"elementor-post__thumbnail\"><img loading=\"lazy\" decoding=\"async\" width=\"800\" height=\"617\" src=\"https:\/\/packagingbucket.com\/wp-content\/uploads\/2024\/08\/Custom-Logo-Food-Grade-Empty-5-litre-plastic-air-tight-buckets-Plastic-Paint-Pails-With-Lid-1.jpg\" class=\"attachment-full size-full wp-image-1488\" alt=\"Logotipo Personalizado Baldes vazios de 5 litros de pl\u00e1stico herm\u00e9tico Baldes de pl\u00e1stico para pintura com tampa-1\" srcset=\"https:\/\/packagingbucket.com\/wp-content\/uploads\/2024\/08\/Custom-Logo-Food-Grade-Empty-5-litre-plastic-air-tight-buckets-Plastic-Paint-Pails-With-Lid-1.jpg 800w, https:\/\/packagingbucket.com\/wp-content\/uploads\/2024\/08\/Custom-Logo-Food-Grade-Empty-5-litre-plastic-air-tight-buckets-Plastic-Paint-Pails-With-Lid-1-768x592.jpg 768w, https:\/\/packagingbucket.com\/wp-content\/uploads\/2024\/08\/Custom-Logo-Food-Grade-Empty-5-litre-plastic-air-tight-buckets-Plastic-Paint-Pails-With-Lid-1-16x12.jpg 16w\" sizes=\"(max-width: 800px) 100vw, 800px\" \/><\/div>\n\t\t<\/a>\n\t\t\t\t<div class=\"elementor-post__text\">\n\t\t\t\t<h3 class=\"elementor-post__title\">\n\t\t\t<a href=\"https:\/\/packagingbucket.com\/pt\/custom-logo-food-grade-5l-airtight-buckets\/\" >\n\t\t\t\tLogotipo Personalizado de Venda Quente Grau Alimentar Baldes vazios 5L de pl\u00e1stico herm\u00e9tico Baldes de tinta pl\u00e1stica com tampa\t\t\t<\/a>\n\t\t<\/h3>\n\t\t\n\t\t<a class=\"elementor-post__read-more\" href=\"https:\/\/packagingbucket.com\/pt\/custom-logo-food-grade-5l-airtight-buckets\/\" aria-label=\"Read more about Hot Sale Custom Logo Food Grade Empty 5L plastic air tight buckets Plastic Paint Pails With Lid\" tabindex=\"-1\" >\n\t\t\tLer mais \"\t\t<\/a>\n\n\t\t\t\t<\/div>\n\t\t\t\t<\/article>\n\t\t\t\t<article class=\"elementor-post elementor-grid-item post-1449 post type-post status-publish format-standard has-post-thumbnail hentry category-packaging-buckets category-5l-round-plastic-buckets category-cleaning-buckets category-food-and-beverage-buckets category-health-care-buckets category-paint-and-coating-buckets category-pet-food-buckets category-round-plastic-buckets tag-5l-round-plastic-packaging-buckets tag-food-and-beverage-buckets tag-household-cleaning-buckets tag-paint-and-coating-buckets tag-pet-food-buckets\" role=\"listitem\">\n\t\t\t\t<a class=\"elementor-post__thumbnail__link\" href=\"https:\/\/packagingbucket.com\/pt\/hot-sale-5l-round-plastic-buckets\/\" tabindex=\"-1\" >\n\t\t\t<div class=\"elementor-post__thumbnail\"><img loading=\"lazy\" decoding=\"async\" width=\"540\" height=\"720\" src=\"https:\/\/packagingbucket.com\/wp-content\/uploads\/2024\/08\/Custom-food-grade-1-gallon-5L-round-plastic-bucket-with-lid-and-handle-for-sale-plastic-pail-1.jpg\" class=\"attachment-full size-full wp-image-1450\" alt=\"Balde de pl\u00e1stico redondo de 5 litros de qualidade alimentar personalizado com tampa e pega para venda balde de pl\u00e1stico-1\" srcset=\"https:\/\/packagingbucket.com\/wp-content\/uploads\/2024\/08\/Custom-food-grade-1-gallon-5L-round-plastic-bucket-with-lid-and-handle-for-sale-plastic-pail-1.jpg 540w, https:\/\/packagingbucket.com\/wp-content\/uploads\/2024\/08\/Custom-food-grade-1-gallon-5L-round-plastic-bucket-with-lid-and-handle-for-sale-plastic-pail-1-9x12.jpg 9w\" sizes=\"(max-width: 540px) 100vw, 540px\" \/><\/div>\n\t\t<\/a>\n\t\t\t\t<div class=\"elementor-post__text\">\n\t\t\t\t<h3 class=\"elementor-post__title\">\n\t\t\t<a href=\"https:\/\/packagingbucket.com\/pt\/hot-sale-5l-round-plastic-buckets\/\" >\n\t\t\t\tVenda a quente Balde de pl\u00e1stico redondo de 5L de grau alimentar personalizado com tampa e pega para venda balde de pl\u00e1stico\t\t\t<\/a>\n\t\t<\/h3>\n\t\t\n\t\t<a class=\"elementor-post__read-more\" href=\"https:\/\/packagingbucket.com\/pt\/hot-sale-5l-round-plastic-buckets\/\" aria-label=\"Read more about Hot Sale Custom food grade 1 gallon 5L round plastic bucket with lid and handle for sale plastic pail\" tabindex=\"-1\" >\n\t\t\tLer mais \"\t\t<\/a>\n\n\t\t\t\t<\/div>\n\t\t\t\t<\/article>\n\t\t\t\t<\/div>\n\t\t\n\t\t\t\t\t\t<\/div>\n\t\t\t\t<\/div>\n\t\t\t\t\t<\/div>\n\t\t\t\t<\/div>\n\t\t\t\t<\/div>","protected":false},"excerpt":{"rendered":"<p>In\u00edcio Anterior Pr\u00f3ximo 1. Baldes de pl\u00e1stico quadrados de 8L de qualidade alimentar premium para embalagens seguras No mercado competitivo de hoje, a qualidade e<\/p>","protected":false},"author":2,"featured_media":1851,"comment_status":"open","ping_status":"open","sticky":false,"template":"elementor_header_footer","format":"standard","meta":{"site-sidebar-layout":"default","site-content-layout":"","ast-site-content-layout":"default","site-content-style":"default","site-sidebar-style":"default","ast-global-header-display":"","ast-banner-title-visibility":"","ast-main-header-display":"","ast-hfb-above-header-display":"","ast-hfb-below-header-display":"","ast-hfb-mobile-header-display":"","site-post-title":"","ast-breadcrumbs-content":"","ast-featured-img":"","footer-sml-layout":"","ast-disable-related-posts":"","theme-transparent-header-meta":"","adv-header-id-meta":"","stick-header-meta":"","header-above-stick-meta":"","header-main-stick-meta":"","header-below-stick-meta":"","astra-migrate-meta-layouts":"default","ast-page-background-enabled":"default","ast-page-background-meta":{"desktop":{"background-color":"var(--ast-global-color-4)","background-image":"","background-repeat":"repeat","background-position":"center center","background-size":"auto","background-attachment":"scroll","background-type":"","background-media":"","overlay-type":"","overlay-color":"","overlay-opacity":"","overlay-gradient":""},"tablet":{"background-color":"","background-image":"","background-repeat":"repeat","background-position":"center center","background-size":"auto","background-attachment":"scroll","background-type":"","background-media":"","overlay-type":"","overlay-color":"","overlay-opacity":"","overlay-gradient":""},"mobile":{"background-color":"","background-image":"","background-repeat":"repeat","background-position":"center center","background-size":"auto","background-attachment":"scroll","background-type":"","background-media":"","overlay-type":"","overlay-color":"","overlay-opacity":"","overlay-gradient":""}},"ast-content-background-meta":{"desktop":{"background-color":"var(--ast-global-color-5)","background-image":"","background-repeat":"repeat","background-position":"center center","background-size":"auto","background-attachment":"scroll","background-type":"","background-media":"","overlay-type":"","overlay-color":"","overlay-opacity":"","overlay-gradient":""},"tablet":{"background-color":"var(--ast-global-color-5)","background-image":"","background-repeat":"repeat","background-position":"center center","background-size":"auto","background-attachment":"scroll","background-type":"","background-media":"","overlay-type":"","overlay-color":"","overlay-opacity":"","overlay-gradient":""},"mobile":{"background-color":"var(--ast-global-color-5)","background-image":"","background-repeat":"repeat","background-position":"center center","background-size":"auto","background-attachment":"scroll","background-type":"","background-media":"","overlay-type":"","overlay-color":"","overlay-opacity":"","overlay-gradient":""}},"footnotes":""},"categories":[6,45,4,8,31,3,30,5],"tags":[58,23,16,25,18,20],"class_list":["post-1850","post","type-post","status-publish","format-standard","has-post-thumbnail","hentry","category-square-plastic-buckets","category-8l-square-plastic-buckets","category-cleaning-buckets","category-food-and-beverage-buckets","category-health-care-buckets","category-packaging-buckets","category-paint-and-coating-buckets","category-pet-food-buckets","tag-8l-square-plastic-packaging-buckets","tag-food-and-beverage-buckets","tag-household-cleaning-buckets","tag-paint-and-coating-buckets","tag-pet-food-buckets","tag-square-platic-buckets"],"_links":{"self":[{"href":"https:\/\/packagingbucket.com\/pt\/wp-json\/wp\/v2\/posts\/1850","targetHints":{"allow":["GET"]}}],"collection":[{"href":"https:\/\/packagingbucket.com\/pt\/wp-json\/wp\/v2\/posts"}],"about":[{"href":"https:\/\/packagingbucket.com\/pt\/wp-json\/wp\/v2\/types\/post"}],"author":[{"embeddable":true,"href":"https:\/\/packagingbucket.com\/pt\/wp-json\/wp\/v2\/users\/2"}],"replies":[{"embeddable":true,"href":"https:\/\/packagingbucket.com\/pt\/wp-json\/wp\/v2\/comments?post=1850"}],"version-history":[{"count":0,"href":"https:\/\/packagingbucket.com\/pt\/wp-json\/wp\/v2\/posts\/1850\/revisions"}],"wp:featuredmedia":[{"embeddable":true,"href":"https:\/\/packagingbucket.com\/pt\/wp-json\/wp\/v2\/media\/1851"}],"wp:attachment":[{"href":"https:\/\/packagingbucket.com\/pt\/wp-json\/wp\/v2\/media?parent=1850"}],"wp:term":[{"taxonomy":"category","embeddable":true,"href":"https:\/\/packagingbucket.com\/pt\/wp-json\/wp\/v2\/categories?post=1850"},{"taxonomy":"post_tag","embeddable":true,"href":"https:\/\/packagingbucket.com\/pt\/wp-json\/wp\/v2\/tags?post=1850"}],"curies":[{"name":"wp","href":"https:\/\/api.w.org\/{rel}","templated":true}]}}