{"id":1815,"date":"2024-08-30T05:33:12","date_gmt":"2024-08-30T05:33:12","guid":{"rendered":"https:\/\/packagingbucket.com\/?p=1815"},"modified":"2024-11-24T09:28:05","modified_gmt":"2024-11-24T09:28:05","slug":"hot-sale-2l-food-grade-plastic-wine-barrels","status":"publish","type":"post","link":"https:\/\/packagingbucket.com\/pt\/hot-sale-2l-food-grade-plastic-wine-barrels\/","title":{"rendered":"Venda quente de 2L de grau aliment\u00edcio ou Mini barris de vinho de pl\u00e1stico usados personalizados para venda"},"content":{"rendered":"<div data-elementor-type=\"wp-post\" data-elementor-id=\"1815\" class=\"elementor elementor-1815\" data-elementor-settings=\"{&quot;ha_cmc_init_switcher&quot;:&quot;no&quot;}\" data-elementor-post-type=\"post\">\n\t\t\t\t<div class=\"elementor-element elementor-element-1b9c29b e-flex e-con-boxed e-con e-parent\" data-id=\"1b9c29b\" data-element_type=\"container\" data-settings=\"{&quot;_ha_eqh_enable&quot;:false}\">\n\t\t\t\t\t<div class=\"e-con-inner\">\n\t\t\t\t<div class=\"elementor-element elementor-element-6bc93a4 elementor-widget elementor-widget-theme-post-title elementor-page-title elementor-widget-heading\" data-id=\"6bc93a4\" data-element_type=\"widget\" data-widget_type=\"theme-post-title.default\">\n\t\t\t\t<div class=\"elementor-widget-container\">\n\t\t\t\t\t<h1 class=\"elementor-heading-title elementor-size-default\">Venda quente de 2L de grau aliment\u00edcio ou Mini barris de vinho de pl\u00e1stico usados personalizados para venda<\/h1>\t\t\t\t<\/div>\n\t\t\t\t<\/div>\n\t\t\t\t\t<\/div>\n\t\t\t\t<\/div>\n\t\t<div class=\"elementor-element elementor-element-9dad755 e-flex e-con-boxed e-con e-parent\" data-id=\"9dad755\" data-element_type=\"container\" data-settings=\"{&quot;_ha_eqh_enable&quot;:false}\">\n\t\t\t\t\t<div class=\"e-con-inner\">\n\t\t<div class=\"elementor-element elementor-element-8dd9f38 e-con-full e-flex e-con e-child\" data-id=\"8dd9f38\" data-element_type=\"container\" data-settings=\"{&quot;_ha_eqh_enable&quot;:false}\">\n\t\t\t\t<div class=\"elementor-element elementor-element-ee65b6e elementor-skin-slideshow elementor-arrows-yes elementor-widget elementor-widget-media-carousel\" data-id=\"ee65b6e\" data-element_type=\"widget\" data-settings=\"{&quot;skin&quot;:&quot;slideshow&quot;,&quot;autoplay_speed&quot;:3000,&quot;effect&quot;:&quot;slide&quot;,&quot;show_arrows&quot;:&quot;yes&quot;,&quot;speed&quot;:500,&quot;autoplay&quot;:&quot;yes&quot;,&quot;loop&quot;:&quot;yes&quot;,&quot;pause_on_hover&quot;:&quot;yes&quot;,&quot;pause_on_interaction&quot;:&quot;yes&quot;,&quot;space_between&quot;:{&quot;unit&quot;:&quot;px&quot;,&quot;size&quot;:10,&quot;sizes&quot;:[]},&quot;space_between_tablet&quot;:{&quot;unit&quot;:&quot;px&quot;,&quot;size&quot;:10,&quot;sizes&quot;:[]},&quot;space_between_mobile&quot;:{&quot;unit&quot;:&quot;px&quot;,&quot;size&quot;:10,&quot;sizes&quot;:[]}}\" data-widget_type=\"media-carousel.default\">\n\t\t\t\t<div class=\"elementor-widget-container\">\n\t\t\t\t\t\t\t\t\t<div class=\"elementor-swiper\">\n\t\t\t\t\t<div class=\"elementor-main-swiper swiper\" role=\"region\" aria-roledescription=\"carousel\" aria-label=\"Slides\" data-no-translation-aria-label=\"\">\n\t\t\t\t<div class=\"swiper-wrapper\">\n\t\t\t\t\t\t\t\t\t\t\t<div class=\"swiper-slide\" role=\"group\" aria-roledescription=\"slide\">\n\t\t\t\t\t\t\t\t\t<div class=\"elementor-carousel-image\" role=\"img\" aria-label=\"food grade or custom used mini plastic wine barrels for sale (1)\" style=\"background-image: url(&#039;https:\/\/packagingbucket.com\/wp-content\/uploads\/2024\/08\/High-Quality-5-Gallon-Customized-Red-Square-Plastic-Paint-Bucket-with-Lid-20L-1.png&#039;)\">\n\n\t\t\t\n\t\t\t\t\t<\/div>\n\t\t\t\t\t\t\t\t<\/div>\n\t\t\t\t\t\t\t\t\t\t\t<div class=\"swiper-slide\" role=\"group\" aria-roledescription=\"slide\">\n\t\t\t\t\t\t\t\t\t<div class=\"elementor-carousel-image\" role=\"img\" aria-label=\"food grade or custom used mini plastic wine barrels for sale (2)\" style=\"background-image: url(&#039;https:\/\/packagingbucket.com\/wp-content\/uploads\/2024\/08\/5-Gallon-20-Litre-Plastic-Square-Buckets-Food-Grade-Plastic-Buckets-With-Lid-And-Handle-2.jpg&#039;)\">\n\n\t\t\t\n\t\t\t\t\t<\/div>\n\t\t\t\t\t\t\t\t<\/div>\n\t\t\t\t\t\t\t\t\t\t\t<div class=\"swiper-slide\" role=\"group\" aria-roledescription=\"slide\">\n\t\t\t\t\t\t\t\t\t<div class=\"elementor-carousel-image\" role=\"img\" aria-label=\"food grade or custom used mini plastic wine barrels for sale (3)\" style=\"background-image: url(&#039;https:\/\/packagingbucket.com\/wp-content\/uploads\/2024\/08\/Thickened-Plastic-Square-Bucket-with-Lid-Industry-Bucket-Food-Grade-Plastic-Pail-Barrel-Square-2.jpg&#039;)\">\n\n\t\t\t\n\t\t\t\t\t<\/div>\n\t\t\t\t\t\t\t\t<\/div>\n\t\t\t\t\t\t\t\t\t<\/div>\n\t\t\t\t\t\t\t\t\t\t\t\t\t\t\t<div class=\"elementor-swiper-button elementor-swiper-button-prev\" role=\"button\" tabindex=\"0\" aria-label=\"Anterior\" data-no-translation-aria-label=\"\">\n\t\t\t\t\t\t\t<svg aria-hidden=\"true\" class=\"e-font-icon-svg e-eicon-chevron-left\" viewbox=\"0 0 1000 1000\" xmlns=\"http:\/\/www.w3.org\/2000\/svg\"><path d=\"M646 125C629 125 613 133 604 142L308 442C296 454 292 471 292 487 292 504 296 521 308 533L604 854C617 867 629 875 646 875 663 875 679 871 692 858 704 846 713 829 713 812 713 796 708 779 692 767L438 487 692 225C700 217 708 204 708 187 708 171 704 154 692 142 675 129 663 125 646 125Z\"><\/path><\/svg>\t\t\t\t\t\t<\/div>\n\t\t\t\t\t\t<div class=\"elementor-swiper-button elementor-swiper-button-next\" role=\"button\" tabindex=\"0\" aria-label=\"Seguinte\" data-no-translation-aria-label=\"\">\n\t\t\t\t\t\t\t<svg aria-hidden=\"true\" class=\"e-font-icon-svg e-eicon-chevron-right\" viewbox=\"0 0 1000 1000\" xmlns=\"http:\/\/www.w3.org\/2000\/svg\"><path d=\"M696 533C708 521 713 504 713 487 713 471 708 454 696 446L400 146C388 133 375 125 354 125 338 125 325 129 313 142 300 154 292 171 292 187 292 204 296 221 308 233L563 492 304 771C292 783 288 800 288 817 288 833 296 850 308 863 321 871 338 875 354 875 371 875 388 867 400 854L696 533Z\"><\/path><\/svg>\t\t\t\t\t\t<\/div>\n\t\t\t\t\t\t\t\t\t\t\t\t\t\t\t\t\t<\/div>\n\t\t\t\t<\/div>\n\t\t\t\t\t\t\t\t<div class=\"elementor-swiper\">\n\t\t\t\t\t<div class=\"elementor-main-swiper swiper elementor-thumbnails-swiper swiper\" role=\"region region\" aria-roledescription=\"carousel carousel\" aria-label=\"Slides Slides\" data-no-translation-aria-label=\"\">\n\t\t\t\t<div class=\"swiper-wrapper\">\n\t\t\t\t\t\t\t\t\t\t\t<div class=\"swiper-slide\" role=\"group\" aria-roledescription=\"slide\">\n\t\t\t\t\t\t\t\t\t<div class=\"elementor-carousel-image\" role=\"img\" aria-label=\"food grade or custom used mini plastic wine barrels for sale (1)\" style=\"background-image: url(&#039;https:\/\/packagingbucket.com\/wp-content\/uploads\/2024\/08\/High-Quality-5-Gallon-Customized-Red-Square-Plastic-Paint-Bucket-with-Lid-20L-1.png&#039;)\">\n\n\t\t\t\n\t\t\t\t\t<\/div>\n\t\t\t\t\t\t\t\t<\/div>\n\t\t\t\t\t\t\t\t\t\t\t<div class=\"swiper-slide\" role=\"group\" aria-roledescription=\"slide\">\n\t\t\t\t\t\t\t\t\t<div class=\"elementor-carousel-image\" role=\"img\" aria-label=\"food grade or custom used mini plastic wine barrels for sale (2)\" style=\"background-image: url(&#039;https:\/\/packagingbucket.com\/wp-content\/uploads\/2024\/08\/5-Gallon-20-Litre-Plastic-Square-Buckets-Food-Grade-Plastic-Buckets-With-Lid-And-Handle-2.jpg&#039;)\">\n\n\t\t\t\n\t\t\t\t\t<\/div>\n\t\t\t\t\t\t\t\t<\/div>\n\t\t\t\t\t\t\t\t\t\t\t<div class=\"swiper-slide\" role=\"group\" aria-roledescription=\"slide\">\n\t\t\t\t\t\t\t\t\t<div class=\"elementor-carousel-image\" role=\"img\" aria-label=\"food grade or custom used mini plastic wine barrels for sale (3)\" style=\"background-image: url(&#039;https:\/\/packagingbucket.com\/wp-content\/uploads\/2024\/08\/Thickened-Plastic-Square-Bucket-with-Lid-Industry-Bucket-Food-Grade-Plastic-Pail-Barrel-Square-2.jpg&#039;)\">\n\n\t\t\t\n\t\t\t\t\t<\/div>\n\t\t\t\t\t\t\t\t<\/div>\n\t\t\t\t\t\t\t\t\t<\/div>\n\t\t\t\t\t\t\t\t\t\t\t\t\t\t\t\t\t\t\t\t\t<\/div>\n\t\t\t\t<\/div>\n\t\t\t\t\t\t\t\t<\/div>\n\t\t\t\t<\/div>\n\t\t\t\t<\/div>\n\t\t<div class=\"elementor-element elementor-element-d8cf1ea e-con-full e-flex e-con e-child\" data-id=\"d8cf1ea\" data-element_type=\"container\" data-settings=\"{&quot;_ha_eqh_enable&quot;:false}\">\n\t\t\t\t<div class=\"elementor-element elementor-element-c5bae44 elementor-button-align-stretch elementor-widget elementor-widget-form\" data-id=\"c5bae44\" data-element_type=\"widget\" data-settings=\"{&quot;step_next_label&quot;:&quot;Next&quot;,&quot;step_previous_label&quot;:&quot;Previous&quot;,&quot;button_width&quot;:&quot;100&quot;,&quot;step_type&quot;:&quot;number_text&quot;,&quot;step_icon_shape&quot;:&quot;circle&quot;}\" data-widget_type=\"form.default\">\n\t\t\t\t<div class=\"elementor-widget-container\">\n\t\t\t\t\t\t\t<form class=\"elementor-form\" method=\"post\" name=\"New Form\" aria-label=\"New Form\" action=\"\">\n\t\t\t<input type=\"hidden\" name=\"post_id\" value=\"1815\"\/>\n\t\t\t<input type=\"hidden\" name=\"form_id\" value=\"c5bae44\"\/>\n\t\t\t<input type=\"hidden\" name=\"referer_title\" value=\"Hot Sale 2L Food Grade or Custom Used Mini Plastic Wine Barrels for Sale\" \/>\n\n\t\t\t\t\t\t\t<input type=\"hidden\" name=\"queried_id\" value=\"1815\"\/>\n\t\t\t\n\t\t\t<div class=\"elementor-form-fields-wrapper elementor-labels-above\">\n\t\t\t\t\t\t\t\t<div class=\"elementor-field-type-text elementor-field-group elementor-column elementor-field-group-name elementor-col-50\">\n\t\t\t\t\t\t\t\t\t\t\t\t<label for=\"form-field-name\" class=\"elementor-field-label\">\n\t\t\t\t\t\t\t\tNome\t\t\t\t\t\t\t<\/label>\n\t\t\t\t\t\t\t\t\t\t\t\t\t\t<input size=\"1\" type=\"text\" name=\"form_fields[name]\" id=\"form-field-name\" class=\"elementor-field elementor-size-sm  elementor-field-textual\" placeholder=\"Nome\">\n\t\t\t\t\t\t\t\t\t\t\t<\/div>\n\t\t\t\t\t\t\t\t<div class=\"elementor-field-type-text elementor-field-group elementor-column elementor-field-group-field_927622f elementor-col-50\">\n\t\t\t\t\t\t\t\t\t\t\t\t<label for=\"form-field-field_927622f\" class=\"elementor-field-label\">\n\t\t\t\t\t\t\t\tEmpresa\t\t\t\t\t\t\t<\/label>\n\t\t\t\t\t\t\t\t\t\t\t\t\t\t<input size=\"1\" type=\"text\" name=\"form_fields[field_927622f]\" id=\"form-field-field_927622f\" class=\"elementor-field elementor-size-sm  elementor-field-textual\" placeholder=\"Empresa\">\n\t\t\t\t\t\t\t\t\t\t\t<\/div>\n\t\t\t\t\t\t\t\t<div class=\"elementor-field-type-text elementor-field-group elementor-column elementor-field-group-field_b349b74 elementor-col-50\">\n\t\t\t\t\t\t\t\t\t\t\t\t<label for=\"form-field-field_b349b74\" class=\"elementor-field-label\">\n\t\t\t\t\t\t\t\tTelefone\t\t\t\t\t\t\t<\/label>\n\t\t\t\t\t\t\t\t\t\t\t\t\t\t<input size=\"1\" type=\"text\" name=\"form_fields[field_b349b74]\" id=\"form-field-field_b349b74\" class=\"elementor-field elementor-size-sm  elementor-field-textual\" placeholder=\"Telefone\">\n\t\t\t\t\t\t\t\t\t\t\t<\/div>\n\t\t\t\t\t\t\t\t<div class=\"elementor-field-type-email elementor-field-group elementor-column elementor-field-group-email elementor-col-50 elementor-field-required\">\n\t\t\t\t\t\t\t\t\t\t\t\t<label for=\"form-field-email\" class=\"elementor-field-label\">\n\t\t\t\t\t\t\t\tCorreio eletr\u00f3nico\t\t\t\t\t\t\t<\/label>\n\t\t\t\t\t\t\t\t\t\t\t\t\t\t<input size=\"1\" type=\"email\" name=\"form_fields[email]\" id=\"form-field-email\" class=\"elementor-field elementor-size-sm  elementor-field-textual\" placeholder=\"Correio eletr\u00f3nico\" required=\"required\">\n\t\t\t\t\t\t\t\t\t\t\t<\/div>\n\t\t\t\t\t\t\t\t<div class=\"elementor-field-type-text elementor-field-group elementor-column elementor-field-group-field_6127c68 elementor-col-50\">\n\t\t\t\t\t\t\t\t\t\t\t\t<label for=\"form-field-field_6127c68\" class=\"elementor-field-label\">\n\t\t\t\t\t\t\t\tQuantidade\t\t\t\t\t\t\t<\/label>\n\t\t\t\t\t\t\t\t\t\t\t\t\t\t<input size=\"1\" type=\"text\" name=\"form_fields[field_6127c68]\" id=\"form-field-field_6127c68\" class=\"elementor-field elementor-size-sm  elementor-field-textual\" placeholder=\"Para o pre\u00e7o unit\u00e1rio\">\n\t\t\t\t\t\t\t\t\t\t\t<\/div>\n\t\t\t\t\t\t\t\t<div class=\"elementor-field-type-text elementor-field-group elementor-column elementor-field-group-field_60832b6 elementor-col-50\">\n\t\t\t\t\t\t\t\t\t\t\t\t<label for=\"form-field-field_60832b6\" class=\"elementor-field-label\">\n\t\t\t\t\t\t\t\tEndere\u00e7o\t\t\t\t\t\t\t<\/label>\n\t\t\t\t\t\t\t\t\t\t\t\t\t\t<input size=\"1\" type=\"text\" name=\"form_fields[field_60832b6]\" id=\"form-field-field_60832b6\" class=\"elementor-field elementor-size-sm  elementor-field-textual\" placeholder=\"Para expedi\u00e7\u00e3o\">\n\t\t\t\t\t\t\t\t\t\t\t<\/div>\n\t\t\t\t\t\t\t\t<div class=\"elementor-field-type-textarea elementor-field-group elementor-column elementor-field-group-message elementor-col-100\">\n\t\t\t\t\t\t\t\t\t\t\t\t<label for=\"form-field-message\" class=\"elementor-field-label\">\n\t\t\t\t\t\t\t\tMensagem\t\t\t\t\t\t\t<\/label>\n\t\t\t\t\t\t<textarea class=\"elementor-field-textual elementor-field  elementor-size-sm\" name=\"form_fields[message]\" id=\"form-field-message\" rows=\"7\" placeholder=\"Mensagem\"><\/textarea>\t\t\t\t<\/div>\n\t\t\t\t\t\t\t\t<div class=\"elementor-field-type-recaptcha elementor-field-group elementor-column elementor-field-group-field_d02733a elementor-col-100\">\n\t\t\t\t\t<div class=\"elementor-field\" id=\"form-field-field_d02733a\"><div class=\"elementor-g-recaptcha\" data-sitekey=\"6Ldyb4wqAAAAAC7k_YINJmhbMfzGr0RRN6LnvDEy\" data-type=\"v2_checkbox\" data-theme=\"light\" data-size=\"normal\"><\/div><\/div>\t\t\t\t<\/div>\n\t\t\t\t\t\t\t\t<div class=\"elementor-field-group elementor-column elementor-field-type-submit elementor-col-100 e-form__buttons\">\n\t\t\t\t\t<button class=\"elementor-button elementor-size-sm\" type=\"submit\">\n\t\t\t\t\t\t<span class=\"elementor-button-content-wrapper\">\n\t\t\t\t\t\t\t\t\t\t\t\t\t\t\t\t\t\t\t\t\t\t<span class=\"elementor-button-text\">Enviar<\/span>\n\t\t\t\t\t\t\t\t\t\t\t\t\t<\/span>\n\t\t\t\t\t<\/button>\n\t\t\t\t<\/div>\n\t\t\t<\/div>\n\t\t<input type=\"hidden\" name=\"trp-form-language\" value=\"pt\"\/><\/form>\n\t\t\t\t\t\t<\/div>\n\t\t\t\t<\/div>\n\t\t<div class=\"elementor-element elementor-element-06a6cb6 e-con-full e-flex e-con e-child\" data-id=\"06a6cb6\" data-element_type=\"container\" data-settings=\"{&quot;_ha_eqh_enable&quot;:false}\">\n\t\t<div class=\"elementor-element elementor-element-e6843ea e-con-full e-flex e-con e-child\" data-id=\"e6843ea\" data-element_type=\"container\" data-settings=\"{&quot;_ha_eqh_enable&quot;:false}\">\n\t\t\t\t<div class=\"elementor-element elementor-element-d5a2ed0 elementor-widget elementor-widget-post-info\" data-id=\"d5a2ed0\" data-element_type=\"widget\" data-widget_type=\"post-info.default\">\n\t\t\t\t<div class=\"elementor-widget-container\">\n\t\t\t\t\t\t\t<ul class=\"elementor-inline-items elementor-icon-list-items elementor-post-info\">\n\t\t\t\t\t\t\t\t<li class=\"elementor-icon-list-item elementor-repeater-item-bb696c5 elementor-inline-item\" itemprop=\"about\">\n\t\t\t\t\t\t\t\t\t\t<span class=\"elementor-icon-list-icon\">\n\t\t\t\t\t\t\t\t<svg aria-hidden=\"true\" class=\"e-font-icon-svg e-fas-tags\" viewbox=\"0 0 640 512\" xmlns=\"http:\/\/www.w3.org\/2000\/svg\"><path d=\"M497.941 225.941L286.059 14.059A48 48 0 0 0 252.118 0H48C21.49 0 0 21.49 0 48v204.118a48 48 0 0 0 14.059 33.941l211.882 211.882c18.744 18.745 49.136 18.746 67.882 0l204.118-204.118c18.745-18.745 18.745-49.137 0-67.882zM112 160c-26.51 0-48-21.49-48-48s21.49-48 48-48 48 21.49 48 48-21.49 48-48 48zm513.941 133.823L421.823 497.941c-18.745 18.745-49.137 18.745-67.882 0l-.36-.36L527.64 323.522c16.999-16.999 26.36-39.6 26.36-63.64s-9.362-46.641-26.36-63.64L331.397 0h48.721a48 48 0 0 1 33.941 14.059l211.882 211.882c18.745 18.745 18.745 49.137 0 67.882z\"><\/path><\/svg>\t\t\t\t\t\t\t<\/span>\n\t\t\t\t\t\t\t\t\t<span class=\"elementor-icon-list-text elementor-post-info__item elementor-post-info__item--type-terms\">\n\t\t\t\t\t\t\t\t\t\t<span class=\"elementor-post-info__terms-list\">\n\t\t\t\t<a href=\"https:\/\/packagingbucket.com\/pt\/packaging-buckets\/square-plastic-buckets\/2l-square-plastic-buckets\/\" class=\"elementor-post-info__terms-list-item\">Baldes de pl\u00e1stico quadrados de 2L<\/a>, <a href=\"https:\/\/packagingbucket.com\/pt\/packaging-buckets\/cleaning-buckets\/\" class=\"elementor-post-info__terms-list-item\">Baldes de limpeza<\/a>, <a href=\"https:\/\/packagingbucket.com\/pt\/packaging-buckets\/food-and-beverage-buckets\/\" class=\"elementor-post-info__terms-list-item\">Baldes para alimentos e bebidas<\/a>, <a href=\"https:\/\/packagingbucket.com\/pt\/packaging-buckets\/health-care-buckets\/\" class=\"elementor-post-info__terms-list-item\">Baldes de cuidados de sa\u00fade<\/a>, <a href=\"https:\/\/packagingbucket.com\/pt\/packaging-buckets\/\" class=\"elementor-post-info__terms-list-item\">Baldes de embalagem<\/a>, <a href=\"https:\/\/packagingbucket.com\/pt\/packaging-buckets\/paint-and-coating-buckets\/\" class=\"elementor-post-info__terms-list-item\">Baldes para tintas e revestimentos<\/a>, <a href=\"https:\/\/packagingbucket.com\/pt\/packaging-buckets\/pet-food-buckets\/\" class=\"elementor-post-info__terms-list-item\">Baldes PET para alimentos<\/a>, <a href=\"https:\/\/packagingbucket.com\/pt\/packaging-buckets\/square-plastic-buckets\/\" class=\"elementor-post-info__terms-list-item\">Baldes de pl\u00e1stico quadrados<\/a>\t\t\t\t<\/span>\n\t\t\t\t\t<\/span>\n\t\t\t\t\t\t\t\t<\/li>\n\t\t\t\t<\/ul>\n\t\t\t\t\t\t<\/div>\n\t\t\t\t<\/div>\n\t\t\t\t<\/div>\n\t\t<div class=\"elementor-element elementor-element-818edd9 e-con-full e-flex e-con e-child\" data-id=\"818edd9\" data-element_type=\"container\" data-settings=\"{&quot;_ha_eqh_enable&quot;:false}\">\n\t\t\t\t<div class=\"elementor-element elementor-element-9c89e0d elementor-widget elementor-widget-post-info\" data-id=\"9c89e0d\" data-element_type=\"widget\" data-widget_type=\"post-info.default\">\n\t\t\t\t<div class=\"elementor-widget-container\">\n\t\t\t\t\t\t\t<ul class=\"elementor-inline-items elementor-icon-list-items elementor-post-info\">\n\t\t\t\t\t\t\t\t<li class=\"elementor-icon-list-item elementor-repeater-item-bb696c5 elementor-inline-item\" itemprop=\"about\">\n\t\t\t\t\t\t\t\t\t\t<span class=\"elementor-icon-list-icon\">\n\t\t\t\t\t\t\t\t<svg aria-hidden=\"true\" class=\"e-font-icon-svg e-fas-tags\" viewbox=\"0 0 640 512\" xmlns=\"http:\/\/www.w3.org\/2000\/svg\"><path d=\"M497.941 225.941L286.059 14.059A48 48 0 0 0 252.118 0H48C21.49 0 0 21.49 0 48v204.118a48 48 0 0 0 14.059 33.941l211.882 211.882c18.744 18.745 49.136 18.746 67.882 0l204.118-204.118c18.745-18.745 18.745-49.137 0-67.882zM112 160c-26.51 0-48-21.49-48-48s21.49-48 48-48 48 21.49 48 48-21.49 48-48 48zm513.941 133.823L421.823 497.941c-18.745 18.745-49.137 18.745-67.882 0l-.36-.36L527.64 323.522c16.999-16.999 26.36-39.6 26.36-63.64s-9.362-46.641-26.36-63.64L331.397 0h48.721a48 48 0 0 1 33.941 14.059l211.882 211.882c18.745 18.745 18.745 49.137 0 67.882z\"><\/path><\/svg>\t\t\t\t\t\t\t<\/span>\n\t\t\t\t\t\t\t\t\t<span class=\"elementor-icon-list-text elementor-post-info__item elementor-post-info__item--type-terms\">\n\t\t\t\t\t\t\t\t\t\t<span class=\"elementor-post-info__terms-list\">\n\t\t\t\t<a href=\"https:\/\/packagingbucket.com\/pt\/tag\/2l-square-plastic-packaging-buckets\/\" class=\"elementor-post-info__terms-list-item\">Baldes de pl\u00e1stico quadrados de 2L para embalagem<\/a>, <a href=\"https:\/\/packagingbucket.com\/pt\/tag\/food-and-beverage-buckets\/\" class=\"elementor-post-info__terms-list-item\">Baldes para alimentos e bebidas<\/a>, <a href=\"https:\/\/packagingbucket.com\/pt\/tag\/household-cleaning-buckets\/\" class=\"elementor-post-info__terms-list-item\">Baldes para limpeza dom\u00e9stica<\/a>, <a href=\"https:\/\/packagingbucket.com\/pt\/tag\/paint-and-coating-buckets\/\" class=\"elementor-post-info__terms-list-item\">Baldes para tintas e revestimentos<\/a>, <a href=\"https:\/\/packagingbucket.com\/pt\/tag\/pet-food-buckets\/\" class=\"elementor-post-info__terms-list-item\">Baldes PET para alimentos<\/a>, <a href=\"https:\/\/packagingbucket.com\/pt\/tag\/square-platic-buckets\/\" class=\"elementor-post-info__terms-list-item\">Baldes de pl\u00e1stico quadrados<\/a>\t\t\t\t<\/span>\n\t\t\t\t\t<\/span>\n\t\t\t\t\t\t\t\t<\/li>\n\t\t\t\t<\/ul>\n\t\t\t\t\t\t<\/div>\n\t\t\t\t<\/div>\n\t\t\t\t<\/div>\n\t\t\t\t<\/div>\n\t\t\t\t<\/div>\n\t\t\t\t\t<\/div>\n\t\t\t\t<\/div>\n\t\t<div class=\"elementor-element elementor-element-780f46c e-flex e-con-boxed e-con e-parent\" data-id=\"780f46c\" data-element_type=\"container\" data-settings=\"{&quot;_ha_eqh_enable&quot;:false}\">\n\t\t\t\t\t<div class=\"e-con-inner\">\n\t\t\t\t<div class=\"elementor-element elementor-element-a94a725 elementor-widget elementor-widget-heading\" data-id=\"a94a725\" data-element_type=\"widget\" data-widget_type=\"heading.default\">\n\t\t\t\t<div class=\"elementor-widget-container\">\n\t\t\t\t\t<h2 class=\"elementor-heading-title elementor-size-default\">1. Barris de vinho de pl\u00e1stico de qualidade superior de 2L de qualidade alimentar<\/h2>\t\t\t\t<\/div>\n\t\t\t\t<\/div>\n\t\t\t\t<div class=\"elementor-element elementor-element-80e335a elementor-widget elementor-widget-text-editor\" data-id=\"80e335a\" data-element_type=\"widget\" data-widget_type=\"text-editor.default\">\n\t\t\t\t<div class=\"elementor-widget-container\">\n\t\t\t\t\t\t\t\t\t<p>Quando se trata de armazenar e conservar vinho, a qualidade do recipiente \u00e9 fundamental. Os nossos barris de vinho em pl\u00e1stico de qualidade alimentar de 2L s\u00e3o fabricados com materiais da mais alta qualidade, garantindo que o seu produto permanece seguro, fresco e saboroso.<\/p><p><strong>1.1. Fabricado com materiais de qualidade alimentar aprovados pela FDA<\/strong><\/p><p>Os nossos mini barris de pl\u00e1stico para vinho s\u00e3o fabricados em polipropileno (PP) de qualidade alimentar aprovado pela FDA, garantindo que o material \u00e9 seguro para armazenar produtos consum\u00edveis. Este material n\u00e3o \u00e9 t\u00f3xico, n\u00e3o tem cheiro e n\u00e3o liberta qu\u00edmicos nocivos para o conte\u00fado, o que o torna a escolha perfeita para vinho e outras bebidas. A utiliza\u00e7\u00e3o de materiais de qualidade alimentar garante que os seus produtos permanecem puros e n\u00e3o contaminados durante todo o per\u00edodo de armazenamento.<\/p><p><strong>1.2. Veda\u00e7\u00e3o estanque e herm\u00e9tica<\/strong><\/p><p>O design dos nossos mini barris de vinho inclui uma tampa segura e \u00e0 prova de fugas que assegura uma veda\u00e7\u00e3o herm\u00e9tica. Esta carater\u00edstica \u00e9 crucial para evitar a oxida\u00e7\u00e3o e manter a qualidade e o sabor do vinho ao longo do tempo. A veda\u00e7\u00e3o herm\u00e9tica tamb\u00e9m impede que quaisquer contaminantes externos entrem no barril, preservando a integridade do seu produto. Este mecanismo de veda\u00e7\u00e3o fi\u00e1vel \u00e9 especialmente importante para produtos que requerem armazenamento a longo prazo.<\/p><p><strong>1.3. Constru\u00e7\u00e3o dur\u00e1vel e resistente a impactos<\/strong><\/p><p>Os nossos barris de pl\u00e1stico para vinho s\u00e3o concebidos para suportar os rigores do transporte e do armazenamento. A constru\u00e7\u00e3o resistente ao impacto garante que os barris mant\u00eam a sua forma e integridade, mesmo quando sujeitos a um manuseamento brusco. Esta durabilidade minimiza o risco de danos, protegendo o seu produto de potenciais perdas. O design robusto tamb\u00e9m garante que os barris podem ser reutilizados v\u00e1rias vezes, oferecendo valor a longo prazo.<\/p><p><strong>1.4. Resist\u00eancia aos UV e aos produtos qu\u00edmicos<\/strong><\/p><p>O pl\u00e1stico utilizado nos nossos barris \u00e9 resistente aos raios UV e aos produtos qu\u00edmicos, o que os torna adequados para armazenamento no interior e no exterior. A resist\u00eancia aos raios UV impede que o material se degrade sob exposi\u00e7\u00e3o prolongada \u00e0 luz solar, enquanto a resist\u00eancia aos produtos qu\u00edmicos garante que os barris podem armazenar em seguran\u00e7a uma vasta gama de subst\u00e2ncias sem risco de corros\u00e3o ou contamina\u00e7\u00e3o. Esta versatilidade faz com que os nossos barris sejam uma excelente escolha para v\u00e1rias necessidades de armazenamento.<\/p><p><strong>1.5. Leve e f\u00e1cil de manusear<\/strong><\/p><p>Apesar da sua durabilidade, os nossos mini barris de vinho s\u00e3o leves, tornando-os f\u00e1ceis de manusear e transportar. O design ergon\u00f3mico inclui uma pega confort\u00e1vel, permitindo um derrame e manuseamento f\u00e1ceis. Esta carater\u00edstica de leveza \u00e9 particularmente ben\u00e9fica para as empresas que necessitam de transportar grandes quantidades de produtos, uma vez que reduz os custos de m\u00e3o de obra e melhora a efici\u00eancia operacional.<\/p>\t\t\t\t\t\t\t\t<\/div>\n\t\t\t\t<\/div>\n\t\t\t\t\t<\/div>\n\t\t\t\t<\/div>\n\t\t<div class=\"elementor-element elementor-element-7b4fd66 e-flex e-con-boxed e-con e-parent\" data-id=\"7b4fd66\" data-element_type=\"container\" data-settings=\"{&quot;_ha_eqh_enable&quot;:false}\">\n\t\t\t\t\t<div class=\"e-con-inner\">\n\t\t\t\t<div class=\"elementor-element elementor-element-6f2702a elementor-widget elementor-widget-heading\" data-id=\"6f2702a\" data-element_type=\"widget\" data-widget_type=\"heading.default\">\n\t\t\t\t<div class=\"elementor-widget-container\">\n\t\t\t\t\t<h2 class=\"elementor-heading-title elementor-size-default\">2. Mini-barris de vinho personaliz\u00e1veis para a marca<\/h2>\t\t\t\t<\/div>\n\t\t\t\t<\/div>\n\t\t\t\t<div class=\"elementor-element elementor-element-eb7c906 elementor-widget elementor-widget-text-editor\" data-id=\"eb7c906\" data-element_type=\"widget\" data-widget_type=\"text-editor.default\">\n\t\t\t\t<div class=\"elementor-widget-container\">\n\t\t\t\t\t\t\t\t\t<div class=\"flex-shrink-0 flex flex-col relative items-end\"><div class=\"pt-0\"><div class=\"gizmo-bot-avatar flex h-8 w-8 items-center justify-center overflow-hidden rounded-full\"><div class=\"relative p-1 rounded-sm flex items-center justify-center bg-token-main-surface-primary text-token-text-primary h-8 w-8\"><p>A marca desempenha um papel crucial na diferencia\u00e7\u00e3o dos seus produtos num mercado concorrido. Os nossos mini barris de vinho oferecem uma gama de op\u00e7\u00f5es de personaliza\u00e7\u00e3o que lhe permitem criar uma presen\u00e7a de marca \u00fanica e memor\u00e1vel.<\/p><p><strong>2.1. Impress\u00e3o por transfer\u00eancia t\u00e9rmica para desenhos personalizados<\/strong><\/p><p>Os nossos barris de vinho de pl\u00e1stico podem ser personalizados utilizando a impress\u00e3o por transfer\u00eancia t\u00e9rmica, um processo que permite que desenhos vibrantes e de alta resolu\u00e7\u00e3o sejam aplicados diretamente na superf\u00edcie dos barris. Este m\u00e9todo \u00e9 ideal para adicionar log\u00f3tipos, nomes de marcas e outros elementos de design que reflictam a identidade da sua marca. O resultado \u00e9 um produto visualmente apelativo que se destaca nas prateleiras das lojas e atrai clientes.<\/p><p><strong>2.2. V\u00e1rias op\u00e7\u00f5es de cores dispon\u00edveis<\/strong><\/p><p>Oferecemos uma variedade de op\u00e7\u00f5es de cores para os nossos mini barris de vinho, permitindo-lhe escolher uma cor que complemente a est\u00e9tica da sua marca. Quer prefira cores cl\u00e1ssicas como o preto ou o branco ou queira fazer uma afirma\u00e7\u00e3o ousada com tons vibrantes, podemos satisfazer as suas prefer\u00eancias. A possibilidade de escolher entre v\u00e1rias cores acrescenta uma camada extra de personaliza\u00e7\u00e3o, ajudando o seu produto a chamar a aten\u00e7\u00e3o de potenciais compradores.<\/p><p><strong>2.3. Designs personaliz\u00e1veis da tampa e da pega<\/strong><\/p><p>Para al\u00e9m do pr\u00f3prio barril, as tampas e as pegas tamb\u00e9m podem ser personalizadas para corresponder ao visual da sua marca. Quer pretenda um design elegante e moderno ou algo mais tradicional, podemos adaptar estes componentes \u00e0s suas especifica\u00e7\u00f5es. Este n\u00edvel de personaliza\u00e7\u00e3o garante que todos os aspectos da sua embalagem se alinham com a imagem global da sua marca.<\/p><p><strong>2.4. Refor\u00e7ar o reconhecimento da marca com uma embalagem \u00fanica<\/strong><\/p><p>Uma embalagem \u00fanica e personalizada \u00e9 uma forma eficaz de aumentar o reconhecimento da marca. Ao incorporar as cores, os log\u00f3tipos e os elementos de design da sua marca na embalagem, cria uma presen\u00e7a de marca consistente e reconhec\u00edvel que se repercute nos consumidores. Este reconhecimento melhorado pode levar a uma maior fidelidade \u00e0 marca e a vendas mais elevadas.<\/p><p><strong>2.5. Solu\u00e7\u00e3o rent\u00e1vel de branding<\/strong><\/p><p>Personalizar os nossos barris de vinho de pl\u00e1stico \u00e9 uma forma econ\u00f3mica de melhorar a sua marca sem a necessidade de r\u00f3tulos dispendiosos ou materiais de embalagem adicionais. A impress\u00e3o e a personaliza\u00e7\u00e3o s\u00e3o feitas diretamente nos barris, poupando-lhe tempo e dinheiro e, ao mesmo tempo, conseguindo um aspeto profissional e polido. Esta solu\u00e7\u00e3o de marca econ\u00f3mica \u00e9 ideal para empresas de todas as dimens\u00f5es.<\/p><\/div><\/div><\/div><\/div>\t\t\t\t\t\t\t\t<\/div>\n\t\t\t\t<\/div>\n\t\t\t\t\t<\/div>\n\t\t\t\t<\/div>\n\t\t<div class=\"elementor-element elementor-element-10a3c46 e-flex e-con-boxed e-con e-parent\" data-id=\"10a3c46\" data-element_type=\"container\" data-settings=\"{&quot;_ha_eqh_enable&quot;:false}\">\n\t\t\t\t\t<div class=\"e-con-inner\">\n\t\t\t\t<div class=\"elementor-element elementor-element-7e80bba elementor-widget elementor-widget-heading\" data-id=\"7e80bba\" data-element_type=\"widget\" data-widget_type=\"heading.default\">\n\t\t\t\t<div class=\"elementor-widget-container\">\n\t\t\t\t\t<h2 class=\"elementor-heading-title elementor-size-default\">3. Pre\u00e7os grossistas acess\u00edveis para compras a granel<\/h2>\t\t\t\t<\/div>\n\t\t\t\t<\/div>\n\t\t\t\t<div class=\"elementor-element elementor-element-da49909 elementor-widget elementor-widget-text-editor\" data-id=\"da49909\" data-element_type=\"widget\" data-widget_type=\"text-editor.default\">\n\t\t\t\t<div class=\"elementor-widget-container\">\n\t\t\t\t\t\t\t\t\t<p>A gest\u00e3o de custos \u00e9 um fator cr\u00edtico para qualquer empresa, e a nossa estrutura de pre\u00e7os por grosso foi concebida para proporcionar um valor excecional para encomendas a granel. Os nossos mini barris de vinho de pl\u00e1stico de 2L t\u00eam pre\u00e7os competitivos, o que os torna uma escolha econ\u00f3mica para empresas de todas as dimens\u00f5es.<\/p><p><strong>3.1. Pre\u00e7os competitivos para grandes encomendas<\/strong><\/p><p>Oferecemos descontos significativos para compras a granel, permitindo-lhe beneficiar de custos unit\u00e1rios reduzidos. Esta estrutura de pre\u00e7os competitiva garante que obt\u00e9m o melhor valor para o seu investimento, facilitando a gest\u00e3o do seu or\u00e7amento e, ao mesmo tempo, obtendo embalagens de alta qualidade. As poupan\u00e7as obtidas com as compras a granel podem ser reinvestidas noutras \u00e1reas da sua empresa, como o marketing ou o desenvolvimento de produtos.<\/p><p><strong>3.2. Quantidades flex\u00edveis de encomenda<\/strong><\/p><p>As nossas quantidades de encomenda flex\u00edveis permitem-lhe comprar o n\u00famero exato de barris de que necessita, quer se trate de um pequeno lote para uma tiragem limitada ou de uma grande encomenda para uma produ\u00e7\u00e3o cont\u00ednua. Esta flexibilidade garante que s\u00f3 paga o que precisa, reduzindo o desperd\u00edcio e optimizando o seu invent\u00e1rio. A nossa capacidade de acomodar encomendas de diferentes tamanhos faz de n\u00f3s um parceiro fi\u00e1vel para empresas com necessidades de produ\u00e7\u00e3o flutuantes.<\/p><p><strong>3.3. Processo de produ\u00e7\u00e3o rent\u00e1vel<\/strong><\/p><p>O nosso processo de produ\u00e7\u00e3o eficiente permite-nos manter os custos baixos sem comprometer a qualidade. Ao racionalizar as nossas opera\u00e7\u00f5es de fabrico e reduzir o desperd\u00edcio, podemos transferir as poupan\u00e7as para os nossos clientes, oferecendo produtos de alta qualidade a pre\u00e7os competitivos. Este processo de produ\u00e7\u00e3o econ\u00f3mico torna os nossos mini barris de vinho uma excelente escolha para empresas que procuram maximizar a sua rentabilidade.<\/p><p><strong>3.4. Poupan\u00e7a de custos a longo prazo<\/strong><\/p><p>Investir em barris de pl\u00e1stico dur\u00e1veis e reutiliz\u00e1veis pode levar a poupan\u00e7as de custos significativas a longo prazo. A constru\u00e7\u00e3o de alta qualidade garante que os barris podem ser reutilizados v\u00e1rias vezes, reduzindo a necessidade de substitui\u00e7\u00f5es frequentes. Esta reutiliza\u00e7\u00e3o n\u00e3o s\u00f3 reduz os seus custos globais de embalagem, como tamb\u00e9m contribui para um modelo de neg\u00f3cio mais sustent\u00e1vel ao minimizar os res\u00edduos.<\/p><p><strong>3.5. Pacotes de pre\u00e7os personalizados<\/strong><\/p><p>Oferecemos pacotes de pre\u00e7os personalizados, adaptados \u00e0s suas necessidades espec\u00edficas e ao volume de encomendas. Quer necessite de personaliza\u00e7\u00e3o adicional, expedi\u00e7\u00e3o r\u00e1pida ou outros servi\u00e7os, podemos trabalhar consigo para criar um pacote de pre\u00e7os que satisfa\u00e7a os seus requisitos. Esta abordagem personalizada garante que recebe o melhor valor poss\u00edvel pelo seu investimento, com uma estrutura de pre\u00e7os concebida para se ajustar ao seu or\u00e7amento.<\/p>\t\t\t\t\t\t\t\t<\/div>\n\t\t\t\t<\/div>\n\t\t\t\t<div class=\"elementor-element elementor-element-1ed92a2 elementor-widget elementor-widget-heading\" data-id=\"1ed92a2\" data-element_type=\"widget\" data-widget_type=\"heading.default\">\n\t\t\t\t<div class=\"elementor-widget-container\">\n\t\t\t\t\t<h2 class=\"elementor-heading-title elementor-size-default\">4. Aplica\u00e7\u00f5es vers\u00e1teis para al\u00e9m do armazenamento de vinho<\/h2>\t\t\t\t<\/div>\n\t\t\t\t<\/div>\n\t\t\t\t<div class=\"elementor-element elementor-element-7f6cef6 elementor-widget elementor-widget-text-editor\" data-id=\"7f6cef6\" data-element_type=\"widget\" data-widget_type=\"text-editor.default\">\n\t\t\t\t<div class=\"elementor-widget-container\">\n\t\t\t\t\t\t\t\t\t<p>Embora os nossos mini barris de pl\u00e1stico para vinho sejam ideais para armazenar vinho, a sua versatilidade torna-os adequados para uma vasta gama de outras aplica\u00e7\u00f5es. Esta flexibilidade aumenta o valor global do produto, tornando-o uma escolha pr\u00e1tica para v\u00e1rias ind\u00fastrias.<\/p><p><strong>4.1. Ideal para bebidas espirituosas e bebidas<\/strong><\/p><p>Para al\u00e9m do vinho, os nossos barris de pl\u00e1stico s\u00e3o perfeitos para armazenar e envelhecer bebidas espirituosas como o u\u00edsque, o rum e a vodka. A veda\u00e7\u00e3o herm\u00e9tica assegura que as bebidas mant\u00eam o seu sabor e qualidade, tornando estes barris numa op\u00e7\u00e3o vers\u00e1til para destilarias e produtores de bebidas. O tamanho pequeno dos barris tamb\u00e9m os torna ideais para edi\u00e7\u00f5es limitadas ou lan\u00e7amentos especiais, onde a manuten\u00e7\u00e3o da integridade do produto \u00e9 crucial.<\/p><p><strong>4.2. Adequado para armazenamento de alimentos<\/strong><\/p><p>Os nossos barris de pl\u00e1stico de qualidade alimentar tamb\u00e9m s\u00e3o adequados para armazenar uma variedade de produtos alimentares, incluindo \u00f3leos, molhos e condimentos. A veda\u00e7\u00e3o herm\u00e9tica e a constru\u00e7\u00e3o duradoura protegem o conte\u00fado da contamina\u00e7\u00e3o, garantindo que os alimentos permanecem frescos e seguros para consumo. Esta aptid\u00e3o para o armazenamento de alimentos faz dos nossos barris uma excelente escolha para empresas da ind\u00fastria alimentar e de bebidas.<\/p><p><strong>4.3. Eficaz para utiliza\u00e7\u00e3o qu\u00edmica e industrial<\/strong><\/p><p>As propriedades resistentes a produtos qu\u00edmicos dos nossos barris de pl\u00e1stico tornam-nos adequados para armazenar produtos qu\u00edmicos industriais, solventes e outros materiais perigosos. A veda\u00e7\u00e3o segura evita fugas e derrames, enquanto a constru\u00e7\u00e3o duradoura garante que os barris podem suportar condi\u00e7\u00f5es adversas. Esta versatilidade faz com que os nossos barris sejam uma op\u00e7\u00e3o fi\u00e1vel para as empresas dos sectores qu\u00edmico e industrial.<\/p><p><strong>4.4. Pr\u00e1ticas de armazenagem dom\u00e9stica e comercial<\/strong><\/p><p>Para al\u00e9m das aplica\u00e7\u00f5es industriais, os nossos barris de pl\u00e1stico podem ser utilizados para uma variedade de necessidades de armazenamento dom\u00e9stico e comercial. Quer se trate de armazenar material de limpeza, produtos de jardinagem ou outros artigos dom\u00e9sticos, estes barris proporcionam uma solu\u00e7\u00e3o duradoura e reutiliz\u00e1vel. O seu tamanho compacto e a sua constru\u00e7\u00e3o robusta tornam-nos ideais tanto para uso residencial como comercial.<\/p><p><strong>4.5. Reutiliz\u00e1vel e recicl\u00e1vel para m\u00faltiplas utiliza\u00e7\u00f5es<\/strong><\/p><p>Uma das principais vantagens dos nossos barris de pl\u00e1stico \u00e9 a sua reutiliza\u00e7\u00e3o. Ap\u00f3s a sua utiliza\u00e7\u00e3o inicial, podem ser limpos e reutilizados para outras necessidades de armazenamento, reduzindo a necessidade de recipientes de utiliza\u00e7\u00e3o \u00fanica. Esta reutiliza\u00e7\u00e3o n\u00e3o s\u00f3 poupa dinheiro, como tamb\u00e9m apoia pr\u00e1ticas sustent\u00e1veis ao minimizar os res\u00edduos. Al\u00e9m disso, os barris s\u00e3o totalmente recicl\u00e1veis, o que os torna uma escolha ecol\u00f3gica para empresas empenhadas na responsabilidade ambiental.<\/p>\t\t\t\t\t\t\t\t<\/div>\n\t\t\t\t<\/div>\n\t\t\t\t<div class=\"elementor-element elementor-element-07c4699 elementor-widget elementor-widget-heading\" data-id=\"07c4699\" data-element_type=\"widget\" data-widget_type=\"heading.default\">\n\t\t\t\t<div class=\"elementor-widget-container\">\n\t\t\t\t\t<h2 class=\"elementor-heading-title elementor-size-default\">5. Material pl\u00e1stico reutiliz\u00e1vel e amigo do ambiente<\/h2>\t\t\t\t<\/div>\n\t\t\t\t<\/div>\n\t\t\t\t<div class=\"elementor-element elementor-element-ec7824b elementor-widget elementor-widget-text-editor\" data-id=\"ec7824b\" data-element_type=\"widget\" data-widget_type=\"text-editor.default\">\n\t\t\t\t<div class=\"elementor-widget-container\">\n\t\t\t\t\t\t\t\t\t<p>No atual mercado ambientalmente consciente, a sustentabilidade \u00e9 uma considera\u00e7\u00e3o fundamental para muitas empresas. Os nossos mini barris de pl\u00e1stico para vinho s\u00e3o concebidos com princ\u00edpios ecol\u00f3gicos em mente, oferecendo uma solu\u00e7\u00e3o de embalagem sustent\u00e1vel que se alinha com os seus objectivos ambientais.<\/p><p><strong>5.1. 100% Material de polipropileno recicl\u00e1vel<\/strong><\/p><p>Os nossos bid\u00f5es de pl\u00e1stico s\u00e3o fabricados em polipropileno recicl\u00e1vel 100%, um material que pode ser reprocessado e reutilizado v\u00e1rias vezes. Esta capacidade de reciclagem reduz o impacto ambiental da sua embalagem, apoiando a mudan\u00e7a global para pr\u00e1ticas de fabrico mais sustent\u00e1veis. Ao escolher materiais recicl\u00e1veis, est\u00e1 a contribuir para a redu\u00e7\u00e3o dos res\u00edduos de pl\u00e1stico e a promover uma economia circular.<\/p><p><strong>5.2. Concebidos para a longevidade e a reutiliza\u00e7\u00e3o<\/strong><\/p><p>A constru\u00e7\u00e3o duradoura dos nossos barris garante que podem ser reutilizados v\u00e1rias vezes, reduzindo a necessidade de recipientes de utiliza\u00e7\u00e3o \u00fanica. Esta reutiliza\u00e7\u00e3o a longo prazo \u00e9 um fator chave para minimizar o desperd\u00edcio e apoiar pr\u00e1ticas sustent\u00e1veis. Ao investir em embalagens reutiliz\u00e1veis, est\u00e1 a assumir um compromisso com a sustentabilidade que beneficia tanto a sua empresa como o ambiente.<\/p><p><strong>5.3. Processo de fabrico de baixo impacto<\/strong><\/p><p>Os nossos processos de fabrico foram concebidos para minimizar o consumo de energia e as emiss\u00f5es de carbono. Ao utilizar m\u00e9todos de produ\u00e7\u00e3o energeticamente eficientes e ao reduzir os res\u00edduos, conseguimos oferecer produtos com uma pegada de carbono mais baixa. Este compromisso com a sustentabilidade estende-se a toda a nossa cadeia de fornecimento, garantindo que os nossos barris s\u00e3o t\u00e3o amigos do ambiente quanto poss\u00edvel.<\/p><p><strong>5.4. Conformidade com a regulamenta\u00e7\u00e3o ambiental<\/strong><\/p><p>Todos os nossos barris de pl\u00e1stico s\u00e3o fabricados em conformidade com regulamentos ambientais rigorosos, garantindo que cumprem os mais elevados padr\u00f5es de sustentabilidade. Esta conformidade \u00e9 essencial para as empresas que precisam de aderir \u00e0s diretrizes ambientais, particularmente em ind\u00fastrias como a alimentar e de bebidas. Os nossos barris fornecem uma solu\u00e7\u00e3o fi\u00e1vel e em conformidade que apoia os seus objectivos de sustentabilidade.<\/p><p><strong>5.5. Apoiar as suas iniciativas ecol\u00f3gicas<\/strong><\/p><p>Ao escolher os nossos barris de pl\u00e1stico ecol\u00f3gicos, est\u00e1 a apoiar as iniciativas ecol\u00f3gicas da sua empresa e a demonstrar um compromisso com a responsabilidade ambiental. Quer pretenda reduzir a sua pegada de carbono, minimizar os res\u00edduos ou promover a reciclagem, os nossos barris oferecem uma solu\u00e7\u00e3o que se alinha com os seus objectivos de sustentabilidade. Estabelecer uma parceria connosco significa investir em produtos que apoiam um futuro mais sustent\u00e1vel para a sua empresa e para o planeta.<\/p><hr \/><h3>Conclus\u00e3o<\/h3><p>Os nossos mini barris de vinho em pl\u00e1stico de qualidade alimentar de 2L oferecem uma solu\u00e7\u00e3o vers\u00e1til, personaliz\u00e1vel e ecol\u00f3gica para empresas do sector alimentar e de bebidas e n\u00e3o s\u00f3. Com foco na qualidade, acessibilidade e sustentabilidade, estes barris s\u00e3o concebidos para satisfazer as necessidades dos fabricantes, grossistas, distribuidores e retalhistas.<\/p><p>Quer pretenda real\u00e7ar a sua marca atrav\u00e9s de designs personalizados, otimizar os seus custos de embalagem ou apoiar os seus objectivos de sustentabilidade, os nossos barris de pl\u00e1stico oferecem a solu\u00e7\u00e3o perfeita. Contacte-nos hoje para saber mais sobre como as nossas solu\u00e7\u00f5es de armazenamento em pl\u00e1stico podem satisfazer as suas necessidades espec\u00edficas e apoiar os seus objectivos comerciais. Deixe-nos ajud\u00e1-lo a encontrar a solu\u00e7\u00e3o de armazenamento ideal que se alinha com a sua vis\u00e3o e impulsiona o seu sucesso.<\/p>\t\t\t\t\t\t\t\t<\/div>\n\t\t\t\t<\/div>\n\t\t\t\t\t<\/div>\n\t\t\t\t<\/div>\n\t\t\t\t<section class=\"elementor-section elementor-top-section elementor-element elementor-element-2334e384 elementor-section-boxed elementor-section-height-default elementor-section-height-default\" data-id=\"2334e384\" data-element_type=\"section\" data-settings=\"{&quot;_ha_eqh_enable&quot;:false}\">\n\t\t\t\t\t\t<div class=\"elementor-container elementor-column-gap-default\">\n\t\t\t\t\t<div class=\"elementor-column elementor-col-50 elementor-top-column elementor-element elementor-element-58fce9e2\" data-id=\"58fce9e2\" data-element_type=\"column\">\n\t\t\t<div class=\"elementor-widget-wrap elementor-element-populated\">\n\t\t\t\t\t\t<div class=\"elementor-element elementor-element-651cbfba elementor-widget elementor-widget-image\" data-id=\"651cbfba\" data-element_type=\"widget\" data-widget_type=\"image.default\">\n\t\t\t\t<div class=\"elementor-widget-container\">\n\t\t\t\t\t\t\t\t\t\t\t\t\t\t\t<img fetchpriority=\"high\" decoding=\"async\" width=\"1400\" height=\"1000\" src=\"https:\/\/packagingbucket.com\/wp-content\/uploads\/2024\/08\/product-page-product.jpg\" class=\"attachment-large size-large wp-image-400\" alt=\"p\u00e1gina do produto-produto\" srcset=\"https:\/\/packagingbucket.com\/wp-content\/uploads\/2024\/08\/product-page-product.jpg 1400w, https:\/\/packagingbucket.com\/wp-content\/uploads\/2024\/08\/product-page-product-768x549.jpg 768w, https:\/\/packagingbucket.com\/wp-content\/uploads\/2024\/08\/product-page-product-18x12.jpg 18w\" sizes=\"(max-width: 1400px) 100vw, 1400px\" \/>\t\t\t\t\t\t\t\t\t\t\t\t\t\t\t<\/div>\n\t\t\t\t<\/div>\n\t\t\t\t\t<\/div>\n\t\t<\/div>\n\t\t\t\t<div class=\"elementor-column elementor-col-50 elementor-top-column elementor-element elementor-element-652b227\" data-id=\"652b227\" data-element_type=\"column\" data-settings=\"{&quot;background_background&quot;:&quot;classic&quot;}\">\n\t\t\t<div class=\"elementor-widget-wrap elementor-element-populated\">\n\t\t\t\t\t\t<div class=\"elementor-element elementor-element-344ce870 elementor-widget elementor-widget-heading\" data-id=\"344ce870\" data-element_type=\"widget\" data-widget_type=\"heading.default\">\n\t\t\t\t<div class=\"elementor-widget-container\">\n\t\t\t\t\t<h2 class=\"elementor-heading-title elementor-size-default\">Mais Baldes de embalagem<\/h2>\t\t\t\t<\/div>\n\t\t\t\t<\/div>\n\t\t\t\t<section class=\"elementor-section elementor-inner-section elementor-element elementor-element-b859674 elementor-section-boxed elementor-section-height-default elementor-section-height-default\" data-id=\"b859674\" data-element_type=\"section\" data-settings=\"{&quot;_ha_eqh_enable&quot;:false}\">\n\t\t\t\t\t\t<div class=\"elementor-container elementor-column-gap-default\">\n\t\t\t\t\t<div class=\"elementor-column elementor-col-100 elementor-inner-column elementor-element elementor-element-5ba189a\" data-id=\"5ba189a\" data-element_type=\"column\">\n\t\t\t<div class=\"elementor-widget-wrap elementor-element-populated\">\n\t\t\t\t\t\t<div class=\"elementor-element elementor-element-213e77f elementor-widget elementor-widget-text-editor\" data-id=\"213e77f\" data-element_type=\"widget\" data-widget_type=\"text-editor.default\">\n\t\t\t\t<div class=\"elementor-widget-container\">\n\t\t\t\t\t\t\t\t\t<p>Explore a nossa vasta gama de baldes para embalagens de pl\u00e1stico de alta qualidade, concebidos para v\u00e1rias ind\u00fastrias, incluindo a alimentar, a qu\u00edmica e a da constru\u00e7\u00e3o. Com op\u00e7\u00f5es personaliz\u00e1veis e normas de seguran\u00e7a certificadas, os nossos baldes garantem que os seus produtos s\u00e3o embalados de forma segura. Visite a nossa p\u00e1gina de produtos para rever todas as op\u00e7\u00f5es dispon\u00edveis e encontrar a solu\u00e7\u00e3o perfeita para as suas necessidades<\/p>\t\t\t\t\t\t\t\t<\/div>\n\t\t\t\t<\/div>\n\t\t\t\t<div class=\"elementor-element elementor-element-9f4ab7c elementor-widget elementor-widget-button\" data-id=\"9f4ab7c\" data-element_type=\"widget\" data-widget_type=\"button.default\">\n\t\t\t\t<div class=\"elementor-widget-container\">\n\t\t\t\t\t\t\t\t\t<div class=\"elementor-button-wrapper\">\n\t\t\t\t\t<a class=\"elementor-button elementor-button-link elementor-size-sm\" href=\"https:\/\/packagingbucket.com\/pt\/category\/packaging-buckets\/\">\n\t\t\t\t\t\t<span class=\"elementor-button-content-wrapper\">\n\t\t\t\t\t\t\t\t\t<span class=\"elementor-button-text\">Encontrar mais baldes de embalagem<\/span>\n\t\t\t\t\t<\/span>\n\t\t\t\t\t<\/a>\n\t\t\t\t<\/div>\n\t\t\t\t\t\t\t\t<\/div>\n\t\t\t\t<\/div>\n\t\t\t\t\t<\/div>\n\t\t<\/div>\n\t\t\t\t\t<\/div>\n\t\t<\/section>\n\t\t\t\t\t<\/div>\n\t\t<\/div>\n\t\t\t\t\t<\/div>\n\t\t<\/section>\n\t\t\t\t<section class=\"elementor-section elementor-top-section elementor-element elementor-element-19f10cb elementor-section-boxed elementor-section-height-default elementor-section-height-default\" data-id=\"19f10cb\" data-element_type=\"section\" data-settings=\"{&quot;_ha_eqh_enable&quot;:false}\">\n\t\t\t\t\t\t<div class=\"elementor-container elementor-column-gap-default\">\n\t\t\t\t\t<div class=\"elementor-column elementor-col-50 elementor-top-column elementor-element elementor-element-6f3d799\" data-id=\"6f3d799\" data-element_type=\"column\" data-settings=\"{&quot;background_background&quot;:&quot;classic&quot;}\">\n\t\t\t<div class=\"elementor-widget-wrap elementor-element-populated\">\n\t\t\t\t\t\t<div class=\"elementor-element elementor-element-e250ebf elementor-widget elementor-widget-heading\" data-id=\"e250ebf\" data-element_type=\"widget\" data-widget_type=\"heading.default\">\n\t\t\t\t<div class=\"elementor-widget-container\">\n\t\t\t\t\t<h2 class=\"elementor-heading-title elementor-size-default\">Acerca dos baldes para embalagens<\/h2>\t\t\t\t<\/div>\n\t\t\t\t<\/div>\n\t\t\t\t<section class=\"elementor-section elementor-inner-section elementor-element elementor-element-b4c36a7 elementor-section-boxed elementor-section-height-default elementor-section-height-default\" data-id=\"b4c36a7\" data-element_type=\"section\" data-settings=\"{&quot;_ha_eqh_enable&quot;:false}\">\n\t\t\t\t\t\t<div class=\"elementor-container elementor-column-gap-default\">\n\t\t\t\t\t<div class=\"elementor-column elementor-col-100 elementor-inner-column elementor-element elementor-element-28bfd2f\" data-id=\"28bfd2f\" data-element_type=\"column\">\n\t\t\t<div class=\"elementor-widget-wrap elementor-element-populated\">\n\t\t\t\t\t\t<div class=\"elementor-element elementor-element-c54564b elementor-widget elementor-widget-text-editor\" data-id=\"c54564b\" data-element_type=\"widget\" data-widget_type=\"text-editor.default\">\n\t\t\t\t<div class=\"elementor-widget-container\">\n\t\t\t\t\t\t\t\t\t<p>Com mais de 20 anos de experi\u00eancia, somos um fabricante l\u00edder de baldes para embalagens de pl\u00e1stico, oferecendo solu\u00e7\u00f5es personalizadas e de alta qualidade para v\u00e1rios sectores. O nosso compromisso com a qualidade, a inova\u00e7\u00e3o e a satisfa\u00e7\u00e3o do cliente distingue-nos. Explore a nossa extensa gama de produtos e descubra porque \u00e9 que somos uma escolha de topo para empresas em todo o mundo<\/p>\t\t\t\t\t\t\t\t<\/div>\n\t\t\t\t<\/div>\n\t\t\t\t<div class=\"elementor-element elementor-element-aba6a68 elementor-widget elementor-widget-button\" data-id=\"aba6a68\" data-element_type=\"widget\" data-widget_type=\"button.default\">\n\t\t\t\t<div class=\"elementor-widget-container\">\n\t\t\t\t\t\t\t\t\t<div class=\"elementor-button-wrapper\">\n\t\t\t\t\t<a class=\"elementor-button elementor-button-link elementor-size-sm\" href=\"https:\/\/packagingbucket.com\/pt\/about\/\">\n\t\t\t\t\t\t<span class=\"elementor-button-content-wrapper\">\n\t\t\t\t\t\t\t\t\t<span class=\"elementor-button-text\">Ler mais<\/span>\n\t\t\t\t\t<\/span>\n\t\t\t\t\t<\/a>\n\t\t\t\t<\/div>\n\t\t\t\t\t\t\t\t<\/div>\n\t\t\t\t<\/div>\n\t\t\t\t\t<\/div>\n\t\t<\/div>\n\t\t\t\t\t<\/div>\n\t\t<\/section>\n\t\t\t\t\t<\/div>\n\t\t<\/div>\n\t\t\t\t<div class=\"elementor-column elementor-col-50 elementor-top-column elementor-element elementor-element-d60fad3\" data-id=\"d60fad3\" data-element_type=\"column\">\n\t\t\t<div class=\"elementor-widget-wrap elementor-element-populated\">\n\t\t\t\t\t\t<div class=\"elementor-element elementor-element-73230d7 elementor-widget elementor-widget-image\" data-id=\"73230d7\" data-element_type=\"widget\" data-widget_type=\"image.default\">\n\t\t\t\t<div class=\"elementor-widget-container\">\n\t\t\t\t\t\t\t\t\t\t\t\t\t\t\t<img decoding=\"async\" width=\"1400\" height=\"1000\" src=\"https:\/\/packagingbucket.com\/wp-content\/uploads\/2024\/08\/page-about.jpg\" class=\"attachment-large size-large wp-image-414\" alt=\"sobre n\u00f3s\" srcset=\"https:\/\/packagingbucket.com\/wp-content\/uploads\/2024\/08\/page-about.jpg 1400w, https:\/\/packagingbucket.com\/wp-content\/uploads\/2024\/08\/page-about-768x549.jpg 768w, https:\/\/packagingbucket.com\/wp-content\/uploads\/2024\/08\/page-about-18x12.jpg 18w\" sizes=\"(max-width: 1400px) 100vw, 1400px\" \/>\t\t\t\t\t\t\t\t\t\t\t\t\t\t\t<\/div>\n\t\t\t\t<\/div>\n\t\t\t\t\t<\/div>\n\t\t<\/div>\n\t\t\t\t\t<\/div>\n\t\t<\/section>\n\t\t\t\t<section class=\"elementor-section elementor-top-section elementor-element elementor-element-506d9f5 elementor-section-boxed elementor-section-height-default elementor-section-height-default\" data-id=\"506d9f5\" data-element_type=\"section\" data-settings=\"{&quot;_ha_eqh_enable&quot;:false}\">\n\t\t\t\t\t\t<div class=\"elementor-container elementor-column-gap-default\">\n\t\t\t\t\t<div class=\"elementor-column elementor-col-50 elementor-top-column elementor-element elementor-element-3a8c853\" data-id=\"3a8c853\" data-element_type=\"column\">\n\t\t\t<div class=\"elementor-widget-wrap elementor-element-populated\">\n\t\t\t\t\t\t<div class=\"elementor-element elementor-element-26641c9 elementor-widget elementor-widget-image\" data-id=\"26641c9\" data-element_type=\"widget\" data-widget_type=\"image.default\">\n\t\t\t\t<div class=\"elementor-widget-container\">\n\t\t\t\t\t\t\t\t\t\t\t\t\t\t\t<img decoding=\"async\" width=\"1400\" height=\"1000\" src=\"https:\/\/packagingbucket.com\/wp-content\/uploads\/2024\/08\/page-about-1.jpg\" class=\"attachment-large size-large wp-image-415\" alt=\"p\u00e1gina sobre\" srcset=\"https:\/\/packagingbucket.com\/wp-content\/uploads\/2024\/08\/page-about-1.jpg 1400w, https:\/\/packagingbucket.com\/wp-content\/uploads\/2024\/08\/page-about-1-768x549.jpg 768w, https:\/\/packagingbucket.com\/wp-content\/uploads\/2024\/08\/page-about-1-18x12.jpg 18w\" sizes=\"(max-width: 1400px) 100vw, 1400px\" \/>\t\t\t\t\t\t\t\t\t\t\t\t\t\t\t<\/div>\n\t\t\t\t<\/div>\n\t\t\t\t\t<\/div>\n\t\t<\/div>\n\t\t\t\t<div class=\"elementor-column elementor-col-50 elementor-top-column elementor-element elementor-element-abeb936\" data-id=\"abeb936\" data-element_type=\"column\" data-settings=\"{&quot;background_background&quot;:&quot;classic&quot;}\">\n\t\t\t<div class=\"elementor-widget-wrap elementor-element-populated\">\n\t\t\t\t\t\t<div class=\"elementor-element elementor-element-ea328ac elementor-widget elementor-widget-heading\" data-id=\"ea328ac\" data-element_type=\"widget\" data-widget_type=\"heading.default\">\n\t\t\t\t<div class=\"elementor-widget-container\">\n\t\t\t\t\t<h2 class=\"elementor-heading-title elementor-size-default\">Contacto Baldes de embalagem<\/h2>\t\t\t\t<\/div>\n\t\t\t\t<\/div>\n\t\t\t\t<section class=\"elementor-section elementor-inner-section elementor-element elementor-element-0aa3329 elementor-section-boxed elementor-section-height-default elementor-section-height-default\" data-id=\"0aa3329\" data-element_type=\"section\" data-settings=\"{&quot;_ha_eqh_enable&quot;:false}\">\n\t\t\t\t\t\t<div class=\"elementor-container elementor-column-gap-default\">\n\t\t\t\t\t<div class=\"elementor-column elementor-col-100 elementor-inner-column elementor-element elementor-element-a22d228\" data-id=\"a22d228\" data-element_type=\"column\">\n\t\t\t<div class=\"elementor-widget-wrap elementor-element-populated\">\n\t\t\t\t\t\t<div class=\"elementor-element elementor-element-81cc9e5 elementor-widget elementor-widget-text-editor\" data-id=\"81cc9e5\" data-element_type=\"widget\" data-widget_type=\"text-editor.default\">\n\t\t\t\t<div class=\"elementor-widget-container\">\n\t\t\t\t\t\t\t\t\t<p>Para quaisquer quest\u00f5es ou para efetuar uma encomenda, contacte-nos. A nossa equipa est\u00e1 pronta para o ajudar com as suas necessidades de embalagem. Quer necessite de mais informa\u00e7\u00f5es ou de uma solu\u00e7\u00e3o personalizada, contacte-nos hoje mesmo e garantiremos uma resposta r\u00e1pida e \u00fatil<\/p>\t\t\t\t\t\t\t\t<\/div>\n\t\t\t\t<\/div>\n\t\t\t\t<div class=\"elementor-element elementor-element-f250cfa elementor-widget elementor-widget-button\" data-id=\"f250cfa\" data-element_type=\"widget\" data-widget_type=\"button.default\">\n\t\t\t\t<div class=\"elementor-widget-container\">\n\t\t\t\t\t\t\t\t\t<div class=\"elementor-button-wrapper\">\n\t\t\t\t\t<a class=\"elementor-button elementor-button-link elementor-size-sm\" href=\"https:\/\/packagingbucket.com\/pt\/contact\/\">\n\t\t\t\t\t\t<span class=\"elementor-button-content-wrapper\">\n\t\t\t\t\t\t\t\t\t<span class=\"elementor-button-text\">Ler mais<\/span>\n\t\t\t\t\t<\/span>\n\t\t\t\t\t<\/a>\n\t\t\t\t<\/div>\n\t\t\t\t\t\t\t\t<\/div>\n\t\t\t\t<\/div>\n\t\t\t\t\t<\/div>\n\t\t<\/div>\n\t\t\t\t\t<\/div>\n\t\t<\/section>\n\t\t\t\t\t<\/div>\n\t\t<\/div>\n\t\t\t\t\t<\/div>\n\t\t<\/section>\n\t\t\t\t<section class=\"elementor-section elementor-top-section elementor-element elementor-element-7afd70cf elementor-section-boxed elementor-section-height-default elementor-section-height-default\" data-id=\"7afd70cf\" data-element_type=\"section\" data-settings=\"{&quot;_ha_eqh_enable&quot;:false}\">\n\t\t\t\t\t\t<div class=\"elementor-container elementor-column-gap-default\">\n\t\t\t\t\t<div class=\"elementor-column elementor-col-100 elementor-top-column elementor-element elementor-element-303f5618\" data-id=\"303f5618\" data-element_type=\"column\">\n\t\t\t<div class=\"elementor-widget-wrap elementor-element-populated\">\n\t\t\t\t\t\t<section class=\"elementor-section elementor-inner-section elementor-element elementor-element-53709f24 elementor-section-boxed elementor-section-height-default elementor-section-height-default\" data-id=\"53709f24\" data-element_type=\"section\" data-settings=\"{&quot;_ha_eqh_enable&quot;:false}\">\n\t\t\t\t\t\t<div class=\"elementor-container elementor-column-gap-default\">\n\t\t\t\t\t<div class=\"elementor-column elementor-col-33 elementor-inner-column elementor-element elementor-element-6944659b\" data-id=\"6944659b\" data-element_type=\"column\">\n\t\t\t<div class=\"elementor-widget-wrap\">\n\t\t\t\t\t\t\t<\/div>\n\t\t<\/div>\n\t\t\t\t<div class=\"elementor-column elementor-col-33 elementor-inner-column elementor-element elementor-element-7226f58b\" data-id=\"7226f58b\" data-element_type=\"column\">\n\t\t\t<div class=\"elementor-widget-wrap elementor-element-populated\">\n\t\t\t\t\t\t<div class=\"elementor-element elementor-element-45745e3f elementor-widget elementor-widget-heading\" data-id=\"45745e3f\" data-element_type=\"widget\" data-widget_type=\"heading.default\">\n\t\t\t\t<div class=\"elementor-widget-container\">\n\t\t\t\t\t<h2 class=\"elementor-heading-title elementor-size-default\">Perguntas frequentes<\/h2>\t\t\t\t<\/div>\n\t\t\t\t<\/div>\n\t\t\t\t<div class=\"elementor-element elementor-element-f676124 elementor-widget elementor-widget-text-editor\" data-id=\"f676124\" data-element_type=\"widget\" data-widget_type=\"text-editor.default\">\n\t\t\t\t<div class=\"elementor-widget-container\">\n\t\t\t\t\t\t\t\t\t<p>Perguntas frequentes sobre o fabrico de baldes para embalagens<\/p>\t\t\t\t\t\t\t\t<\/div>\n\t\t\t\t<\/div>\n\t\t\t\t\t<\/div>\n\t\t<\/div>\n\t\t\t\t<div class=\"elementor-column elementor-col-33 elementor-inner-column elementor-element elementor-element-6177245\" data-id=\"6177245\" data-element_type=\"column\">\n\t\t\t<div class=\"elementor-widget-wrap\">\n\t\t\t\t\t\t\t<\/div>\n\t\t<\/div>\n\t\t\t\t\t<\/div>\n\t\t<\/section>\n\t\t\t\t<section class=\"elementor-section elementor-inner-section elementor-element elementor-element-24fb0746 elementor-section-boxed elementor-section-height-default elementor-section-height-default\" data-id=\"24fb0746\" data-element_type=\"section\" data-settings=\"{&quot;_ha_eqh_enable&quot;:false}\">\n\t\t\t\t\t\t<div class=\"elementor-container elementor-column-gap-wide\">\n\t\t\t\t\t<div class=\"elementor-column elementor-col-50 elementor-inner-column elementor-element elementor-element-15d29bf4\" data-id=\"15d29bf4\" data-element_type=\"column\">\n\t\t\t<div class=\"elementor-widget-wrap elementor-element-populated\">\n\t\t\t\t\t\t<div class=\"elementor-element elementor-element-2aa200b3 elementor-widget elementor-widget-accordion\" data-id=\"2aa200b3\" data-element_type=\"widget\" data-widget_type=\"accordion.default\">\n\t\t\t\t<div class=\"elementor-widget-container\">\n\t\t\t\t\t\t\t<div class=\"elementor-accordion\">\n\t\t\t\t\t\t\t<div class=\"elementor-accordion-item\">\n\t\t\t\t\t<h2 id=\"elementor-tab-title-7151\" class=\"elementor-tab-title\" data-tab=\"1\" role=\"button\" aria-controls=\"elementor-tab-content-7151\" aria-expanded=\"false\">\n\t\t\t\t\t\t\t\t\t\t\t\t\t<span class=\"elementor-accordion-icon elementor-accordion-icon-left\" aria-hidden=\"true\">\n\t\t\t\t\t\t\t\t\t\t\t\t\t\t\t<span class=\"elementor-accordion-icon-closed\"><svg class=\"e-font-icon-svg e-fas-angle-right\" viewbox=\"0 0 256 512\" xmlns=\"http:\/\/www.w3.org\/2000\/svg\"><path d=\"M224.3 273l-136 136c-9.4 9.4-24.6 9.4-33.9 0l-22.6-22.6c-9.4-9.4-9.4-24.6 0-33.9l96.4-96.4-96.4-96.4c-9.4-9.4-9.4-24.6 0-33.9L54.3 103c9.4-9.4 24.6-9.4 33.9 0l136 136c9.5 9.4 9.5 24.6.1 34z\"><\/path><\/svg><\/span>\n\t\t\t\t\t\t\t\t<span class=\"elementor-accordion-icon-opened\"><svg class=\"e-font-icon-svg e-fas-angle-down\" viewbox=\"0 0 320 512\" xmlns=\"http:\/\/www.w3.org\/2000\/svg\"><path d=\"M143 352.3L7 216.3c-9.4-9.4-9.4-24.6 0-33.9l22.6-22.6c9.4-9.4 24.6-9.4 33.9 0l96.4 96.4 96.4-96.4c9.4-9.4 24.6-9.4 33.9 0l22.6 22.6c9.4 9.4 9.4 24.6 0 33.9l-136 136c-9.2 9.4-24.4 9.4-33.8 0z\"><\/path><\/svg><\/span>\n\t\t\t\t\t\t\t\t\t\t\t\t\t\t<\/span>\n\t\t\t\t\t\t\t\t\t\t\t\t<a class=\"elementor-accordion-title\" tabindex=\"0\">Que tipos de pl\u00e1stico s\u00e3o utilizados nos vossos baldes?<\/a>\n\t\t\t\t\t<\/h2>\n\t\t\t\t\t<div id=\"elementor-tab-content-7151\" class=\"elementor-tab-content elementor-clearfix\" data-tab=\"1\" role=\"region\" aria-labelledby=\"elementor-tab-title-7151\"><p>Os nossos baldes de pl\u00e1stico s\u00e3o normalmente fabricados com materiais de alta qualidade, como o polietileno (PE) e o polipropileno (PP). Estes materiais s\u00e3o selecionados pela sua durabilidade, resist\u00eancia a produtos qu\u00edmicos e capacidade de manter a integridade em v\u00e1rias condi\u00e7\u00f5es<\/p><\/div>\n\t\t\t\t<\/div>\n\t\t\t\t\t\t\t<div class=\"elementor-accordion-item\">\n\t\t\t\t\t<h2 id=\"elementor-tab-title-7152\" class=\"elementor-tab-title\" data-tab=\"2\" role=\"button\" aria-controls=\"elementor-tab-content-7152\" aria-expanded=\"false\">\n\t\t\t\t\t\t\t\t\t\t\t\t\t<span class=\"elementor-accordion-icon elementor-accordion-icon-left\" aria-hidden=\"true\">\n\t\t\t\t\t\t\t\t\t\t\t\t\t\t\t<span class=\"elementor-accordion-icon-closed\"><svg class=\"e-font-icon-svg e-fas-angle-right\" viewbox=\"0 0 256 512\" xmlns=\"http:\/\/www.w3.org\/2000\/svg\"><path d=\"M224.3 273l-136 136c-9.4 9.4-24.6 9.4-33.9 0l-22.6-22.6c-9.4-9.4-9.4-24.6 0-33.9l96.4-96.4-96.4-96.4c-9.4-9.4-9.4-24.6 0-33.9L54.3 103c9.4-9.4 24.6-9.4 33.9 0l136 136c9.5 9.4 9.5 24.6.1 34z\"><\/path><\/svg><\/span>\n\t\t\t\t\t\t\t\t<span class=\"elementor-accordion-icon-opened\"><svg class=\"e-font-icon-svg e-fas-angle-down\" viewbox=\"0 0 320 512\" xmlns=\"http:\/\/www.w3.org\/2000\/svg\"><path d=\"M143 352.3L7 216.3c-9.4-9.4-9.4-24.6 0-33.9l22.6-22.6c9.4-9.4 24.6-9.4 33.9 0l96.4 96.4 96.4-96.4c9.4-9.4 24.6-9.4 33.9 0l22.6 22.6c9.4 9.4 9.4 24.6 0 33.9l-136 136c-9.2 9.4-24.4 9.4-33.8 0z\"><\/path><\/svg><\/span>\n\t\t\t\t\t\t\t\t\t\t\t\t\t\t<\/span>\n\t\t\t\t\t\t\t\t\t\t\t\t<a class=\"elementor-accordion-title\" tabindex=\"0\">Posso personalizar o tamanho e o design dos baldes?<\/a>\n\t\t\t\t\t<\/h2>\n\t\t\t\t\t<div id=\"elementor-tab-content-7152\" class=\"elementor-tab-content elementor-clearfix\" data-tab=\"2\" role=\"region\" aria-labelledby=\"elementor-tab-title-7152\"><p>Sim, oferecemos uma gama de op\u00e7\u00f5es de personaliza\u00e7\u00e3o. Pode especificar dimens\u00f5es, cores e carater\u00edsticas de design, tais como pegas ou tampas. Contacte a nossa equipa de vendas com os seus requisitos e trabalharemos consigo para criar uma solu\u00e7\u00e3o que satisfa\u00e7a as suas necessidades<\/p><\/div>\n\t\t\t\t<\/div>\n\t\t\t\t\t\t\t<div class=\"elementor-accordion-item\">\n\t\t\t\t\t<h2 id=\"elementor-tab-title-7153\" class=\"elementor-tab-title\" data-tab=\"3\" role=\"button\" aria-controls=\"elementor-tab-content-7153\" aria-expanded=\"false\">\n\t\t\t\t\t\t\t\t\t\t\t\t\t<span class=\"elementor-accordion-icon elementor-accordion-icon-left\" aria-hidden=\"true\">\n\t\t\t\t\t\t\t\t\t\t\t\t\t\t\t<span class=\"elementor-accordion-icon-closed\"><svg class=\"e-font-icon-svg e-fas-angle-right\" viewbox=\"0 0 256 512\" xmlns=\"http:\/\/www.w3.org\/2000\/svg\"><path d=\"M224.3 273l-136 136c-9.4 9.4-24.6 9.4-33.9 0l-22.6-22.6c-9.4-9.4-9.4-24.6 0-33.9l96.4-96.4-96.4-96.4c-9.4-9.4-9.4-24.6 0-33.9L54.3 103c9.4-9.4 24.6-9.4 33.9 0l136 136c9.5 9.4 9.5 24.6.1 34z\"><\/path><\/svg><\/span>\n\t\t\t\t\t\t\t\t<span class=\"elementor-accordion-icon-opened\"><svg class=\"e-font-icon-svg e-fas-angle-down\" viewbox=\"0 0 320 512\" xmlns=\"http:\/\/www.w3.org\/2000\/svg\"><path d=\"M143 352.3L7 216.3c-9.4-9.4-9.4-24.6 0-33.9l22.6-22.6c9.4-9.4 24.6-9.4 33.9 0l96.4 96.4 96.4-96.4c9.4-9.4 24.6-9.4 33.9 0l22.6 22.6c9.4 9.4 9.4 24.6 0 33.9l-136 136c-9.2 9.4-24.4 9.4-33.8 0z\"><\/path><\/svg><\/span>\n\t\t\t\t\t\t\t\t\t\t\t\t\t\t<\/span>\n\t\t\t\t\t\t\t\t\t\t\t\t<a class=\"elementor-accordion-title\" tabindex=\"0\">Os seus baldes s\u00e3o seguros para alimentos?<\/a>\n\t\t\t\t\t<\/h2>\n\t\t\t\t\t<div id=\"elementor-tab-content-7153\" class=\"elementor-tab-content elementor-clearfix\" data-tab=\"3\" role=\"region\" aria-labelledby=\"elementor-tab-title-7153\"><p>Sim, fornecemos baldes de qualidade alimentar que cumprem as normas e regulamentos de seguran\u00e7a relevantes. Se precisar de baldes para armazenamento ou processamento de alimentos, certifique-se de que especifica este requisito para que possamos fornecer a certifica\u00e7\u00e3o e os materiais adequados<\/p><\/div>\n\t\t\t\t<\/div>\n\t\t\t\t\t\t\t\t<\/div>\n\t\t\t\t\t\t<\/div>\n\t\t\t\t<\/div>\n\t\t\t\t\t<\/div>\n\t\t<\/div>\n\t\t\t\t<div class=\"elementor-column elementor-col-50 elementor-inner-column elementor-element elementor-element-e2a54cc\" data-id=\"e2a54cc\" data-element_type=\"column\">\n\t\t\t<div class=\"elementor-widget-wrap elementor-element-populated\">\n\t\t\t\t\t\t<div class=\"elementor-element elementor-element-4968f91a elementor-widget elementor-widget-accordion\" data-id=\"4968f91a\" data-element_type=\"widget\" data-widget_type=\"accordion.default\">\n\t\t\t\t<div class=\"elementor-widget-container\">\n\t\t\t\t\t\t\t<div class=\"elementor-accordion\">\n\t\t\t\t\t\t\t<div class=\"elementor-accordion-item\">\n\t\t\t\t\t<h2 id=\"elementor-tab-title-1231\" class=\"elementor-tab-title\" data-tab=\"1\" role=\"button\" aria-controls=\"elementor-tab-content-1231\" aria-expanded=\"false\">\n\t\t\t\t\t\t\t\t\t\t\t\t\t<span class=\"elementor-accordion-icon elementor-accordion-icon-left\" aria-hidden=\"true\">\n\t\t\t\t\t\t\t\t\t\t\t\t\t\t\t<span class=\"elementor-accordion-icon-closed\"><svg class=\"e-font-icon-svg e-fas-angle-right\" viewbox=\"0 0 256 512\" xmlns=\"http:\/\/www.w3.org\/2000\/svg\"><path d=\"M224.3 273l-136 136c-9.4 9.4-24.6 9.4-33.9 0l-22.6-22.6c-9.4-9.4-9.4-24.6 0-33.9l96.4-96.4-96.4-96.4c-9.4-9.4-9.4-24.6 0-33.9L54.3 103c9.4-9.4 24.6-9.4 33.9 0l136 136c9.5 9.4 9.5 24.6.1 34z\"><\/path><\/svg><\/span>\n\t\t\t\t\t\t\t\t<span class=\"elementor-accordion-icon-opened\"><svg class=\"e-font-icon-svg e-fas-angle-down\" viewbox=\"0 0 320 512\" xmlns=\"http:\/\/www.w3.org\/2000\/svg\"><path d=\"M143 352.3L7 216.3c-9.4-9.4-9.4-24.6 0-33.9l22.6-22.6c9.4-9.4 24.6-9.4 33.9 0l96.4 96.4 96.4-96.4c9.4-9.4 24.6-9.4 33.9 0l22.6 22.6c9.4 9.4 9.4 24.6 0 33.9l-136 136c-9.2 9.4-24.4 9.4-33.8 0z\"><\/path><\/svg><\/span>\n\t\t\t\t\t\t\t\t\t\t\t\t\t\t<\/span>\n\t\t\t\t\t\t\t\t\t\t\t\t<a class=\"elementor-accordion-title\" tabindex=\"0\">Quais s\u00e3o as quantidades m\u00ednimas de encomenda para baldes personalizados?<\/a>\n\t\t\t\t\t<\/h2>\n\t\t\t\t\t<div id=\"elementor-tab-content-1231\" class=\"elementor-tab-content elementor-clearfix\" data-tab=\"1\" role=\"region\" aria-labelledby=\"elementor-tab-title-1231\"><p>As quantidades m\u00ednimas de encomenda variam consoante o tipo de personaliza\u00e7\u00e3o e o tamanho do balde. Geralmente, as encomendas maiores beneficiam de melhores pre\u00e7os. Contacte-nos para discutir as suas necessidades espec\u00edficas e receber um or\u00e7amento com base no tamanho da sua encomenda.<\/p><\/div>\n\t\t\t\t<\/div>\n\t\t\t\t\t\t\t<div class=\"elementor-accordion-item\">\n\t\t\t\t\t<h2 id=\"elementor-tab-title-1232\" class=\"elementor-tab-title\" data-tab=\"2\" role=\"button\" aria-controls=\"elementor-tab-content-1232\" aria-expanded=\"false\">\n\t\t\t\t\t\t\t\t\t\t\t\t\t<span class=\"elementor-accordion-icon elementor-accordion-icon-left\" aria-hidden=\"true\">\n\t\t\t\t\t\t\t\t\t\t\t\t\t\t\t<span class=\"elementor-accordion-icon-closed\"><svg class=\"e-font-icon-svg e-fas-angle-right\" viewbox=\"0 0 256 512\" xmlns=\"http:\/\/www.w3.org\/2000\/svg\"><path d=\"M224.3 273l-136 136c-9.4 9.4-24.6 9.4-33.9 0l-22.6-22.6c-9.4-9.4-9.4-24.6 0-33.9l96.4-96.4-96.4-96.4c-9.4-9.4-9.4-24.6 0-33.9L54.3 103c9.4-9.4 24.6-9.4 33.9 0l136 136c9.5 9.4 9.5 24.6.1 34z\"><\/path><\/svg><\/span>\n\t\t\t\t\t\t\t\t<span class=\"elementor-accordion-icon-opened\"><svg class=\"e-font-icon-svg e-fas-angle-down\" viewbox=\"0 0 320 512\" xmlns=\"http:\/\/www.w3.org\/2000\/svg\"><path d=\"M143 352.3L7 216.3c-9.4-9.4-9.4-24.6 0-33.9l22.6-22.6c9.4-9.4 24.6-9.4 33.9 0l96.4 96.4 96.4-96.4c9.4-9.4 24.6-9.4 33.9 0l22.6 22.6c9.4 9.4 9.4 24.6 0 33.9l-136 136c-9.2 9.4-24.4 9.4-33.8 0z\"><\/path><\/svg><\/span>\n\t\t\t\t\t\t\t\t\t\t\t\t\t\t<\/span>\n\t\t\t\t\t\t\t\t\t\t\t\t<a class=\"elementor-accordion-title\" tabindex=\"0\">Os vossos baldes s\u00e3o fornecidos com tampas e outros acess\u00f3rios?<\/a>\n\t\t\t\t\t<\/h2>\n\t\t\t\t\t<div id=\"elementor-tab-content-1232\" class=\"elementor-tab-content elementor-clearfix\" data-tab=\"2\" role=\"region\" aria-labelledby=\"elementor-tab-title-1232\"><p>Sim, oferecemos baldes com v\u00e1rias op\u00e7\u00f5es de acess\u00f3rios, incluindo tampas herm\u00e9ticas, tampas de encaixe e bicos. Por favor, especifique o tipo de acess\u00f3rios de que necessita quando efetuar a sua encomenda.<\/p><\/div>\n\t\t\t\t<\/div>\n\t\t\t\t\t\t\t<div class=\"elementor-accordion-item\">\n\t\t\t\t\t<h2 id=\"elementor-tab-title-1233\" class=\"elementor-tab-title\" data-tab=\"3\" role=\"button\" aria-controls=\"elementor-tab-content-1233\" aria-expanded=\"false\">\n\t\t\t\t\t\t\t\t\t\t\t\t\t<span class=\"elementor-accordion-icon elementor-accordion-icon-left\" aria-hidden=\"true\">\n\t\t\t\t\t\t\t\t\t\t\t\t\t\t\t<span class=\"elementor-accordion-icon-closed\"><svg class=\"e-font-icon-svg e-fas-angle-right\" viewbox=\"0 0 256 512\" xmlns=\"http:\/\/www.w3.org\/2000\/svg\"><path d=\"M224.3 273l-136 136c-9.4 9.4-24.6 9.4-33.9 0l-22.6-22.6c-9.4-9.4-9.4-24.6 0-33.9l96.4-96.4-96.4-96.4c-9.4-9.4-9.4-24.6 0-33.9L54.3 103c9.4-9.4 24.6-9.4 33.9 0l136 136c9.5 9.4 9.5 24.6.1 34z\"><\/path><\/svg><\/span>\n\t\t\t\t\t\t\t\t<span class=\"elementor-accordion-icon-opened\"><svg class=\"e-font-icon-svg e-fas-angle-down\" viewbox=\"0 0 320 512\" xmlns=\"http:\/\/www.w3.org\/2000\/svg\"><path d=\"M143 352.3L7 216.3c-9.4-9.4-9.4-24.6 0-33.9l22.6-22.6c9.4-9.4 24.6-9.4 33.9 0l96.4 96.4 96.4-96.4c9.4-9.4 24.6-9.4 33.9 0l22.6 22.6c9.4 9.4 9.4 24.6 0 33.9l-136 136c-9.2 9.4-24.4 9.4-33.8 0z\"><\/path><\/svg><\/span>\n\t\t\t\t\t\t\t\t\t\t\t\t\t\t<\/span>\n\t\t\t\t\t\t\t\t\t\t\t\t<a class=\"elementor-accordion-title\" tabindex=\"0\">Qual \u00e9 o prazo de entrega t\u00edpico das encomendas?<\/a>\n\t\t\t\t\t<\/h2>\n\t\t\t\t\t<div id=\"elementor-tab-content-1233\" class=\"elementor-tab-content elementor-clearfix\" data-tab=\"3\" role=\"region\" aria-labelledby=\"elementor-tab-title-1233\"><p>Os prazos de entrega dependem da complexidade da sua encomenda e dos calend\u00e1rios de produ\u00e7\u00e3o actuais. As encomendas padr\u00e3o s\u00e3o normalmente enviadas no prazo de 4 semanas, enquanto as encomendas personalizadas podem demorar mais tempo. Forneceremos uma data de entrega estimada quando efetuar a sua encomenda<\/p><\/div>\n\t\t\t\t<\/div>\n\t\t\t\t\t\t\t\t<\/div>\n\t\t\t\t\t\t<\/div>\n\t\t\t\t<\/div>\n\t\t\t\t\t<\/div>\n\t\t<\/div>\n\t\t\t\t\t<\/div>\n\t\t<\/section>\n\t\t\t\t\t<\/div>\n\t\t<\/div>\n\t\t\t\t\t<\/div>\n\t\t<\/section>\n\t\t\t\t<section class=\"elementor-section elementor-top-section elementor-element elementor-element-fa85247 elementor-section-boxed elementor-section-height-default elementor-section-height-default\" data-id=\"fa85247\" data-element_type=\"section\" data-settings=\"{&quot;_ha_eqh_enable&quot;:false}\">\n\t\t\t\t\t\t<div class=\"elementor-container elementor-column-gap-default\">\n\t\t\t\t\t<div class=\"elementor-column elementor-col-100 elementor-top-column elementor-element elementor-element-ab029c7\" data-id=\"ab029c7\" data-element_type=\"column\">\n\t\t\t<div class=\"elementor-widget-wrap elementor-element-populated\">\n\t\t\t\t\t\t<div class=\"elementor-element elementor-element-b0d10a0 elementor-widget elementor-widget-heading\" data-id=\"b0d10a0\" data-element_type=\"widget\" data-widget_type=\"heading.default\">\n\t\t\t\t<div class=\"elementor-widget-container\">\n\t\t\t\t\t<h2 class=\"elementor-heading-title elementor-size-default\">Produtos relacionados<\/h2>\t\t\t\t<\/div>\n\t\t\t\t<\/div>\n\t\t\t\t<div class=\"elementor-element elementor-element-89d50f2 elementor-widget elementor-widget-text-editor\" data-id=\"89d50f2\" data-element_type=\"widget\" data-widget_type=\"text-editor.default\">\n\t\t\t\t<div class=\"elementor-widget-container\">\n\t\t\t\t\t\t\t\t\t<p>Perguntas frequentes sobre o fabrico de caixas de madeira<\/p>\t\t\t\t\t\t\t\t<\/div>\n\t\t\t\t<\/div>\n\t\t\t\t\t<\/div>\n\t\t<\/div>\n\t\t\t\t\t<\/div>\n\t\t<\/section>\n\t\t<div class=\"elementor-element elementor-element-09c5fc7 e-flex e-con-boxed e-con e-parent\" data-id=\"09c5fc7\" data-element_type=\"container\" data-settings=\"{&quot;_ha_eqh_enable&quot;:false}\">\n\t\t\t\t\t<div class=\"e-con-inner\">\n\t\t\t\t<div class=\"elementor-element elementor-element-8baed4b elementor-grid-3 elementor-grid-tablet-2 elementor-grid-mobile-1 elementor-posts--thumbnail-top elementor-widget elementor-widget-posts\" data-id=\"8baed4b\" data-element_type=\"widget\" data-settings=\"{&quot;classic_columns&quot;:&quot;3&quot;,&quot;classic_columns_tablet&quot;:&quot;2&quot;,&quot;classic_columns_mobile&quot;:&quot;1&quot;,&quot;classic_row_gap&quot;:{&quot;unit&quot;:&quot;px&quot;,&quot;size&quot;:35,&quot;sizes&quot;:[]},&quot;classic_row_gap_tablet&quot;:{&quot;unit&quot;:&quot;px&quot;,&quot;size&quot;:&quot;&quot;,&quot;sizes&quot;:[]},&quot;classic_row_gap_mobile&quot;:{&quot;unit&quot;:&quot;px&quot;,&quot;size&quot;:&quot;&quot;,&quot;sizes&quot;:[]}}\" data-widget_type=\"posts.classic\">\n\t\t\t\t<div class=\"elementor-widget-container\">\n\t\t\t\t\t\t\t<div class=\"elementor-posts-container elementor-posts elementor-posts--skin-classic elementor-grid\" role=\"list\">\n\t\t\t\t<article class=\"elementor-post elementor-grid-item post-2967 post type-post status-publish format-standard has-post-thumbnail hentry category-packaging-buckets category-2l-round-plastic-buckets category-cleaning-buckets category-food-and-beverage-buckets category-health-care-buckets category-paint-and-coating-buckets category-pet-food-buckets category-round-plastic-buckets tag-2l-round-plastic-packaging-buckets tag-food-and-beverage-buckets tag-household-cleaning-buckets tag-paint-and-coating-buckets tag-pet-food-buckets tag-round-plastic-buckets\" role=\"listitem\">\n\t\t\t\t<a class=\"elementor-post__thumbnail__link\" href=\"https:\/\/packagingbucket.com\/pt\/wholesale-small-package-100-food-grade-pp-plastic-beverage-chocolate-spread-candy-buckets\/\" tabindex=\"-1\" >\n\t\t\t<div class=\"elementor-post__thumbnail\"><img loading=\"lazy\" decoding=\"async\" width=\"1000\" height=\"1000\" src=\"https:\/\/packagingbucket.com\/wp-content\/uploads\/2024\/12\/Plastic-buckets-for-food-16.jpg\" class=\"attachment-full size-full wp-image-2908\" alt=\"Baldes de pl\u00e1stico para alimentos\" srcset=\"https:\/\/packagingbucket.com\/wp-content\/uploads\/2024\/12\/Plastic-buckets-for-food-16.jpg 1000w, https:\/\/packagingbucket.com\/wp-content\/uploads\/2024\/12\/Plastic-buckets-for-food-16-768x768.jpg 768w, https:\/\/packagingbucket.com\/wp-content\/uploads\/2024\/12\/Plastic-buckets-for-food-16-12x12.jpg 12w\" sizes=\"(max-width: 1000px) 100vw, 1000px\" \/><\/div>\n\t\t<\/a>\n\t\t\t\t<div class=\"elementor-post__text\">\n\t\t\t\t<h3 class=\"elementor-post__title\">\n\t\t\t<a href=\"https:\/\/packagingbucket.com\/pt\/wholesale-small-package-100-food-grade-pp-plastic-beverage-chocolate-spread-candy-buckets\/\" >\n\t\t\t\tPacote pequeno por atacado 100% Bebida de pl\u00e1stico PP de grau aliment\u00edcio Baldes de doces para barrar chocolate\t\t\t<\/a>\n\t\t<\/h3>\n\t\t\n\t\t<a class=\"elementor-post__read-more\" href=\"https:\/\/packagingbucket.com\/pt\/wholesale-small-package-100-food-grade-pp-plastic-beverage-chocolate-spread-candy-buckets\/\" aria-label=\"Read more about Wholesale Small Package 100% Food Grade PP Plastic Beverage Chocolate Spread Candy Buckets\" tabindex=\"-1\" >\n\t\t\tLer mais \"\t\t<\/a>\n\n\t\t\t\t<\/div>\n\t\t\t\t<\/article>\n\t\t\t\t<article class=\"elementor-post elementor-grid-item post-2329 post type-post status-publish format-standard has-post-thumbnail hentry category-food-and-beverage-buckets category-packaging-buckets category-square-plastic-buckets tag-butter-plastic-buckets tag-food-and-beverage-buckets tag-square-platic-buckets\" role=\"listitem\">\n\t\t\t\t<a class=\"elementor-post__thumbnail__link\" href=\"https:\/\/packagingbucket.com\/pt\/premium-food-grade-custom-color-butter-plastic-packaging-buckets-wholesale-containers\/\" tabindex=\"-1\" >\n\t\t\t<div class=\"elementor-post__thumbnail\"><img loading=\"lazy\" decoding=\"async\" width=\"800\" height=\"800\" src=\"https:\/\/packagingbucket.com\/wp-content\/uploads\/2024\/11\/Butter-Plastic-Packaging-Box-4.jpg\" class=\"attachment-full size-full wp-image-2339\" alt=\"\" srcset=\"https:\/\/packagingbucket.com\/wp-content\/uploads\/2024\/11\/Butter-Plastic-Packaging-Box-4.jpg 800w, https:\/\/packagingbucket.com\/wp-content\/uploads\/2024\/11\/Butter-Plastic-Packaging-Box-4-768x768.jpg 768w, https:\/\/packagingbucket.com\/wp-content\/uploads\/2024\/11\/Butter-Plastic-Packaging-Box-4-12x12.jpg 12w\" sizes=\"(max-width: 800px) 100vw, 800px\" \/><\/div>\n\t\t<\/a>\n\t\t\t\t<div class=\"elementor-post__text\">\n\t\t\t\t<h3 class=\"elementor-post__title\">\n\t\t\t<a href=\"https:\/\/packagingbucket.com\/pt\/premium-food-grade-custom-color-butter-plastic-packaging-buckets-wholesale-containers\/\" >\n\t\t\t\tBaldes de pl\u00e1stico para embalagem de manteiga de cor personalizada de grau aliment\u00edcio premium | Recipientes por atacado\t\t\t<\/a>\n\t\t<\/h3>\n\t\t\n\t\t<a class=\"elementor-post__read-more\" href=\"https:\/\/packagingbucket.com\/pt\/premium-food-grade-custom-color-butter-plastic-packaging-buckets-wholesale-containers\/\" aria-label=\"Read more about Premium Food Grade Custom Color Butter Plastic Packaging Buckets | Wholesale Containers\" tabindex=\"-1\" >\n\t\t\tLer mais \"\t\t<\/a>\n\n\t\t\t\t<\/div>\n\t\t\t\t<\/article>\n\t\t\t\t<article class=\"elementor-post elementor-grid-item post-1382 post type-post status-publish format-standard has-post-thumbnail hentry category-packaging-buckets category-3l-round-plastic-buckets category-cleaning-buckets category-food-and-beverage-buckets category-health-care-buckets category-paint-and-coating-buckets category-pet-food-buckets category-round-plastic-buckets tag-3l-round-plastic-packaging-buckets tag-food-and-beverage-buckets tag-household-cleaning-buckets tag-paint-and-coating-buckets tag-pet-food-buckets tag-round-plastic-buckets\" role=\"listitem\">\n\t\t\t\t<a class=\"elementor-post__thumbnail__link\" href=\"https:\/\/packagingbucket.com\/pt\/3l-round-paint-food-plastic-buckets\/\" tabindex=\"-1\" >\n\t\t\t<div class=\"elementor-post__thumbnail\"><img loading=\"lazy\" decoding=\"async\" width=\"750\" height=\"750\" src=\"https:\/\/packagingbucket.com\/wp-content\/uploads\/2024\/08\/Manufacturers-wholesale-3-liters-round-plastic-pail-3-liters-paint-food-plastic-bucket-1.jpg\" class=\"attachment-full size-full wp-image-1384\" alt=\"Fabricantes por atacado Balde de pl\u00e1stico redondo de 3 litros Balde de pl\u00e1stico para pintura de alimentos de 3 litros-1\" srcset=\"https:\/\/packagingbucket.com\/wp-content\/uploads\/2024\/08\/Manufacturers-wholesale-3-liters-round-plastic-pail-3-liters-paint-food-plastic-bucket-1.jpg 750w, https:\/\/packagingbucket.com\/wp-content\/uploads\/2024\/08\/Manufacturers-wholesale-3-liters-round-plastic-pail-3-liters-paint-food-plastic-bucket-1-12x12.jpg 12w\" sizes=\"(max-width: 750px) 100vw, 750px\" \/><\/div>\n\t\t<\/a>\n\t\t\t\t<div class=\"elementor-post__text\">\n\t\t\t\t<h3 class=\"elementor-post__title\">\n\t\t\t<a href=\"https:\/\/packagingbucket.com\/pt\/3l-round-paint-food-plastic-buckets\/\" >\n\t\t\t\tBalde de pl\u00e1stico redondo de 3 litros de venda quente Fabricantes baldes de pl\u00e1stico de 3 litros para pintura de alimentos\t\t\t<\/a>\n\t\t<\/h3>\n\t\t\n\t\t<a class=\"elementor-post__read-more\" href=\"https:\/\/packagingbucket.com\/pt\/3l-round-paint-food-plastic-buckets\/\" aria-label=\"Read more about Hot Sale  Manufacturers wholesale 3 liters round plastic pail 3 liters paint food plastic buckets\" tabindex=\"-1\" >\n\t\t\tLer mais \"\t\t<\/a>\n\n\t\t\t\t<\/div>\n\t\t\t\t<\/article>\n\t\t\t\t<\/div>\n\t\t\n\t\t\t\t\t\t<\/div>\n\t\t\t\t<\/div>\n\t\t\t\t\t<\/div>\n\t\t\t\t<\/div>\n\t\t\t\t<\/div>","protected":false},"excerpt":{"rendered":"<p>In\u00edcio Anterior Pr\u00f3ximo 1. Barris de vinho de pl\u00e1stico de qualidade alimentar 2L de qualidade superior Quando se trata de armazenar e preservar o vinho,<\/p>","protected":false},"author":2,"featured_media":1816,"comment_status":"open","ping_status":"open","sticky":false,"template":"elementor_header_footer","format":"standard","meta":{"site-sidebar-layout":"default","site-content-layout":"","ast-site-content-layout":"default","site-content-style":"default","site-sidebar-style":"default","ast-global-header-display":"","ast-banner-title-visibility":"","ast-main-header-display":"","ast-hfb-above-header-display":"","ast-hfb-below-header-display":"","ast-hfb-mobile-header-display":"","site-post-title":"","ast-breadcrumbs-content":"","ast-featured-img":"","footer-sml-layout":"","ast-disable-related-posts":"","theme-transparent-header-meta":"","adv-header-id-meta":"","stick-header-meta":"","header-above-stick-meta":"","header-main-stick-meta":"","header-below-stick-meta":"","astra-migrate-meta-layouts":"default","ast-page-background-enabled":"default","ast-page-background-meta":{"desktop":{"background-color":"var(--ast-global-color-4)","background-image":"","background-repeat":"repeat","background-position":"center center","background-size":"auto","background-attachment":"scroll","background-type":"","background-media":"","overlay-type":"","overlay-color":"","overlay-opacity":"","overlay-gradient":""},"tablet":{"background-color":"","background-image":"","background-repeat":"repeat","background-position":"center center","background-size":"auto","background-attachment":"scroll","background-type":"","background-media":"","overlay-type":"","overlay-color":"","overlay-opacity":"","overlay-gradient":""},"mobile":{"background-color":"","background-image":"","background-repeat":"repeat","background-position":"center center","background-size":"auto","background-attachment":"scroll","background-type":"","background-media":"","overlay-type":"","overlay-color":"","overlay-opacity":"","overlay-gradient":""}},"ast-content-background-meta":{"desktop":{"background-color":"var(--ast-global-color-5)","background-image":"","background-repeat":"repeat","background-position":"center center","background-size":"auto","background-attachment":"scroll","background-type":"","background-media":"","overlay-type":"","overlay-color":"","overlay-opacity":"","overlay-gradient":""},"tablet":{"background-color":"var(--ast-global-color-5)","background-image":"","background-repeat":"repeat","background-position":"center center","background-size":"auto","background-attachment":"scroll","background-type":"","background-media":"","overlay-type":"","overlay-color":"","overlay-opacity":"","overlay-gradient":""},"mobile":{"background-color":"var(--ast-global-color-5)","background-image":"","background-repeat":"repeat","background-position":"center center","background-size":"auto","background-attachment":"scroll","background-type":"","background-media":"","overlay-type":"","overlay-color":"","overlay-opacity":"","overlay-gradient":""}},"footnotes":""},"categories":[6,42,4,8,31,3,30,5],"tags":[55,23,16,25,18,20],"class_list":["post-1815","post","type-post","status-publish","format-standard","has-post-thumbnail","hentry","category-square-plastic-buckets","category-2l-square-plastic-buckets","category-cleaning-buckets","category-food-and-beverage-buckets","category-health-care-buckets","category-packaging-buckets","category-paint-and-coating-buckets","category-pet-food-buckets","tag-2l-square-plastic-packaging-buckets","tag-food-and-beverage-buckets","tag-household-cleaning-buckets","tag-paint-and-coating-buckets","tag-pet-food-buckets","tag-square-platic-buckets"],"_links":{"self":[{"href":"https:\/\/packagingbucket.com\/pt\/wp-json\/wp\/v2\/posts\/1815","targetHints":{"allow":["GET"]}}],"collection":[{"href":"https:\/\/packagingbucket.com\/pt\/wp-json\/wp\/v2\/posts"}],"about":[{"href":"https:\/\/packagingbucket.com\/pt\/wp-json\/wp\/v2\/types\/post"}],"author":[{"embeddable":true,"href":"https:\/\/packagingbucket.com\/pt\/wp-json\/wp\/v2\/users\/2"}],"replies":[{"embeddable":true,"href":"https:\/\/packagingbucket.com\/pt\/wp-json\/wp\/v2\/comments?post=1815"}],"version-history":[{"count":0,"href":"https:\/\/packagingbucket.com\/pt\/wp-json\/wp\/v2\/posts\/1815\/revisions"}],"wp:featuredmedia":[{"embeddable":true,"href":"https:\/\/packagingbucket.com\/pt\/wp-json\/wp\/v2\/media\/1816"}],"wp:attachment":[{"href":"https:\/\/packagingbucket.com\/pt\/wp-json\/wp\/v2\/media?parent=1815"}],"wp:term":[{"taxonomy":"category","embeddable":true,"href":"https:\/\/packagingbucket.com\/pt\/wp-json\/wp\/v2\/categories?post=1815"},{"taxonomy":"post_tag","embeddable":true,"href":"https:\/\/packagingbucket.com\/pt\/wp-json\/wp\/v2\/tags?post=1815"}],"curies":[{"name":"wp","href":"https:\/\/api.w.org\/{rel}","templated":true}]}}